{"id":80599,"date":"2023-09-14T23:17:28","date_gmt":"2023-09-14T23:17:28","guid":{"rendered":"https:\/\/jorgezanoni.com.br\/2019\/?p=80599"},"modified":"2023-09-14T23:17:28","modified_gmt":"2023-09-14T23:17:28","slug":"pensamentos-suicidas-suas-causas-sinais-de-alerta-e-como-ajudar-alguem-que-possa-estar-enfrentando-esse-desafio-por-cidinha-pascoaloto","status":"publish","type":"post","link":"https:\/\/jorgezanoni.com.br\/2019\/pensamentos-suicidas-suas-causas-sinais-de-alerta-e-como-ajudar-alguem-que-possa-estar-enfrentando-esse-desafio-por-cidinha-pascoaloto\/","title":{"rendered":"Pensamentos suicidas, suas causas, sinais de alerta e como ajudar algu\u00e9m que possa estar enfrentando esse desafio.  (por Cidinha Pascoaloto)"},"content":{"rendered":"<p style=\"text-align: justify;\">Os pensamentos suicidas podem afetar qualquer pessoa, independentemente de idade, g\u00eanero, ra\u00e7a ou classe social.\u00a0 \u00c9 importante que n\u00f3s como sociedade, estejamos dispostos a entender, apoiar e auxiliar aqueles que est\u00e3o passando por essas experi\u00eancias angustiantes.<\/p>\n<p style=\"text-align: justify;\">Pensamentos suicidas referem-se \u00e0 presen\u00e7a persistente de ideias, planos ou desejos de causar dano a si mesmo ou de tirar a pr\u00f3pria vida.<\/p>\n<p style=\"text-align: justify;\">\u00a0\u00c9 importante entender que ter pensamentos suicidas n\u00e3o significa necessariamente que algu\u00e9m est\u00e1 determinado a cometer suic\u00eddio, mas s\u00e3o um sinal de que essa pessoa est\u00e1 enfrentando um sofrimento emocional e uma dor intensa. Os pensamentos suicidas podem ter uma s\u00e9rie de causas.<\/p>\n<p style=\"text-align: justify;\">Alguns dos principais fatores cont\u00eam problemas de sa\u00fade mental como depress\u00e3o, transtorno bipolar, transtorno de ansiedade, entre outros. As experiencias traum\u00e1ticas como abuso, perda de entes queridos, div\u00f3rcio ou problemas financeiros, falta de suporte social, abuso de subst\u00e2ncias tamb\u00e9m podem desencadear pensamentos suicidas.<\/p>\n<p style=\"text-align: justify;\">\u00a0As predisposi\u00e7\u00f5es gen\u00e9ticas e biol\u00f3gicas e desiquil\u00edbrios qu\u00edmicos como a serotonina, dopamina e norepinefrina, subst\u00e2ncias que realizam conex\u00f5es entre os neur\u00f4nios, tamb\u00e9m ajudam a aumentar o risco de pensamentos suicidas.<\/p>\n<p style=\"text-align: justify;\">\u00a0Vamos falar sobre alguns sinais de alerta que os pacientes revelam. Esses sinais podem ser vontade de morrer, desejo de se machucar ou de se isolar, mudan\u00e7as no estado do humor, doar pertences pessoais dizer que a vida n\u00e3o tem mais sentido. O que fazer? Ou\u00e7a sem julgamentos, esteja presente, seja emp\u00e1tico e encoraje a procurar um profissional da sa\u00fade mental a terapia e a medica\u00e7\u00e3o podem ser cruciais no tratamento do transtorno.<\/p>\n<p style=\"text-align: justify;\">Mantenha contato regular com a pessoa, demonstrando preocupa\u00e7\u00e3o pelo seu bem-estar.<\/p>\n<p style=\"text-align: justify;\">\u00a0Se voc\u00ea acredita que a pessoa est\u00e1 correndo risco de vida entre em contato com um profissional de sa\u00fade mental ou um servi\u00e7o de preven\u00e7\u00e3o ao suic\u00eddio.<\/p>\n<p style=\"text-align: justify;\">Pensamentos suicidas s\u00e3o uma situa\u00e7\u00e3o de extrema vulnerabilidade emocional, e \u00e9 essencial abord\u00e1-los com compaix\u00e3o.<\/p>\n<p style=\"text-align: justify;\"><img loading=\"lazy\" decoding=\"async\" class=\"alignnone size-full wp-image-80600\" src=\"https:\/\/jorgezanoni.com.br\/2019\/wp-content\/uploads\/2023\/09\/Cidinha-Pascoaloto-2.jpg\" alt=\"\" width=\"500\" height=\"755\" srcset=\"https:\/\/jorgezanoni.com.br\/2019\/wp-content\/uploads\/2023\/09\/Cidinha-Pascoaloto-2.jpg 500w, https:\/\/jorgezanoni.com.br\/2019\/wp-content\/uploads\/2023\/09\/Cidinha-Pascoaloto-2-199x300.jpg 199w, https:\/\/jorgezanoni.com.br\/2019\/wp-content\/uploads\/2023\/09\/Cidinha-Pascoaloto-2-278x420.jpg 278w\" sizes=\"auto, (max-width: 500px) 100vw, 500px\" \/>Cidinha Pascoaloto-Psic\u00f3loga-CRP 06\/158174. Presencial e online, contato: (18) 99725-6418<\/p>\n<p>&nbsp;<\/p>\n","protected":false},"excerpt":{"rendered":"<p>Os pensamentos suicidas podem afetar qualquer pessoa, independentemente de idade, g\u00eanero, ra\u00e7a ou classe social.\u00a0 \u00c9 importante que n\u00f3s como sociedade, estejamos dispostos a entender, apoiar e auxiliar aqueles que est\u00e3o passando por essas experi\u00eancias angustiantes. Pensamentos suicidas referem-se \u00e0 presen\u00e7a persistente de ideias, planos ou desejos de causar dano a si mesmo ou de [&hellip;]<\/p>\n","protected":false},"author":1,"featured_media":80601,"comment_status":"closed","ping_status":"open","sticky":false,"template":"","format":"standard","meta":{"footnotes":""},"categories":[175],"tags":[],"class_list":["post-80599","post","type-post","status-publish","format-standard","has-post-thumbnail","hentry","category-artigos"],"_links":{"self":[{"href":"https:\/\/jorgezanoni.com.br\/2019\/wp-json\/wp\/v2\/posts\/80599","targetHints":{"allow":["GET"]}}],"collection":[{"href":"https:\/\/jorgezanoni.com.br\/2019\/wp-json\/wp\/v2\/posts"}],"about":[{"href":"https:\/\/jorgezanoni.com.br\/2019\/wp-json\/wp\/v2\/types\/post"}],"author":[{"embeddable":true,"href":"https:\/\/jorgezanoni.com.br\/2019\/wp-json\/wp\/v2\/users\/1"}],"replies":[{"embeddable":true,"href":"https:\/\/jorgezanoni.com.br\/2019\/wp-json\/wp\/v2\/comments?post=80599"}],"version-history":[{"count":1,"href":"https:\/\/jorgezanoni.com.br\/2019\/wp-json\/wp\/v2\/posts\/80599\/revisions"}],"predecessor-version":[{"id":80602,"href":"https:\/\/jorgezanoni.com.br\/2019\/wp-json\/wp\/v2\/posts\/80599\/revisions\/80602"}],"wp:featuredmedia":[{"embeddable":true,"href":"https:\/\/jorgezanoni.com.br\/2019\/wp-json\/wp\/v2\/media\/80601"}],"wp:attachment":[{"href":"https:\/\/jorgezanoni.com.br\/2019\/wp-json\/wp\/v2\/media?parent=80599"}],"wp:term":[{"taxonomy":"category","embeddable":true,"href":"https:\/\/jorgezanoni.com.br\/2019\/wp-json\/wp\/v2\/categories?post=80599"},{"taxonomy":"post_tag","embeddable":true,"href":"https:\/\/jorgezanoni.com.br\/2019\/wp-json\/wp\/v2\/tags?post=80599"}],"curies":[{"name":"wp","href":"https:\/\/api.w.org\/{rel}","templated":true}]}}