{"id":80586,"date":"2023-09-14T18:15:21","date_gmt":"2023-09-14T18:15:21","guid":{"rendered":"https:\/\/jorgezanoni.com.br\/2019\/?p=80586"},"modified":"2023-09-14T18:23:07","modified_gmt":"2023-09-14T18:23:07","slug":"candidatos-a-vagas-para-o-conselho-tutelar-participam-de-entrevistas-na-top-tv","status":"publish","type":"post","link":"https:\/\/jorgezanoni.com.br\/2019\/candidatos-a-vagas-para-o-conselho-tutelar-participam-de-entrevistas-na-top-tv\/","title":{"rendered":"Candidatos a vagas para o Conselho Tutelar participam de entrevistas na TOP TV"},"content":{"rendered":"<p style=\"text-align: justify;\"><strong>Na quarta-feira (6), no programa TOP NEWS AGORA da TOP TV em Dracena, foram feitas entrevistas com as pessoas que concorrem a uma vaga para o Conselho Tutelar em Dracena.<\/strong><\/p>\n<p style=\"text-align: justify;\">Cada um dos entrevistados teve 5 minutos para responder perguntas feitas pelo jornalista e diretor da TOP TV, Jorge Zanoni e tamb\u00e9m pedir seu voto.<\/p>\n<p style=\"text-align: justify;\">Ser\u00e3o 9 Urnas e a elei\u00e7\u00e3o ocorre no dia 1\u00ba de outubro (domingo), das 08 \u00e0s 17 H., na Escola Jo\u00e3o Vendramini, podendo votar qualquer eleitor que more em Dracena. \u00c9 obrigat\u00f3rio a apresenta\u00e7\u00e3o de documento com foto.<\/p>\n<p style=\"text-align: justify;\">Antigamente os candidatos eram indicados por entidades e clubes de servi\u00e7o. A elei\u00e7\u00e3o ocorre em todo o Brasil. \u00c9 realizada de 4 em 4 anos e vence os 5 candidatos mais votados, sendo que do sexto ao d\u00e9cimo ficam como suplentes. N\u00e3o \u00faltima elei\u00e7\u00e3o compareceram aproximadamente 1.200 pessoas.<\/p>\n<p style=\"text-align: justify;\">Ap\u00f3s testes escritos e psicol\u00f3gicos, foram selecionados 21 candidatos que est\u00e3o aptos a concorrerem, destes, 2 desistiram.<\/p>\n<p style=\"text-align: justify;\">A TOP TV abriu espa\u00e7o para os 19 concorrentes, dos quais apenas 9 compareceram conforme mostramos abaixo com o nome e n\u00famero.<\/p>\n<p><img loading=\"lazy\" decoding=\"async\" class=\"alignnone size-full wp-image-80587\" src=\"https:\/\/jorgezanoni.com.br\/2019\/wp-content\/uploads\/2023\/09\/C-T-1-Pequeno.jpg\" alt=\"\" width=\"480\" height=\"491\" srcset=\"https:\/\/jorgezanoni.com.br\/2019\/wp-content\/uploads\/2023\/09\/C-T-1-Pequeno.jpg 480w, https:\/\/jorgezanoni.com.br\/2019\/wp-content\/uploads\/2023\/09\/C-T-1-Pequeno-293x300.jpg 293w, https:\/\/jorgezanoni.com.br\/2019\/wp-content\/uploads\/2023\/09\/C-T-1-Pequeno-356x364.jpg 356w, https:\/\/jorgezanoni.com.br\/2019\/wp-content\/uploads\/2023\/09\/C-T-1-Pequeno-411x420.jpg 411w\" sizes=\"auto, (max-width: 480px) 100vw, 480px\" \/>Lucia Karino (24)<\/p>\n<p><img loading=\"lazy\" decoding=\"async\" class=\"alignnone size-full wp-image-80588\" src=\"https:\/\/jorgezanoni.com.br\/2019\/wp-content\/uploads\/2023\/09\/CT1-1-Pequeno.jpg\" alt=\"\" width=\"480\" height=\"480\" srcset=\"https:\/\/jorgezanoni.com.br\/2019\/wp-content\/uploads\/2023\/09\/CT1-1-Pequeno.jpg 480w, https:\/\/jorgezanoni.com.br\/2019\/wp-content\/uploads\/2023\/09\/CT1-1-Pequeno-300x300.jpg 300w, https:\/\/jorgezanoni.com.br\/2019\/wp-content\/uploads\/2023\/09\/CT1-1-Pequeno-150x150.jpg 150w, https:\/\/jorgezanoni.com.br\/2019\/wp-content\/uploads\/2023\/09\/CT1-1-Pequeno-420x420.jpg 420w\" sizes=\"auto, (max-width: 480px) 100vw, 480px\" \/>Zilda Perrout (32)<\/p>\n<p><img loading=\"lazy\" decoding=\"async\" class=\"alignnone size-full wp-image-80589\" src=\"https:\/\/jorgezanoni.com.br\/2019\/wp-content\/uploads\/2023\/09\/CT2-1-Pequeno.jpg\" alt=\"\" width=\"506\" height=\"480\" srcset=\"https:\/\/jorgezanoni.com.br\/2019\/wp-content\/uploads\/2023\/09\/CT2-1-Pequeno.jpg 506w, https:\/\/jorgezanoni.com.br\/2019\/wp-content\/uploads\/2023\/09\/CT2-1-Pequeno-300x285.jpg 300w, https:\/\/jorgezanoni.com.br\/2019\/wp-content\/uploads\/2023\/09\/CT2-1-Pequeno-443x420.jpg 443w\" sizes=\"auto, (max-width: 506px) 100vw, 506px\" \/>Clauci Carlos (15)<\/p>\n<p><img loading=\"lazy\" decoding=\"async\" class=\"alignnone size-full wp-image-80590\" src=\"https:\/\/jorgezanoni.com.br\/2019\/wp-content\/uploads\/2023\/09\/CT3-1-Pequeno.jpg\" alt=\"\" width=\"576\" height=\"480\" srcset=\"https:\/\/jorgezanoni.com.br\/2019\/wp-content\/uploads\/2023\/09\/CT3-1-Pequeno.jpg 576w, https:\/\/jorgezanoni.com.br\/2019\/wp-content\/uploads\/2023\/09\/CT3-1-Pequeno-300x250.jpg 300w, https:\/\/jorgezanoni.com.br\/2019\/wp-content\/uploads\/2023\/09\/CT3-1-Pequeno-504x420.jpg 504w\" sizes=\"auto, (max-width: 576px) 100vw, 576px\" \/>Meliza Santos (27)<\/p>\n<p><img loading=\"lazy\" decoding=\"async\" class=\"alignnone size-full wp-image-80591\" src=\"https:\/\/jorgezanoni.com.br\/2019\/wp-content\/uploads\/2023\/09\/CT4-1-Pequeno.jpg\" alt=\"\" width=\"526\" height=\"480\" srcset=\"https:\/\/jorgezanoni.com.br\/2019\/wp-content\/uploads\/2023\/09\/CT4-1-Pequeno.jpg 526w, https:\/\/jorgezanoni.com.br\/2019\/wp-content\/uploads\/2023\/09\/CT4-1-Pequeno-300x274.jpg 300w, https:\/\/jorgezanoni.com.br\/2019\/wp-content\/uploads\/2023\/09\/CT4-1-Pequeno-460x420.jpg 460w\" sizes=\"auto, (max-width: 526px) 100vw, 526px\" \/>Tha\u00eds Fernandes (31)<\/p>\n<p><img loading=\"lazy\" decoding=\"async\" class=\"alignnone size-full wp-image-80592\" src=\"https:\/\/jorgezanoni.com.br\/2019\/wp-content\/uploads\/2023\/09\/CT5-1-Pequeno.jpg\" alt=\"\" width=\"523\" height=\"480\" srcset=\"https:\/\/jorgezanoni.com.br\/2019\/wp-content\/uploads\/2023\/09\/CT5-1-Pequeno.jpg 523w, https:\/\/jorgezanoni.com.br\/2019\/wp-content\/uploads\/2023\/09\/CT5-1-Pequeno-300x275.jpg 300w, https:\/\/jorgezanoni.com.br\/2019\/wp-content\/uploads\/2023\/09\/CT5-1-Pequeno-458x420.jpg 458w\" sizes=\"auto, (max-width: 523px) 100vw, 523px\" \/>Joice Souza (20)<\/p>\n<p><img loading=\"lazy\" decoding=\"async\" class=\"alignnone size-full wp-image-80593\" src=\"https:\/\/jorgezanoni.com.br\/2019\/wp-content\/uploads\/2023\/09\/CT6-1-Pequeno.jpg\" alt=\"\" width=\"488\" height=\"480\" srcset=\"https:\/\/jorgezanoni.com.br\/2019\/wp-content\/uploads\/2023\/09\/CT6-1-Pequeno.jpg 488w, https:\/\/jorgezanoni.com.br\/2019\/wp-content\/uploads\/2023\/09\/CT6-1-Pequeno-300x295.jpg 300w, https:\/\/jorgezanoni.com.br\/2019\/wp-content\/uploads\/2023\/09\/CT6-1-Pequeno-427x420.jpg 427w\" sizes=\"auto, (max-width: 488px) 100vw, 488px\" \/>Michele Oliveira (28)<\/p>\n<p><img loading=\"lazy\" decoding=\"async\" class=\"alignnone size-full wp-image-80594\" src=\"https:\/\/jorgezanoni.com.br\/2019\/wp-content\/uploads\/2023\/09\/CT7-1-Pequeno.jpg\" alt=\"\" width=\"531\" height=\"480\" srcset=\"https:\/\/jorgezanoni.com.br\/2019\/wp-content\/uploads\/2023\/09\/CT7-1-Pequeno.jpg 531w, https:\/\/jorgezanoni.com.br\/2019\/wp-content\/uploads\/2023\/09\/CT7-1-Pequeno-300x271.jpg 300w, https:\/\/jorgezanoni.com.br\/2019\/wp-content\/uploads\/2023\/09\/CT7-1-Pequeno-465x420.jpg 465w\" sizes=\"auto, (max-width: 531px) 100vw, 531px\" \/>Carlos Coutinho (14)<\/p>\n<p><img loading=\"lazy\" decoding=\"async\" class=\"alignnone size-full wp-image-80595\" src=\"https:\/\/jorgezanoni.com.br\/2019\/wp-content\/uploads\/2023\/09\/CT8-1-Pequeno.jpg\" alt=\"\" width=\"489\" height=\"480\" srcset=\"https:\/\/jorgezanoni.com.br\/2019\/wp-content\/uploads\/2023\/09\/CT8-1-Pequeno.jpg 489w, https:\/\/jorgezanoni.com.br\/2019\/wp-content\/uploads\/2023\/09\/CT8-1-Pequeno-300x294.jpg 300w, https:\/\/jorgezanoni.com.br\/2019\/wp-content\/uploads\/2023\/09\/CT8-1-Pequeno-428x420.jpg 428w\" sizes=\"auto, (max-width: 489px) 100vw, 489px\" \/>Edna Pantaroto (19)<\/p>\n<p>&nbsp;<\/p>\n<p>&nbsp;<\/p>\n","protected":false},"excerpt":{"rendered":"<p>Na quarta-feira (6), no programa TOP NEWS AGORA da TOP TV em Dracena, foram feitas entrevistas com as pessoas que concorrem a uma vaga para o Conselho Tutelar em Dracena. Cada um dos entrevistados teve 5 minutos para responder perguntas feitas pelo jornalista e diretor da TOP TV, Jorge Zanoni e tamb\u00e9m pedir seu voto. [&hellip;]<\/p>\n","protected":false},"author":1,"featured_media":80596,"comment_status":"closed","ping_status":"open","sticky":false,"template":"","format":"standard","meta":{"footnotes":""},"categories":[179,184,110],"tags":[],"class_list":["post-80586","post","type-post","status-publish","format-standard","has-post-thumbnail","hentry","category-cidadeseregiao","category-dracena","category-noticiasdestaque"],"_links":{"self":[{"href":"https:\/\/jorgezanoni.com.br\/2019\/wp-json\/wp\/v2\/posts\/80586","targetHints":{"allow":["GET"]}}],"collection":[{"href":"https:\/\/jorgezanoni.com.br\/2019\/wp-json\/wp\/v2\/posts"}],"about":[{"href":"https:\/\/jorgezanoni.com.br\/2019\/wp-json\/wp\/v2\/types\/post"}],"author":[{"embeddable":true,"href":"https:\/\/jorgezanoni.com.br\/2019\/wp-json\/wp\/v2\/users\/1"}],"replies":[{"embeddable":true,"href":"https:\/\/jorgezanoni.com.br\/2019\/wp-json\/wp\/v2\/comments?post=80586"}],"version-history":[{"count":2,"href":"https:\/\/jorgezanoni.com.br\/2019\/wp-json\/wp\/v2\/posts\/80586\/revisions"}],"predecessor-version":[{"id":80598,"href":"https:\/\/jorgezanoni.com.br\/2019\/wp-json\/wp\/v2\/posts\/80586\/revisions\/80598"}],"wp:featuredmedia":[{"embeddable":true,"href":"https:\/\/jorgezanoni.com.br\/2019\/wp-json\/wp\/v2\/media\/80596"}],"wp:attachment":[{"href":"https:\/\/jorgezanoni.com.br\/2019\/wp-json\/wp\/v2\/media?parent=80586"}],"wp:term":[{"taxonomy":"category","embeddable":true,"href":"https:\/\/jorgezanoni.com.br\/2019\/wp-json\/wp\/v2\/categories?post=80586"},{"taxonomy":"post_tag","embeddable":true,"href":"https:\/\/jorgezanoni.com.br\/2019\/wp-json\/wp\/v2\/tags?post=80586"}],"curies":[{"name":"wp","href":"https:\/\/api.w.org\/{rel}","templated":true}]}}