{"id":80540,"date":"2023-09-14T11:45:37","date_gmt":"2023-09-14T11:45:37","guid":{"rendered":"https:\/\/jorgezanoni.com.br\/2019\/?p=80540"},"modified":"2023-09-14T11:46:52","modified_gmt":"2023-09-14T11:46:52","slug":"vendaval-causa-estragos-em-dracena","status":"publish","type":"post","link":"https:\/\/jorgezanoni.com.br\/2019\/vendaval-causa-estragos-em-dracena\/","title":{"rendered":"Vendaval causa estragos em Dracena"},"content":{"rendered":"<p style=\"text-align: justify;\"><strong>Vendaval teve inicio por volta de 16:40 Horas, com ventos fortes, muita poeira e pouca chuva.<\/strong><\/p>\n<p style=\"text-align: justify;\">Na tarde de ontem a popula\u00e7\u00e3o de Dracena, assim como de outras cidades da regi\u00e3o viveu momentos de tens\u00e3o.<\/p>\n<p style=\"text-align: justify;\">Fortes ventos acompanhado de muita poeira e pouca chuva deixaram alguns locais da cidade com resid\u00eancias descobertas e falta de energia.<\/p>\n<p style=\"text-align: justify;\">Na estrada 2, zora rural do munic\u00edpio, pr\u00f3ximo a vicinal que liga a cidade ao Bairro O\u00e1sis, uma resid\u00eancia foi praticamente toda destruida.<\/p>\n<p style=\"text-align: justify;\">Outros pontos da cidade foram registrados problemas. A reportagem do SISTE JZ e TOP TV est\u00e1 apurando.<\/p>\n<p><img loading=\"lazy\" decoding=\"async\" class=\"alignnone size-full wp-image-80546\" src=\"https:\/\/jorgezanoni.com.br\/2019\/wp-content\/uploads\/2023\/09\/z-casa-Pequeno.jpg\" alt=\"\" width=\"853\" height=\"480\" srcset=\"https:\/\/jorgezanoni.com.br\/2019\/wp-content\/uploads\/2023\/09\/z-casa-Pequeno.jpg 853w, https:\/\/jorgezanoni.com.br\/2019\/wp-content\/uploads\/2023\/09\/z-casa-Pequeno-300x169.jpg 300w, https:\/\/jorgezanoni.com.br\/2019\/wp-content\/uploads\/2023\/09\/z-casa-Pequeno-768x432.jpg 768w, https:\/\/jorgezanoni.com.br\/2019\/wp-content\/uploads\/2023\/09\/z-casa-Pequeno-696x392.jpg 696w, https:\/\/jorgezanoni.com.br\/2019\/wp-content\/uploads\/2023\/09\/z-casa-Pequeno-746x420.jpg 746w\" sizes=\"auto, (max-width: 853px) 100vw, 853px\" \/> <img loading=\"lazy\" decoding=\"async\" class=\"alignnone size-full wp-image-80547\" src=\"https:\/\/jorgezanoni.com.br\/2019\/wp-content\/uploads\/2023\/09\/z-casa-2-Pequeno.jpg\" alt=\"\" width=\"384\" height=\"854\" srcset=\"https:\/\/jorgezanoni.com.br\/2019\/wp-content\/uploads\/2023\/09\/z-casa-2-Pequeno.jpg 384w, https:\/\/jorgezanoni.com.br\/2019\/wp-content\/uploads\/2023\/09\/z-casa-2-Pequeno-135x300.jpg 135w, https:\/\/jorgezanoni.com.br\/2019\/wp-content\/uploads\/2023\/09\/z-casa-2-Pequeno-189x420.jpg 189w\" sizes=\"auto, (max-width: 384px) 100vw, 384px\" \/> <img loading=\"lazy\" decoding=\"async\" class=\"alignnone size-full wp-image-80548\" src=\"https:\/\/jorgezanoni.com.br\/2019\/wp-content\/uploads\/2023\/09\/z-casa-3-Pequeno.jpg\" alt=\"\" width=\"384\" height=\"854\" srcset=\"https:\/\/jorgezanoni.com.br\/2019\/wp-content\/uploads\/2023\/09\/z-casa-3-Pequeno.jpg 384w, https:\/\/jorgezanoni.com.br\/2019\/wp-content\/uploads\/2023\/09\/z-casa-3-Pequeno-135x300.jpg 135w, https:\/\/jorgezanoni.com.br\/2019\/wp-content\/uploads\/2023\/09\/z-casa-3-Pequeno-189x420.jpg 189w\" sizes=\"auto, (max-width: 384px) 100vw, 384px\" \/> <img loading=\"lazy\" decoding=\"async\" class=\"alignnone size-full wp-image-80549\" src=\"https:\/\/jorgezanoni.com.br\/2019\/wp-content\/uploads\/2023\/09\/z-casa-4-Pequeno.jpg\" alt=\"\" width=\"384\" height=\"854\" srcset=\"https:\/\/jorgezanoni.com.br\/2019\/wp-content\/uploads\/2023\/09\/z-casa-4-Pequeno.jpg 384w, https:\/\/jorgezanoni.com.br\/2019\/wp-content\/uploads\/2023\/09\/z-casa-4-Pequeno-135x300.jpg 135w, https:\/\/jorgezanoni.com.br\/2019\/wp-content\/uploads\/2023\/09\/z-casa-4-Pequeno-189x420.jpg 189w\" sizes=\"auto, (max-width: 384px) 100vw, 384px\" \/>Fotos da Zona Rural<\/p>\n<p><img loading=\"lazy\" decoding=\"async\" class=\"alignnone size-full wp-image-80551\" src=\"https:\/\/jorgezanoni.com.br\/2019\/wp-content\/uploads\/2023\/09\/z-jussara.jpg\" alt=\"\" width=\"1280\" height=\"960\" srcset=\"https:\/\/jorgezanoni.com.br\/2019\/wp-content\/uploads\/2023\/09\/z-jussara.jpg 1280w, https:\/\/jorgezanoni.com.br\/2019\/wp-content\/uploads\/2023\/09\/z-jussara-300x225.jpg 300w, https:\/\/jorgezanoni.com.br\/2019\/wp-content\/uploads\/2023\/09\/z-jussara-1024x768.jpg 1024w, https:\/\/jorgezanoni.com.br\/2019\/wp-content\/uploads\/2023\/09\/z-jussara-768x576.jpg 768w, https:\/\/jorgezanoni.com.br\/2019\/wp-content\/uploads\/2023\/09\/z-jussara-80x60.jpg 80w, https:\/\/jorgezanoni.com.br\/2019\/wp-content\/uploads\/2023\/09\/z-jussara-265x198.jpg 265w, https:\/\/jorgezanoni.com.br\/2019\/wp-content\/uploads\/2023\/09\/z-jussara-696x522.jpg 696w, https:\/\/jorgezanoni.com.br\/2019\/wp-content\/uploads\/2023\/09\/z-jussara-1068x801.jpg 1068w, https:\/\/jorgezanoni.com.br\/2019\/wp-content\/uploads\/2023\/09\/z-jussara-560x420.jpg 560w\" sizes=\"auto, (max-width: 1280px) 100vw, 1280px\" \/>Resid\u00eancia no Jardim Jussara<\/p>\n<p>Jorge Zanoni<\/p>\n","protected":false},"excerpt":{"rendered":"<p>Vendaval teve inicio por volta de 16:40 Horas, com ventos fortes, muita poeira e pouca chuva. Na tarde de ontem a popula\u00e7\u00e3o de Dracena, assim como de outras cidades da regi\u00e3o viveu momentos de tens\u00e3o. Fortes ventos acompanhado de muita poeira e pouca chuva deixaram alguns locais da cidade com resid\u00eancias descobertas e falta de [&hellip;]<\/p>\n","protected":false},"author":1,"featured_media":80550,"comment_status":"closed","ping_status":"open","sticky":false,"template":"","format":"standard","meta":{"footnotes":""},"categories":[179,184,110],"tags":[],"class_list":["post-80540","post","type-post","status-publish","format-standard","has-post-thumbnail","hentry","category-cidadeseregiao","category-dracena","category-noticiasdestaque"],"_links":{"self":[{"href":"https:\/\/jorgezanoni.com.br\/2019\/wp-json\/wp\/v2\/posts\/80540","targetHints":{"allow":["GET"]}}],"collection":[{"href":"https:\/\/jorgezanoni.com.br\/2019\/wp-json\/wp\/v2\/posts"}],"about":[{"href":"https:\/\/jorgezanoni.com.br\/2019\/wp-json\/wp\/v2\/types\/post"}],"author":[{"embeddable":true,"href":"https:\/\/jorgezanoni.com.br\/2019\/wp-json\/wp\/v2\/users\/1"}],"replies":[{"embeddable":true,"href":"https:\/\/jorgezanoni.com.br\/2019\/wp-json\/wp\/v2\/comments?post=80540"}],"version-history":[{"count":1,"href":"https:\/\/jorgezanoni.com.br\/2019\/wp-json\/wp\/v2\/posts\/80540\/revisions"}],"predecessor-version":[{"id":80552,"href":"https:\/\/jorgezanoni.com.br\/2019\/wp-json\/wp\/v2\/posts\/80540\/revisions\/80552"}],"wp:featuredmedia":[{"embeddable":true,"href":"https:\/\/jorgezanoni.com.br\/2019\/wp-json\/wp\/v2\/media\/80550"}],"wp:attachment":[{"href":"https:\/\/jorgezanoni.com.br\/2019\/wp-json\/wp\/v2\/media?parent=80540"}],"wp:term":[{"taxonomy":"category","embeddable":true,"href":"https:\/\/jorgezanoni.com.br\/2019\/wp-json\/wp\/v2\/categories?post=80540"},{"taxonomy":"post_tag","embeddable":true,"href":"https:\/\/jorgezanoni.com.br\/2019\/wp-json\/wp\/v2\/tags?post=80540"}],"curies":[{"name":"wp","href":"https:\/\/api.w.org\/{rel}","templated":true}]}}