{"id":80528,"date":"2023-09-13T11:31:11","date_gmt":"2023-09-13T11:31:11","guid":{"rendered":"https:\/\/jorgezanoni.com.br\/2019\/?p=80528"},"modified":"2023-09-13T11:31:11","modified_gmt":"2023-09-13T11:31:11","slug":"dia-20-de-novembro-passa-a-ser-feriado-estadual-dia-da-consciencia-negra","status":"publish","type":"post","link":"https:\/\/jorgezanoni.com.br\/2019\/dia-20-de-novembro-passa-a-ser-feriado-estadual-dia-da-consciencia-negra\/","title":{"rendered":"Dia 20 de novembro passa a ser Feriado Estadual &#8220;Dia da Consci\u00eancia Negra&#8221;"},"content":{"rendered":"<p style=\"text-align: justify;\">Assembl\u00e9ia Legislativa decretou e Governador Promulgou\u2026<\/p>\n<p style=\"text-align: justify;\">LEI N\u00ba 17.746, DE 12 DE SETEMBRO DE 2023<br \/>\nDetermina que o Dia Estadual da Consci\u00eancia Negra, 20 de novembro, seja declarado feriado estadual<br \/>\nO GOVERNADOR DO ESTADO DE S\u00c3O PAULO: Fa\u00e7o saber que a Assembleia Legislativa decreta e eu promulgo a seguinte lei:<br \/>\nArtigo 1\u00ba &#8211; Fica institu\u00eddo, no \u00e2mbito do Estado, o dia 20 de novembro de cada ano, Dia Estadual da Consci\u00eancia Negra, como feriado estadual.<br \/>\nArtigo 2\u00ba &#8211; Esta lei entra em vigor na data de sua publica\u00e7\u00e3o. Pal\u00e1cio dos Bandeirantes, 12 de setembro 2023<br \/>\nTARC\u00cdSIO DE FREITAS<\/p>\n<p style=\"text-align: justify;\">Fonte: Governo do Estado<\/p>\n<p>Imagem Ilustrativa<\/p>\n<p>&nbsp;<\/p>\n","protected":false},"excerpt":{"rendered":"<p>Assembl\u00e9ia Legislativa decretou e Governador Promulgou\u2026 LEI N\u00ba 17.746, DE 12 DE SETEMBRO DE 2023 Determina que o Dia Estadual da Consci\u00eancia Negra, 20 de novembro, seja declarado feriado estadual O GOVERNADOR DO ESTADO DE S\u00c3O PAULO: Fa\u00e7o saber que a Assembleia Legislativa decreta e eu promulgo a seguinte lei: Artigo 1\u00ba &#8211; Fica institu\u00eddo, [&hellip;]<\/p>\n","protected":false},"author":1,"featured_media":80529,"comment_status":"closed","ping_status":"open","sticky":false,"template":"","format":"standard","meta":{"footnotes":""},"categories":[110,116],"tags":[],"class_list":["post-80528","post","type-post","status-publish","format-standard","has-post-thumbnail","hentry","category-noticiasdestaque","category-politicaeeconomia"],"_links":{"self":[{"href":"https:\/\/jorgezanoni.com.br\/2019\/wp-json\/wp\/v2\/posts\/80528","targetHints":{"allow":["GET"]}}],"collection":[{"href":"https:\/\/jorgezanoni.com.br\/2019\/wp-json\/wp\/v2\/posts"}],"about":[{"href":"https:\/\/jorgezanoni.com.br\/2019\/wp-json\/wp\/v2\/types\/post"}],"author":[{"embeddable":true,"href":"https:\/\/jorgezanoni.com.br\/2019\/wp-json\/wp\/v2\/users\/1"}],"replies":[{"embeddable":true,"href":"https:\/\/jorgezanoni.com.br\/2019\/wp-json\/wp\/v2\/comments?post=80528"}],"version-history":[{"count":1,"href":"https:\/\/jorgezanoni.com.br\/2019\/wp-json\/wp\/v2\/posts\/80528\/revisions"}],"predecessor-version":[{"id":80530,"href":"https:\/\/jorgezanoni.com.br\/2019\/wp-json\/wp\/v2\/posts\/80528\/revisions\/80530"}],"wp:featuredmedia":[{"embeddable":true,"href":"https:\/\/jorgezanoni.com.br\/2019\/wp-json\/wp\/v2\/media\/80529"}],"wp:attachment":[{"href":"https:\/\/jorgezanoni.com.br\/2019\/wp-json\/wp\/v2\/media?parent=80528"}],"wp:term":[{"taxonomy":"category","embeddable":true,"href":"https:\/\/jorgezanoni.com.br\/2019\/wp-json\/wp\/v2\/categories?post=80528"},{"taxonomy":"post_tag","embeddable":true,"href":"https:\/\/jorgezanoni.com.br\/2019\/wp-json\/wp\/v2\/tags?post=80528"}],"curies":[{"name":"wp","href":"https:\/\/api.w.org\/{rel}","templated":true}]}}