{"id":80510,"date":"2023-09-13T00:06:52","date_gmt":"2023-09-13T00:06:52","guid":{"rendered":"https:\/\/jorgezanoni.com.br\/2019\/?p=80510"},"modified":"2023-09-13T00:06:52","modified_gmt":"2023-09-13T00:06:52","slug":"brasil-um-pais-sem-memoria-historica-por-sergio-barbosa","status":"publish","type":"post","link":"https:\/\/jorgezanoni.com.br\/2019\/brasil-um-pais-sem-memoria-historica-por-sergio-barbosa\/","title":{"rendered":"Brasil: Um pa\u00eds sem mem\u00f3ria hist\u00f3rica&#8230; (por S\u00e9rgio Barbosa)"},"content":{"rendered":"<p style=\"text-align: justify;\"><strong>Brasil: Um pa\u00eds sem mem\u00f3ria hist\u00f3rica&#8230;<\/strong><\/p>\n<p style=\"text-align: justify;\"><em>&#8220;O opressor n\u00e3o seria t\u00e3o forte, se n\u00e3o tivesse c\u00famplices entre os pr\u00f3prios oprimidos&#8221; (Simone de Beauvoir)<\/em><\/p>\n<p style=\"text-align: justify;\"><strong>S\u00e9rgio Barbosa (*)<\/strong><\/p>\n<p style=\"text-align: justify;\">Nestes \u00faltimos dias, pode-se conferir por meio das in\u00fameras atividades desenvolvidas em \u00e1reas afins aos interesses comunit\u00e1rios, entre as quais a m\u00eddia televisiva que a &#8220;falta de mem\u00f3ria hist\u00f3rica&#8221; compromete o notici\u00e1rio em todos os hor\u00e1rios da denominada &#8220;telinha m\u00e1gica&#8221;&#8230;<\/p>\n<p style=\"text-align: justify;\">Por\u00e9m, tamb\u00e9m, deve-se levar em considera\u00e7\u00e3o os aspectos quanto a forma\u00e7\u00e3o educacional em vig\u00eancia no pa\u00eds, quando os governantes em n\u00edveis federal, estadual e municipal, buscam apenas exaltar o &#8220;senso comum&#8221; em oposi\u00e7\u00e3o ao &#8220;senso cr\u00edtico&#8221;&#8230;<\/p>\n<p style=\"text-align: justify;\">Nestes ocasos do poder, faz-se necess\u00e1rio estar em conex\u00e3o com os fatos denominados de hist\u00f3ricos, isso desde a descoberta ou invas\u00e3o, dependendo sempre do olhar de cada pesquisador ou curioso de plant\u00e3o sobre o Brasil em tempo de p\u00f3s-globaliza\u00e7\u00e3o midi\u00e1tica&#8230;<\/p>\n<p style=\"text-align: justify;\">Portanto, para que a reflex\u00e3o possa ocorrer na perspectiva da cr\u00edtica, torna-se fundamental pesquisar sobre os fatos nas \u00e1reas da hist\u00f3ria, da sociologia, da antropologia, da filosofia e outras&#8230;<\/p>\n<p style=\"text-align: justify;\">Neste contexto plural para o pa\u00eds, ou seja, anterior as elei\u00e7\u00f5es do pr\u00f3ximo ano, quando os\/as eleitores\/as dever\u00e3o marcar presen\u00e7a nas urnas por meio das escolhas dos postulantes aos diversos cargos nos legislativos e executivos em n\u00edvel municipal, registra-se uma das m\u00e1ximas do dito popular, a saber, &#8220;todo cuidado \u00e9 pouco&#8221;&#8230;<\/p>\n<p style=\"text-align: justify;\">Existem atualmente, dezenas de op\u00e7\u00f5es partid\u00e1rias para que o\/a eleitor\/a possa fazer as suas escolhas, sendo que na maioria das vezes, tal op\u00e7\u00e3o deixa a desejar, considerando as &#8220;trocas nada simb\u00f3licas&#8221; que o poder exerce sobre os mesmos&#8230;<\/p>\n<p style=\"text-align: justify;\">Mesmo assim, neste per\u00edodo que antecede as elei\u00e7\u00f5es, o olhar do\/a eleitor\/a deve ser de acordo com o contexto nacional em busca do cen\u00e1rio estadual, considerando as diversas an\u00e1lises sobre as propostas apresentadas pelos\/as diversos\/as candidatos;as as vagas disponibilizadas nos Legislativos e executivos municipais e ponto quase final&#8230;<\/p>\n<p style=\"text-align: justify;\">Desta forma, torna-se necess\u00e1rio pesquisar sobre a Hist\u00f3rica Pol\u00edtica do pa\u00eds, isso desde os prim\u00f3rdios do ano de 1.500, quando o explorador Pedro \u00c1lvares Cabral desembarcou e invadiu essas \u201cterras descobertas\u201d (sic) em nome da Coroa Portuguesa com a \u201ccruz\u201d da salva\u00e7\u00e3o crist\u00e3 e a espada da morte para efetivar a conquista&#8230;<\/p>\n<p style=\"text-align: justify;\">Assim, s\u00e3o mais de cinco s\u00e9culos de hist\u00f3ria para muitas est\u00f3rias, se bem que hoje, tanto faz uma como a outra, o que prevalece \u00e9 estar em conex\u00e3o com a reflex\u00e3o cr\u00edtica para que a mem\u00f3ria hist\u00f3rica continue como mediadora entre o passado e o presente, por\u00e9m, na perspectiva do futuro&#8230;<\/p>\n<p>QUEM SOBREVIVER VAI SABER&#8230;<\/p>\n<p><strong><em>_______________________________<\/em><\/strong><\/p>\n<p><strong><em>(*) jornalista profissional diplomado.<\/em><\/strong><\/p>\n<p><strong><em>e-mail: <\/em><\/strong><a href=\"mailto:barbosa.sebar@gmail.com\"><strong><em>barbosa.sebar@gmail.com<\/em><\/strong><\/a><\/p>\n<p><em>\u00a0<\/em><\/p>\n<p><em>\u00a0<\/em><\/p>\n","protected":false},"excerpt":{"rendered":"<p>Brasil: Um pa\u00eds sem mem\u00f3ria hist\u00f3rica&#8230; &#8220;O opressor n\u00e3o seria t\u00e3o forte, se n\u00e3o tivesse c\u00famplices entre os pr\u00f3prios oprimidos&#8221; (Simone de Beauvoir) S\u00e9rgio Barbosa (*) Nestes \u00faltimos dias, pode-se conferir por meio das in\u00fameras atividades desenvolvidas em \u00e1reas afins aos interesses comunit\u00e1rios, entre as quais a m\u00eddia televisiva que a &#8220;falta de mem\u00f3ria hist\u00f3rica&#8221; [&hellip;]<\/p>\n","protected":false},"author":1,"featured_media":80511,"comment_status":"closed","ping_status":"open","sticky":false,"template":"","format":"standard","meta":{"footnotes":""},"categories":[175],"tags":[],"class_list":["post-80510","post","type-post","status-publish","format-standard","has-post-thumbnail","hentry","category-artigos"],"_links":{"self":[{"href":"https:\/\/jorgezanoni.com.br\/2019\/wp-json\/wp\/v2\/posts\/80510","targetHints":{"allow":["GET"]}}],"collection":[{"href":"https:\/\/jorgezanoni.com.br\/2019\/wp-json\/wp\/v2\/posts"}],"about":[{"href":"https:\/\/jorgezanoni.com.br\/2019\/wp-json\/wp\/v2\/types\/post"}],"author":[{"embeddable":true,"href":"https:\/\/jorgezanoni.com.br\/2019\/wp-json\/wp\/v2\/users\/1"}],"replies":[{"embeddable":true,"href":"https:\/\/jorgezanoni.com.br\/2019\/wp-json\/wp\/v2\/comments?post=80510"}],"version-history":[{"count":1,"href":"https:\/\/jorgezanoni.com.br\/2019\/wp-json\/wp\/v2\/posts\/80510\/revisions"}],"predecessor-version":[{"id":80512,"href":"https:\/\/jorgezanoni.com.br\/2019\/wp-json\/wp\/v2\/posts\/80510\/revisions\/80512"}],"wp:featuredmedia":[{"embeddable":true,"href":"https:\/\/jorgezanoni.com.br\/2019\/wp-json\/wp\/v2\/media\/80511"}],"wp:attachment":[{"href":"https:\/\/jorgezanoni.com.br\/2019\/wp-json\/wp\/v2\/media?parent=80510"}],"wp:term":[{"taxonomy":"category","embeddable":true,"href":"https:\/\/jorgezanoni.com.br\/2019\/wp-json\/wp\/v2\/categories?post=80510"},{"taxonomy":"post_tag","embeddable":true,"href":"https:\/\/jorgezanoni.com.br\/2019\/wp-json\/wp\/v2\/tags?post=80510"}],"curies":[{"name":"wp","href":"https:\/\/api.w.org\/{rel}","templated":true}]}}