{"id":80469,"date":"2023-09-11T20:32:48","date_gmt":"2023-09-11T20:32:48","guid":{"rendered":"https:\/\/jorgezanoni.com.br\/2019\/?p=80469"},"modified":"2023-09-12T01:11:59","modified_gmt":"2023-09-12T01:11:59","slug":"zona-azul-projeto-d-pak-em-dracena-intensifica-hoje-orientacao-aos-usuarios-nas-areas-sinalizadas","status":"publish","type":"post","link":"https:\/\/jorgezanoni.com.br\/2019\/zona-azul-projeto-d-pak-em-dracena-intensifica-hoje-orientacao-aos-usuarios-nas-areas-sinalizadas\/","title":{"rendered":"ZONA AZUL: Projeto DPARK em Dracena intensifica hoje orienta\u00e7\u00e3o aos usu\u00e1rios nas \u00e1reas sinalizadas"},"content":{"rendered":"<div class=\"ntc_resumo_noticia sw_lato_bold\" style=\"text-align: justify;\"><strong>O trabalho executado pela empresa ASG Engenharia, de Ara\u00e7atuba, avan\u00e7a em Dracena com a pintura de cerca de 100 vagas ao entorno da Pra\u00e7a Arthur Pagnozzi.<\/strong><\/div>\n<div><\/div>\n<div class=\"ntc_descricao_noticia\">\n<div class=\"ntc_cont_descricao_noticia sw_txteditor\">\n<p style=\"text-align: justify;\">A instala\u00e7\u00e3o da Zona Azul em Dracena por meio da empresa ASG Engenharia, de Ara\u00e7atuba, vencedora do processo licitat\u00f3rio da Prefeitura, segue no ritmo da programa\u00e7\u00e3o dos servi\u00e7os. O projeto na cidade \u00e9 denominado de DPark.<\/p>\n<p style=\"text-align: justify;\">Hoje, 11\/09, foi intensificada a orienta\u00e7\u00e3o em \u00e1reas sinalizadas, atrav\u00e9s dos monitores da concession\u00e1ria.<\/p>\n<p style=\"text-align: justify;\">A primeira fase de instala\u00e7\u00e3o da sinaliza\u00e7\u00e3o horizontal, com cerca de 100 vagas, no entorno da Pra\u00e7a Arthur Pagnozzi, j\u00e1 foi executado pela empresa ASG. Ainda ser\u00e3o colocadas as placas verticais.<\/p>\n<p style=\"text-align: justify;\">A partir do dia 15\/09, ter\u00e1 in\u00edcio a sinaliza\u00e7\u00e3o de mais 400 vagas totalizando 500 vagas sinalizadas, o que corresponde a segunda fase do projeto. A cobran\u00e7a est\u00e1 prevista para come\u00e7ar no dia 20 deste m\u00eas, sendo uma hora de estacionamento por R$ 2.<\/p>\n<p style=\"text-align: justify;\">A terceira fase est\u00e1 na programa\u00e7\u00e3o para ocorrer at\u00e9 o dia 30\/09, com o in\u00edcio da sinaliza\u00e7\u00e3o de mais 400 vagas, totalizando 900 vagas sinalizadas e at\u00e9 o dia 25 de outubro, o projeto dever\u00e1 estar 100% finalizado com a sinaliza\u00e7\u00e3o de 1.250 vagas.<\/p>\n<p style=\"text-align: justify;\">O p\u00fablico pode tirar d\u00favidas a respeito da Zona Azul junto \u00e0 equipe da ASG, na barraca instalada na Pra\u00e7a Arthur Pagnozzi. Ser\u00e3o 10 pontos de vendas do D Park na \u00e1rea central.<\/p>\n<p style=\"text-align: justify;\">A diretoria de Assuntos Vi\u00e1rios, que pertence a Secretaria de Infraestrutura \u00e9 respons\u00e1vel por fiscalizar o trabalho desenvolvido pela empresa concession\u00e1ria.<\/p>\n<p><img loading=\"lazy\" decoding=\"async\" class=\"alignnone size-full wp-image-80471\" src=\"https:\/\/jorgezanoni.com.br\/2019\/wp-content\/uploads\/2023\/09\/zona-3-Pequeno.jpg\" alt=\"\" width=\"480\" height=\"640\" srcset=\"https:\/\/jorgezanoni.com.br\/2019\/wp-content\/uploads\/2023\/09\/zona-3-Pequeno.jpg 480w, https:\/\/jorgezanoni.com.br\/2019\/wp-content\/uploads\/2023\/09\/zona-3-Pequeno-225x300.jpg 225w, https:\/\/jorgezanoni.com.br\/2019\/wp-content\/uploads\/2023\/09\/zona-3-Pequeno-315x420.jpg 315w\" sizes=\"auto, (max-width: 480px) 100vw, 480px\" \/> <img loading=\"lazy\" decoding=\"async\" class=\"alignnone size-full wp-image-80472\" src=\"https:\/\/jorgezanoni.com.br\/2019\/wp-content\/uploads\/2023\/09\/zona-4-Pequeno.jpg\" alt=\"\" width=\"640\" height=\"480\" srcset=\"https:\/\/jorgezanoni.com.br\/2019\/wp-content\/uploads\/2023\/09\/zona-4-Pequeno.jpg 640w, https:\/\/jorgezanoni.com.br\/2019\/wp-content\/uploads\/2023\/09\/zona-4-Pequeno-300x225.jpg 300w, https:\/\/jorgezanoni.com.br\/2019\/wp-content\/uploads\/2023\/09\/zona-4-Pequeno-80x60.jpg 80w, https:\/\/jorgezanoni.com.br\/2019\/wp-content\/uploads\/2023\/09\/zona-4-Pequeno-265x198.jpg 265w, https:\/\/jorgezanoni.com.br\/2019\/wp-content\/uploads\/2023\/09\/zona-4-Pequeno-560x420.jpg 560w\" sizes=\"auto, (max-width: 640px) 100vw, 640px\" \/> <img loading=\"lazy\" decoding=\"async\" class=\"alignnone size-full wp-image-80473\" src=\"https:\/\/jorgezanoni.com.br\/2019\/wp-content\/uploads\/2023\/09\/zona1-Pequeno.jpg\" alt=\"\" width=\"480\" height=\"640\" srcset=\"https:\/\/jorgezanoni.com.br\/2019\/wp-content\/uploads\/2023\/09\/zona1-Pequeno.jpg 480w, https:\/\/jorgezanoni.com.br\/2019\/wp-content\/uploads\/2023\/09\/zona1-Pequeno-225x300.jpg 225w, https:\/\/jorgezanoni.com.br\/2019\/wp-content\/uploads\/2023\/09\/zona1-Pequeno-315x420.jpg 315w\" sizes=\"auto, (max-width: 480px) 100vw, 480px\" \/> <img loading=\"lazy\" decoding=\"async\" class=\"alignnone size-full wp-image-80474\" src=\"https:\/\/jorgezanoni.com.br\/2019\/wp-content\/uploads\/2023\/09\/zona2-Pequeno.jpg\" alt=\"\" width=\"640\" height=\"480\" srcset=\"https:\/\/jorgezanoni.com.br\/2019\/wp-content\/uploads\/2023\/09\/zona2-Pequeno.jpg 640w, https:\/\/jorgezanoni.com.br\/2019\/wp-content\/uploads\/2023\/09\/zona2-Pequeno-300x225.jpg 300w, https:\/\/jorgezanoni.com.br\/2019\/wp-content\/uploads\/2023\/09\/zona2-Pequeno-80x60.jpg 80w, https:\/\/jorgezanoni.com.br\/2019\/wp-content\/uploads\/2023\/09\/zona2-Pequeno-265x198.jpg 265w, https:\/\/jorgezanoni.com.br\/2019\/wp-content\/uploads\/2023\/09\/zona2-Pequeno-560x420.jpg 560w\" sizes=\"auto, (max-width: 640px) 100vw, 640px\" \/><\/p>\n<p>Fonte: Diretoria de Comunica\u00e7\u00e3o<\/p>\n<\/div>\n<\/div>\n","protected":false},"excerpt":{"rendered":"<p>O trabalho executado pela empresa ASG Engenharia, de Ara\u00e7atuba, avan\u00e7a em Dracena com a pintura de cerca de 100 vagas ao entorno da Pra\u00e7a Arthur Pagnozzi. A instala\u00e7\u00e3o da Zona Azul em Dracena por meio da empresa ASG Engenharia, de Ara\u00e7atuba, vencedora do processo licitat\u00f3rio da Prefeitura, segue no ritmo da programa\u00e7\u00e3o dos servi\u00e7os. O [&hellip;]<\/p>\n","protected":false},"author":1,"featured_media":80470,"comment_status":"closed","ping_status":"open","sticky":false,"template":"","format":"standard","meta":{"footnotes":""},"categories":[179,184,110],"tags":[],"class_list":["post-80469","post","type-post","status-publish","format-standard","has-post-thumbnail","hentry","category-cidadeseregiao","category-dracena","category-noticiasdestaque"],"_links":{"self":[{"href":"https:\/\/jorgezanoni.com.br\/2019\/wp-json\/wp\/v2\/posts\/80469","targetHints":{"allow":["GET"]}}],"collection":[{"href":"https:\/\/jorgezanoni.com.br\/2019\/wp-json\/wp\/v2\/posts"}],"about":[{"href":"https:\/\/jorgezanoni.com.br\/2019\/wp-json\/wp\/v2\/types\/post"}],"author":[{"embeddable":true,"href":"https:\/\/jorgezanoni.com.br\/2019\/wp-json\/wp\/v2\/users\/1"}],"replies":[{"embeddable":true,"href":"https:\/\/jorgezanoni.com.br\/2019\/wp-json\/wp\/v2\/comments?post=80469"}],"version-history":[{"count":7,"href":"https:\/\/jorgezanoni.com.br\/2019\/wp-json\/wp\/v2\/posts\/80469\/revisions"}],"predecessor-version":[{"id":80485,"href":"https:\/\/jorgezanoni.com.br\/2019\/wp-json\/wp\/v2\/posts\/80469\/revisions\/80485"}],"wp:featuredmedia":[{"embeddable":true,"href":"https:\/\/jorgezanoni.com.br\/2019\/wp-json\/wp\/v2\/media\/80470"}],"wp:attachment":[{"href":"https:\/\/jorgezanoni.com.br\/2019\/wp-json\/wp\/v2\/media?parent=80469"}],"wp:term":[{"taxonomy":"category","embeddable":true,"href":"https:\/\/jorgezanoni.com.br\/2019\/wp-json\/wp\/v2\/categories?post=80469"},{"taxonomy":"post_tag","embeddable":true,"href":"https:\/\/jorgezanoni.com.br\/2019\/wp-json\/wp\/v2\/tags?post=80469"}],"curies":[{"name":"wp","href":"https:\/\/api.w.org\/{rel}","templated":true}]}}