{"id":80466,"date":"2023-09-11T19:55:47","date_gmt":"2023-09-11T19:55:47","guid":{"rendered":"https:\/\/jorgezanoni.com.br\/2019\/?p=80466"},"modified":"2023-09-11T19:55:47","modified_gmt":"2023-09-11T19:55:47","slug":"policia-civil-identifica-homem-encontrado-morto-no-rio-parana-em-panorama","status":"publish","type":"post","link":"https:\/\/jorgezanoni.com.br\/2019\/policia-civil-identifica-homem-encontrado-morto-no-rio-parana-em-panorama\/","title":{"rendered":"Pol\u00edcia Civil identifica homem encontrado morto no Rio Paran\u00e1 em Panorama"},"content":{"rendered":"<p style=\"text-align: justify;\"><strong>O corpo foi localizado por populares no final da tarde de domingo (10), pr\u00f3ximo da margem esquerda do balne\u00e1rio municipal de Panorama (SP).<\/strong><\/p>\n<p style=\"text-align: justify;\">A Pol\u00edcia Civil, por interm\u00e9dio da Delegacia de Pol\u00edcia de Panorama, com aux\u00edlio do Centro de Intelig\u00eancia Policial, identificou nesta segunda-feira (11), o corpo de um homem de 52 anos, que foi encontrado no Rio Paran\u00e1, ontem (10), por banhistas pr\u00f3ximo a margem esquerda do balne\u00e1rio municipal de Panorama (SP).<\/p>\n<p style=\"text-align: justify;\">O identificado era nascido na cidade de Ang\u00e9lica-MS, mas atualmente n\u00e3o possu\u00eda resid\u00eancia fixa. A Pol\u00edcia Civil localizou familiares do falecido moradores na cidade de Tupi Paulista (SP), que reconheceu o seu familiar. Identificou tamb\u00e9m outros na regi\u00e3o de Birigui (SP). Os familiares de Birigui se deslocar\u00e3o ao IML de Dracena para providenciar a libera\u00e7\u00e3o, translado e sepultamento do corpo da v\u00edtima.<\/p>\n<p style=\"text-align: justify;\">A identifica\u00e7\u00e3o do homem foi poss\u00edvel atrav\u00e9s de trabalho investigativo realizado, por meio de levantamento em bancos de dados informatizados da Pol\u00edcia Civil e contou com o apoio do Instituto M\u00e9dico Legal de Dracena (SP).<\/p>\n<p style=\"text-align: justify;\">Ap\u00f3s o corpo ter sido localizado por banhistas, foi encaminhado ao PS de Panorama onde constatou o \u00f3bito e posteriormente para o IML de Dracena para a realiza\u00e7\u00e3o dos exames necrosc\u00f3picos, visando apontar a suposta causa da morte. As impress\u00f5es digito papilares tamb\u00e9m foram coletadas e encaminhadas ao IIRGD para confirma\u00e7\u00e3o da identifica\u00e7\u00e3o da v\u00edtima.<\/p>\n<p style=\"text-align: justify;\">A Pol\u00edcia Civil instaurou inqu\u00e9rito policial versando sobre ocorr\u00eancia de morte suspeita para apurar o caso, embora n\u00e3o haja ind\u00edcios de viol\u00eancia no corpo da v\u00edtima, raz\u00e3o pela qual aguardar-se-\u00e1 a conclus\u00e3o dos laudos necrosc\u00f3picos.<\/p>\n<p>Fonte: Com. Social Pol\u00edcia Civil<\/p>\n","protected":false},"excerpt":{"rendered":"<p>O corpo foi localizado por populares no final da tarde de domingo (10), pr\u00f3ximo da margem esquerda do balne\u00e1rio municipal de Panorama (SP). A Pol\u00edcia Civil, por interm\u00e9dio da Delegacia de Pol\u00edcia de Panorama, com aux\u00edlio do Centro de Intelig\u00eancia Policial, identificou nesta segunda-feira (11), o corpo de um homem de 52 anos, que foi [&hellip;]<\/p>\n","protected":false},"author":1,"featured_media":80467,"comment_status":"closed","ping_status":"open","sticky":false,"template":"","format":"standard","meta":{"footnotes":""},"categories":[110,2],"tags":[],"class_list":["post-80466","post","type-post","status-publish","format-standard","has-post-thumbnail","hentry","category-noticiasdestaque","category-policial"],"_links":{"self":[{"href":"https:\/\/jorgezanoni.com.br\/2019\/wp-json\/wp\/v2\/posts\/80466","targetHints":{"allow":["GET"]}}],"collection":[{"href":"https:\/\/jorgezanoni.com.br\/2019\/wp-json\/wp\/v2\/posts"}],"about":[{"href":"https:\/\/jorgezanoni.com.br\/2019\/wp-json\/wp\/v2\/types\/post"}],"author":[{"embeddable":true,"href":"https:\/\/jorgezanoni.com.br\/2019\/wp-json\/wp\/v2\/users\/1"}],"replies":[{"embeddable":true,"href":"https:\/\/jorgezanoni.com.br\/2019\/wp-json\/wp\/v2\/comments?post=80466"}],"version-history":[{"count":1,"href":"https:\/\/jorgezanoni.com.br\/2019\/wp-json\/wp\/v2\/posts\/80466\/revisions"}],"predecessor-version":[{"id":80468,"href":"https:\/\/jorgezanoni.com.br\/2019\/wp-json\/wp\/v2\/posts\/80466\/revisions\/80468"}],"wp:featuredmedia":[{"embeddable":true,"href":"https:\/\/jorgezanoni.com.br\/2019\/wp-json\/wp\/v2\/media\/80467"}],"wp:attachment":[{"href":"https:\/\/jorgezanoni.com.br\/2019\/wp-json\/wp\/v2\/media?parent=80466"}],"wp:term":[{"taxonomy":"category","embeddable":true,"href":"https:\/\/jorgezanoni.com.br\/2019\/wp-json\/wp\/v2\/categories?post=80466"},{"taxonomy":"post_tag","embeddable":true,"href":"https:\/\/jorgezanoni.com.br\/2019\/wp-json\/wp\/v2\/tags?post=80466"}],"curies":[{"name":"wp","href":"https:\/\/api.w.org\/{rel}","templated":true}]}}