{"id":80383,"date":"2023-09-07T13:55:24","date_gmt":"2023-09-07T13:55:24","guid":{"rendered":"https:\/\/jorgezanoni.com.br\/2019\/?p=80383"},"modified":"2023-09-07T13:55:24","modified_gmt":"2023-09-07T13:55:24","slug":"sicredi-busca-talentos-e-investe-na-jornada-de-desenvolvimento-das-pessoas-colaboradoras","status":"publish","type":"post","link":"https:\/\/jorgezanoni.com.br\/2019\/sicredi-busca-talentos-e-investe-na-jornada-de-desenvolvimento-das-pessoas-colaboradoras\/","title":{"rendered":"Sicredi busca talentos e investe na jornada de desenvolvimento das pessoas colaboradoras"},"content":{"rendered":"<p style=\"text-align: justify;\" align=\"center\"><strong><i>Institui\u00e7\u00e3o financeira cooperativa almeja aumentar o quadro em 13% at\u00e9 o fim deste ano.<\/i><\/strong><\/p>\n<p style=\"text-align: justify;\">O Sicredi, institui\u00e7\u00e3o financeira cooperativa presente em todo o Brasil, superou a marca de 40 mil pessoas colaboradoras no primeiro semestre deste ano. A estimativa \u00e9 contratar mais pessoas para atender a expans\u00e3o pelo Pa\u00eds, chegando a um crescimento de 13% no seu quadro em 2023. Atualmente, o Sicredi conta com cerca de mil vagas abertas em todos os estados, e as oportunidades podem ser consultadas em\u00a0<a href=\"http:\/\/www.sicredi.com.br\/site\/carreiras\/\" target=\"_blank\" rel=\"noopener noreferrer\">www.sicredi.com.br\/site\/carreiras<\/a>, p\u00e1gina onde os interessados tamb\u00e9m podem saber mais sobre a institui\u00e7\u00e3o e seus benef\u00edcios.<\/p>\n<p style=\"text-align: justify;\">As vagas s\u00e3o para as mais de 100 cooperativas e cinco centrais distribu\u00eddas pelo Brasil e para o Centro Administrativo Sicredi, localizado em Porto Alegre (RS). Desenvolvimento de Neg\u00f3cios, Atendimento, Administrativo, Cr\u00e9dito, Tecnologia da Informa\u00e7\u00e3o s\u00e3o algumas das \u00e1reas que disp\u00f5em de vagas no momento.<\/p>\n<p style=\"text-align: justify;\">&#8220;Acreditamos que no cooperativismo, modelo de neg\u00f3cio do Sicredi, as pessoas t\u00eam a oportunidade de deixar um legado. Por isso, buscamos talentos conectados com nossa ess\u00eancia, que se sintam parte do projeto de crescimento do Sicredi e queiram se desenvolver junto conosco. Pessoas preocupadas com as quest\u00f5es sociais e ambientais e que buscam trabalhar com excel\u00eancia, entregando o melhor aos nossos mais de 7 milh\u00f5es de associados em todo o Brasil&#8221; afirma Daniele Garcia Schmidt, superintendente executiva de Gest\u00e3o de Pessoas e Cultura.<\/p>\n<p style=\"text-align: justify;\">Ainda de acordo com Daniele, o Sicredi busca construir uma cultura de trabalho humanizada e inclusiva, com oportunidades de desenvolvimento para todos. &#8220;As pessoas est\u00e3o no centro do nosso neg\u00f3cio. Tanto nas cooperativas, centrais e no Centro Administrativo Sicredi existem diferentes atrativos e excelentes benef\u00edcios para os colaboradores e seus familiares&#8221;, comenta.<\/p>\n<p style=\"text-align: justify;\">Pelo terceiro ano consecutivo neste ano, o Sicredi foi certificado pela GPTW (<em>Great Place to Work)<\/em>\u00a0como um excelente lugar para trabalhar. A certifica\u00e7\u00e3o acontece quando se atinge a nota m\u00ednima de 70 pontos percentuais no Indice de Confian\u00e7a, resultado geral da pesquisa de clima. No Sicredi, a pontua\u00e7\u00e3o no n\u00edvel geral de confian\u00e7a foi de 89%. Outro ponto analisado \u00e9 o e-NPS (Employee Net Promoter Score), que mede o quanto os colaboradores indicariam a institui\u00e7\u00e3o para os amigos trabalharem. Neste quesito, a institui\u00e7\u00e3o atingiu o marco percentual de 84%.<\/p>\n<p style=\"text-align: justify;\"><strong>Talentos que crescem com o Sicredi<\/strong><\/p>\n<p style=\"text-align: justify;\">A pesquisa da GPTW realizada com o p\u00fabico interno tamb\u00e9m apontou os motivos pelos quais as pessoas colaboradoras querem continuar trabalhando no Sicredi, sendo os principais: oportunidade de crescimento e desenvolvimento, o alinhamento dos valores pessoais com os valores da empresa e o fato de proporcionar equil\u00edbrio entre a vida pessoal e profissional.<\/p>\n<p style=\"text-align: justify;\">Evoluir constantemente era o objetivo de Amandha Vict\u00f3ria Polegatch, quando entrou na cooperativa Sicredi Planalto das \u00c1guas PR\/SP, em 2011, na fun\u00e7\u00e3o de Jovem Aprendiz. &#8220;Desde o primeiro momento, tive uma afinidade com o Sicredi, seus valores e seu prop\u00f3sito. Passei por diversos cargos e atividades dentro do Sistema e tenho a plena certeza de que fiz a escolha certa, pois a cada dia sou convidada a evoluir seja como pessoa ou como profissional&#8221;, afirma. Atualmente, ela ocupa o cargo de gerente Administrativo Financeiro na ag\u00eancia do Sicredi em Bonsucesso (PR).<\/p>\n<p style=\"text-align: justify;\">Outro exemplo de evolu\u00e7\u00e3o \u00e9 do Jean Crispin, 27 anos, atual gerente da ag\u00eancia em Acrel\u00e2ndia. Ele ingressou na cooperativa Sicredi Biomas como estagi\u00e1rio, com 16 anos, e desde ent\u00e3o vem se desenvolvendo profissionalmente. &#8220;Eu estava trabalhando como gar\u00e7om quando um colaborador do Sicredi comentou comigo sobre o processo seletivo. Respondi que n\u00e3o tinha gradua\u00e7\u00e3o, mas ele me incentivou a realizar a inscri\u00e7\u00e3o mesmo assim. Passei no processo como estagi\u00e1rio. Depois, aos 18 anos, fui contratado. Estudei, me dediquei, passei por diversos cargos at\u00e9 chegar a gerente de ag\u00eancia, fun\u00e7\u00e3o que ocupo h\u00e1 quatro anos. Trabalhando no Sicredi, fiz minha gradua\u00e7\u00e3o, p\u00f3s-gradua\u00e7\u00f5es, in\u00fameros treinamentos, cursos. De fato, transformou minha vida e a da minha fam\u00edlia&#8221;, conta ele.<\/p>\n<p style=\"text-align: justify;\">Aos 66 anos, Adalberto Neves de Oliveira come\u00e7ou a trabalhar na cooperativa Sicredi Sudoeste MT\/PA. &#8220;Estou me sentindo \u00fatil novamente, ap\u00f3s 13 anos de aposentadoria. Acredito que tenho contribu\u00eddo muito para o crescimento das pessoas e da cooperativa e tenho buscado mais qualifica\u00e7\u00e3o, e acho que posso contribuir muito mais&#8221;, enfatiza.<\/p>\n<p style=\"text-align: justify;\">Mais informa\u00e7\u00f5es sobre as oportunidades do Sicredi em\u00a0<a href=\"https:\/\/www.sicredi.com.br\/site\/carreiras\/\" target=\"_blank\" rel=\"noopener noreferrer\">www.sicredi.com.br\/site\/carreiras\/<\/a>.<\/p>\n<p style=\"text-align: justify;\"><strong><i>Sobre o Sicredi<\/i><\/strong><em>\u00a0<\/em><\/p>\n<p class=\"v1MsoNormal\" style=\"text-align: justify;\"><i>O Sicredi \u00e9 uma institui\u00e7\u00e3o financeira cooperativa comprometida com o crescimento de seus associados e com o desenvolvimento das regi\u00f5es onde atua. Possui um modelo de gest\u00e3o que valoriza a participa\u00e7\u00e3o dos mais de 7 milh\u00f5es de associados, que exercem o papel de donos do neg\u00f3cio. Com mais de 2.500 ag\u00eancias, o Sicredi est\u00e1 presente fisicamente em todos os estados brasileiros e no Distrito Federal, disponibilizando uma gama completa de solu\u00e7\u00f5es financeiras e n\u00e3o financeiras.<\/i><\/p>\n<p class=\"v1MsoNormal\"><b><i>Site do Sicredi:\u00a0<a href=\"http:\/\/www.sicredi.com.br\/\" target=\"_blank\" rel=\"noopener noreferrer\">www.sicredi.com.br<\/a><\/i><\/b><\/p>\n<p class=\"v1MsoNormal\"><b><i>Redes Sociais:\u00a0<\/i><\/b><em><b><u><span lang=\"EN-US\"><a href=\"http:\/\/www.facebook.com\/sicredicentrooestepaulista\" target=\"_blank\" rel=\"noopener noreferrer\"><i><span lang=\"PT-BR\">Facebook<\/span><\/i><\/a><\/span><\/u><\/b><\/em><em>\u00a0|<\/em>\u00a0<em><b><u><span lang=\"EN-US\"><a href=\"https:\/\/www.linkedin.com\/company\/sicredi-centro-oeste-paulista\/\" target=\"_blank\" rel=\"noopener noreferrer\"><i><span lang=\"PT-BR\">LinkedIn<\/span><\/i><\/a><\/span><\/u><\/b><\/em><em>\u00a0|<\/em>\u00a0<em><b><u><span lang=\"EN-US\"><a href=\"http:\/\/www.youtube.com\/sicredicentrooestepaulista\" target=\"_blank\" rel=\"noopener noreferrer\"><i><span lang=\"PT-BR\">YouTube<\/span><\/i><\/a><\/span><\/u><\/b><\/em><span lang=\"EN-US\">\u00a0<\/span><em>|\u00a0<\/em><em><b><u><span lang=\"EN-US\"><a href=\"http:\/\/www.instagram.com\/sicredicentrooestepaulista\" target=\"_blank\" rel=\"noopener noreferrer\"><i><span lang=\"PT-BR\">Instagram<\/span><\/i><\/a><\/span><\/u><\/b><\/em><\/p>\n<p>Fonte: Comunica\u00e7\u00e3o e Marketing<\/p>\n","protected":false},"excerpt":{"rendered":"<p>Institui\u00e7\u00e3o financeira cooperativa almeja aumentar o quadro em 13% at\u00e9 o fim deste ano. O Sicredi, institui\u00e7\u00e3o financeira cooperativa presente em todo o Brasil, superou a marca de 40 mil pessoas colaboradoras no primeiro semestre deste ano. A estimativa \u00e9 contratar mais pessoas para atender a expans\u00e3o pelo Pa\u00eds, chegando a um crescimento de 13% [&hellip;]<\/p>\n","protected":false},"author":1,"featured_media":80384,"comment_status":"closed","ping_status":"open","sticky":false,"template":"","format":"standard","meta":{"footnotes":""},"categories":[110,116],"tags":[],"class_list":["post-80383","post","type-post","status-publish","format-standard","has-post-thumbnail","hentry","category-noticiasdestaque","category-politicaeeconomia"],"_links":{"self":[{"href":"https:\/\/jorgezanoni.com.br\/2019\/wp-json\/wp\/v2\/posts\/80383","targetHints":{"allow":["GET"]}}],"collection":[{"href":"https:\/\/jorgezanoni.com.br\/2019\/wp-json\/wp\/v2\/posts"}],"about":[{"href":"https:\/\/jorgezanoni.com.br\/2019\/wp-json\/wp\/v2\/types\/post"}],"author":[{"embeddable":true,"href":"https:\/\/jorgezanoni.com.br\/2019\/wp-json\/wp\/v2\/users\/1"}],"replies":[{"embeddable":true,"href":"https:\/\/jorgezanoni.com.br\/2019\/wp-json\/wp\/v2\/comments?post=80383"}],"version-history":[{"count":1,"href":"https:\/\/jorgezanoni.com.br\/2019\/wp-json\/wp\/v2\/posts\/80383\/revisions"}],"predecessor-version":[{"id":80385,"href":"https:\/\/jorgezanoni.com.br\/2019\/wp-json\/wp\/v2\/posts\/80383\/revisions\/80385"}],"wp:featuredmedia":[{"embeddable":true,"href":"https:\/\/jorgezanoni.com.br\/2019\/wp-json\/wp\/v2\/media\/80384"}],"wp:attachment":[{"href":"https:\/\/jorgezanoni.com.br\/2019\/wp-json\/wp\/v2\/media?parent=80383"}],"wp:term":[{"taxonomy":"category","embeddable":true,"href":"https:\/\/jorgezanoni.com.br\/2019\/wp-json\/wp\/v2\/categories?post=80383"},{"taxonomy":"post_tag","embeddable":true,"href":"https:\/\/jorgezanoni.com.br\/2019\/wp-json\/wp\/v2\/tags?post=80383"}],"curies":[{"name":"wp","href":"https:\/\/api.w.org\/{rel}","templated":true}]}}