{"id":80380,"date":"2023-09-07T13:49:16","date_gmt":"2023-09-07T13:49:16","guid":{"rendered":"https:\/\/jorgezanoni.com.br\/2019\/?p=80380"},"modified":"2023-09-07T13:49:16","modified_gmt":"2023-09-07T13:49:16","slug":"reta-final-de-inscricoes-para-o-vestibular-de-medicina-da-unifadra-dracena","status":"publish","type":"post","link":"https:\/\/jorgezanoni.com.br\/2019\/reta-final-de-inscricoes-para-o-vestibular-de-medicina-da-unifadra-dracena\/","title":{"rendered":"Reta final de inscri\u00e7\u00f5es para o vestibular de Medicina da Unifadra Dracena"},"content":{"rendered":"<p style=\"text-align: justify;\"><span style=\"font-size: large;\">Quem deseja usar a nota do ENEM para cursar Medicina tem at\u00e9 o dia 15 de setembro para se inscrever no processo seletivo da Unifadra Dracena.<\/span><\/p>\n<p><span style=\"font-size: large;\">Esta \u00e9 a reta final para quem quer ingressar na turma 2024 e as inscri\u00e7\u00f5es podem ser feitas pelo site\u00a0<a href=\"https:\/\/www.vunesp.com.br\/FDEC2301\" target=\"_blank\" rel=\"noopener noreferrer\">https:\/\/www.vunesp.com.br\/FDEC2301<\/a>\u00a0.<\/span><\/p>\n<p><span style=\"font-size: large;\">O resultado ser\u00e1 divulgado no dia 6 de outubro e as matr\u00edculas ser\u00e3o realizadas nos dias 9 e 10 de outubro.<\/span><\/p>\n<p><span style=\"font-size: large;\"><b>Vestibular de Medicina &#8211; Unifadra Dracena<\/b><\/span><br \/>\n<span style=\"font-size: large;\">Processo seletivo usando a nota do ENEM (2012 a 2022)<\/span><br \/>\n<span style=\"font-size: large;\"><b>Inscri\u00e7\u00f5es<\/b>: at\u00e9 15\/09\/2023<\/span><br \/>\n<span style=\"font-size: large;\"><b>Edital<\/b>:\u00a0<a href=\"https:\/\/www.vunesp.com.br\/FDEC2301\" target=\"_blank\" rel=\"noopener noreferrer\">https:\/\/www.vunesp.com.br\/FDEC2301<\/a><\/span><br \/>\n<span style=\"font-size: large;\"><b>Centro de Informa\u00e7\u00f5es<\/b>: (18) 3821-9004 | (18) 99802-1237<\/span><\/p>\n","protected":false},"excerpt":{"rendered":"<p>Quem deseja usar a nota do ENEM para cursar Medicina tem at\u00e9 o dia 15 de setembro para se inscrever no processo seletivo da Unifadra Dracena. Esta \u00e9 a reta final para quem quer ingressar na turma 2024 e as inscri\u00e7\u00f5es podem ser feitas pelo site\u00a0https:\/\/www.vunesp.com.br\/FDEC2301\u00a0. O resultado ser\u00e1 divulgado no dia 6 de outubro [&hellip;]<\/p>\n","protected":false},"author":1,"featured_media":80381,"comment_status":"closed","ping_status":"open","sticky":false,"template":"","format":"standard","meta":{"footnotes":""},"categories":[110,122],"tags":[],"class_list":["post-80380","post","type-post","status-publish","format-standard","has-post-thumbnail","hentry","category-noticiasdestaque","category-saudeeducacaoeconcurso"],"_links":{"self":[{"href":"https:\/\/jorgezanoni.com.br\/2019\/wp-json\/wp\/v2\/posts\/80380","targetHints":{"allow":["GET"]}}],"collection":[{"href":"https:\/\/jorgezanoni.com.br\/2019\/wp-json\/wp\/v2\/posts"}],"about":[{"href":"https:\/\/jorgezanoni.com.br\/2019\/wp-json\/wp\/v2\/types\/post"}],"author":[{"embeddable":true,"href":"https:\/\/jorgezanoni.com.br\/2019\/wp-json\/wp\/v2\/users\/1"}],"replies":[{"embeddable":true,"href":"https:\/\/jorgezanoni.com.br\/2019\/wp-json\/wp\/v2\/comments?post=80380"}],"version-history":[{"count":1,"href":"https:\/\/jorgezanoni.com.br\/2019\/wp-json\/wp\/v2\/posts\/80380\/revisions"}],"predecessor-version":[{"id":80382,"href":"https:\/\/jorgezanoni.com.br\/2019\/wp-json\/wp\/v2\/posts\/80380\/revisions\/80382"}],"wp:featuredmedia":[{"embeddable":true,"href":"https:\/\/jorgezanoni.com.br\/2019\/wp-json\/wp\/v2\/media\/80381"}],"wp:attachment":[{"href":"https:\/\/jorgezanoni.com.br\/2019\/wp-json\/wp\/v2\/media?parent=80380"}],"wp:term":[{"taxonomy":"category","embeddable":true,"href":"https:\/\/jorgezanoni.com.br\/2019\/wp-json\/wp\/v2\/categories?post=80380"},{"taxonomy":"post_tag","embeddable":true,"href":"https:\/\/jorgezanoni.com.br\/2019\/wp-json\/wp\/v2\/tags?post=80380"}],"curies":[{"name":"wp","href":"https:\/\/api.w.org\/{rel}","templated":true}]}}