{"id":80358,"date":"2023-09-06T17:30:57","date_gmt":"2023-09-06T17:30:57","guid":{"rendered":"https:\/\/jorgezanoni.com.br\/2019\/?p=80358"},"modified":"2023-09-06T17:30:57","modified_gmt":"2023-09-06T17:30:57","slug":"na-data-de-ontem-5-o-25-bpmi-recebeu-a-visita-do-excelentissimo-juiz-de-direito-de-dracena-dr-marcus-frazao-frota-diretor-tambem-da-comarca-local","status":"publish","type":"post","link":"https:\/\/jorgezanoni.com.br\/2019\/na-data-de-ontem-5-o-25-bpmi-recebeu-a-visita-do-excelentissimo-juiz-de-direito-de-dracena-dr-marcus-frazao-frota-diretor-tambem-da-comarca-local\/","title":{"rendered":"Na data de ontem (5) o 25\u00b0 BPMI recebeu a visita do Excelent\u00edssimo Juiz de Direito de Dracena Dr. Marcus Fraz\u00e3o Frota, diretor tamb\u00e9m da Comarca local"},"content":{"rendered":"<p style=\"text-align: justify;\">O Merit\u00edssimo Juiz foi recebido pelo Comandante do 25\u00b0BPMI, o Tenente Coronel PM J\u00falio Marcelo Romagnoli, tamb\u00e9m pelo Subcomandante Major PM Marcelo Cavalcante e pelos Capit\u00e3es PM Ederson e Cavalari.<\/p>\n<p style=\"text-align: justify;\">Na oportunidade o Dr. Marcus Fraz\u00e3o conheceu as depend\u00eancias do Batalh\u00e3o e teve a intera\u00e7\u00e3o sobre atua\u00e7\u00e3o operacional dessa Unidade.<\/p>\n<p><img loading=\"lazy\" decoding=\"async\" class=\"alignnone size-full wp-image-80359\" src=\"https:\/\/jorgezanoni.com.br\/2019\/wp-content\/uploads\/2023\/09\/juiz1-Pequeno.jpg\" alt=\"\" width=\"640\" height=\"480\" srcset=\"https:\/\/jorgezanoni.com.br\/2019\/wp-content\/uploads\/2023\/09\/juiz1-Pequeno.jpg 640w, https:\/\/jorgezanoni.com.br\/2019\/wp-content\/uploads\/2023\/09\/juiz1-Pequeno-300x225.jpg 300w, https:\/\/jorgezanoni.com.br\/2019\/wp-content\/uploads\/2023\/09\/juiz1-Pequeno-80x60.jpg 80w, https:\/\/jorgezanoni.com.br\/2019\/wp-content\/uploads\/2023\/09\/juiz1-Pequeno-265x198.jpg 265w, https:\/\/jorgezanoni.com.br\/2019\/wp-content\/uploads\/2023\/09\/juiz1-Pequeno-560x420.jpg 560w\" sizes=\"auto, (max-width: 640px) 100vw, 640px\" \/><\/p>\n<p style=\"text-align: justify;\">Pol\u00edcia Militar rumo aos 200 anos.<br \/>\nVamos todos juntos, ningu\u00e9m fica para tr\u00e1s.<\/p>\n<p>#25BPMI<br \/>\n#CPI8<br \/>\n#POLICIAMILITARSP<br \/>\n#AFOR\u00c7APUBLICADES\u00c3OPAULO<\/p>\n","protected":false},"excerpt":{"rendered":"<p>O Merit\u00edssimo Juiz foi recebido pelo Comandante do 25\u00b0BPMI, o Tenente Coronel PM J\u00falio Marcelo Romagnoli, tamb\u00e9m pelo Subcomandante Major PM Marcelo Cavalcante e pelos Capit\u00e3es PM Ederson e Cavalari. Na oportunidade o Dr. Marcus Fraz\u00e3o conheceu as depend\u00eancias do Batalh\u00e3o e teve a intera\u00e7\u00e3o sobre atua\u00e7\u00e3o operacional dessa Unidade. Pol\u00edcia Militar rumo aos 200 [&hellip;]<\/p>\n","protected":false},"author":1,"featured_media":80360,"comment_status":"closed","ping_status":"open","sticky":false,"template":"","format":"standard","meta":{"footnotes":""},"categories":[110,2],"tags":[],"class_list":["post-80358","post","type-post","status-publish","format-standard","has-post-thumbnail","hentry","category-noticiasdestaque","category-policial"],"_links":{"self":[{"href":"https:\/\/jorgezanoni.com.br\/2019\/wp-json\/wp\/v2\/posts\/80358","targetHints":{"allow":["GET"]}}],"collection":[{"href":"https:\/\/jorgezanoni.com.br\/2019\/wp-json\/wp\/v2\/posts"}],"about":[{"href":"https:\/\/jorgezanoni.com.br\/2019\/wp-json\/wp\/v2\/types\/post"}],"author":[{"embeddable":true,"href":"https:\/\/jorgezanoni.com.br\/2019\/wp-json\/wp\/v2\/users\/1"}],"replies":[{"embeddable":true,"href":"https:\/\/jorgezanoni.com.br\/2019\/wp-json\/wp\/v2\/comments?post=80358"}],"version-history":[{"count":1,"href":"https:\/\/jorgezanoni.com.br\/2019\/wp-json\/wp\/v2\/posts\/80358\/revisions"}],"predecessor-version":[{"id":80362,"href":"https:\/\/jorgezanoni.com.br\/2019\/wp-json\/wp\/v2\/posts\/80358\/revisions\/80362"}],"wp:featuredmedia":[{"embeddable":true,"href":"https:\/\/jorgezanoni.com.br\/2019\/wp-json\/wp\/v2\/media\/80360"}],"wp:attachment":[{"href":"https:\/\/jorgezanoni.com.br\/2019\/wp-json\/wp\/v2\/media?parent=80358"}],"wp:term":[{"taxonomy":"category","embeddable":true,"href":"https:\/\/jorgezanoni.com.br\/2019\/wp-json\/wp\/v2\/categories?post=80358"},{"taxonomy":"post_tag","embeddable":true,"href":"https:\/\/jorgezanoni.com.br\/2019\/wp-json\/wp\/v2\/tags?post=80358"}],"curies":[{"name":"wp","href":"https:\/\/api.w.org\/{rel}","templated":true}]}}