{"id":80355,"date":"2023-09-06T17:12:30","date_gmt":"2023-09-06T17:12:30","guid":{"rendered":"https:\/\/jorgezanoni.com.br\/2019\/?p=80355"},"modified":"2023-09-06T17:12:30","modified_gmt":"2023-09-06T17:12:30","slug":"policia-militar-prende-dois-homens-em-flagrante-por-furto-em-dracena","status":"publish","type":"post","link":"https:\/\/jorgezanoni.com.br\/2019\/policia-militar-prende-dois-homens-em-flagrante-por-furto-em-dracena\/","title":{"rendered":"Pol\u00edcia Militar prende dois homens em flagrante por furto em Dracena"},"content":{"rendered":"<p><strong>Pol\u00edcia Militar prende autores durante pr\u00e1tica de furto.<\/strong><\/p>\n<p style=\"text-align: justify;\">Na manh\u00e3 (04) por volta das 06h17min a equipe da Pol\u00edcia Militar de servi\u00e7o pelo munic\u00edpio de Dracena, foi acionada para atendimento de ocorr\u00eancia de furto, pelo local e em contato com o solicitante\/v\u00edtima (masculino 63 anos) que informou ter surpreendido os dois autores (masculino 38 anos) e (masculino 27 anos) retirando fios de cobre de sua propriedade, realizada a busca pessoal e em contato com os autores que confessaram a pr\u00e1tica do crime.<\/p>\n<p style=\"text-align: justify;\">Diante dos fatos foi dada voz de pris\u00e3o aos autores, permanecendo \u00e0 disposi\u00e7\u00e3o da Justi\u00e7a.<\/p>\n<p>Fonte: Comunica\u00e7\u00e3o Social Pol\u00edcia Militar<\/p>\n","protected":false},"excerpt":{"rendered":"<p>Pol\u00edcia Militar prende autores durante pr\u00e1tica de furto. Na manh\u00e3 (04) por volta das 06h17min a equipe da Pol\u00edcia Militar de servi\u00e7o pelo munic\u00edpio de Dracena, foi acionada para atendimento de ocorr\u00eancia de furto, pelo local e em contato com o solicitante\/v\u00edtima (masculino 63 anos) que informou ter surpreendido os dois autores (masculino 38 anos) [&hellip;]<\/p>\n","protected":false},"author":1,"featured_media":80356,"comment_status":"closed","ping_status":"open","sticky":false,"template":"","format":"standard","meta":{"footnotes":""},"categories":[110,2],"tags":[],"class_list":["post-80355","post","type-post","status-publish","format-standard","has-post-thumbnail","hentry","category-noticiasdestaque","category-policial"],"_links":{"self":[{"href":"https:\/\/jorgezanoni.com.br\/2019\/wp-json\/wp\/v2\/posts\/80355","targetHints":{"allow":["GET"]}}],"collection":[{"href":"https:\/\/jorgezanoni.com.br\/2019\/wp-json\/wp\/v2\/posts"}],"about":[{"href":"https:\/\/jorgezanoni.com.br\/2019\/wp-json\/wp\/v2\/types\/post"}],"author":[{"embeddable":true,"href":"https:\/\/jorgezanoni.com.br\/2019\/wp-json\/wp\/v2\/users\/1"}],"replies":[{"embeddable":true,"href":"https:\/\/jorgezanoni.com.br\/2019\/wp-json\/wp\/v2\/comments?post=80355"}],"version-history":[{"count":1,"href":"https:\/\/jorgezanoni.com.br\/2019\/wp-json\/wp\/v2\/posts\/80355\/revisions"}],"predecessor-version":[{"id":80357,"href":"https:\/\/jorgezanoni.com.br\/2019\/wp-json\/wp\/v2\/posts\/80355\/revisions\/80357"}],"wp:featuredmedia":[{"embeddable":true,"href":"https:\/\/jorgezanoni.com.br\/2019\/wp-json\/wp\/v2\/media\/80356"}],"wp:attachment":[{"href":"https:\/\/jorgezanoni.com.br\/2019\/wp-json\/wp\/v2\/media?parent=80355"}],"wp:term":[{"taxonomy":"category","embeddable":true,"href":"https:\/\/jorgezanoni.com.br\/2019\/wp-json\/wp\/v2\/categories?post=80355"},{"taxonomy":"post_tag","embeddable":true,"href":"https:\/\/jorgezanoni.com.br\/2019\/wp-json\/wp\/v2\/tags?post=80355"}],"curies":[{"name":"wp","href":"https:\/\/api.w.org\/{rel}","templated":true}]}}