{"id":80286,"date":"2023-09-03T23:43:39","date_gmt":"2023-09-03T23:43:39","guid":{"rendered":"https:\/\/jorgezanoni.com.br\/2019\/?p=80286"},"modified":"2023-09-04T01:15:03","modified_gmt":"2023-09-04T01:15:03","slug":"homem-morre-apos-ser-atingido-por-faca-em-dracena-sp","status":"publish","type":"post","link":"https:\/\/jorgezanoni.com.br\/2019\/homem-morre-apos-ser-atingido-por-faca-em-dracena-sp\/","title":{"rendered":"Homem morre ap\u00f3s ser atingido por faca em Dracena\/SP."},"content":{"rendered":"<div class=\"xdj266r x11i5rnm xat24cr x1mh8g0r x1vvkbs x126k92a\">\n<div dir=\"auto\"><strong>FALECEU O EX-ATIRADOR NETO DO TIRO DE GUERRA DE DRACENA.<\/strong><\/div>\n<div dir=\"auto\"><\/div>\n<\/div>\n<div class=\"x11i5rnm xat24cr x1mh8g0r x1vvkbs xtlvy1s x126k92a\">\n<div dir=\"auto\" style=\"text-align: justify;\">Daniel Domingos de Oliveira Neto (23 anos) foi v\u00edtima de homic\u00eddio no come\u00e7o da noite deste domingo no Conjunto Paulo Vendramim. O acusado do crime est\u00e1 preso. Os policiais tentam esclarecer o caso. Daniel \u00e9 filho de Camila Grassi Silva, funcion\u00e1ria do Pronto Atendimento Municipal.<\/div>\n<\/div>\n<div class=\"x11i5rnm xat24cr x1mh8g0r x1vvkbs xtlvy1s x126k92a\" style=\"text-align: justify;\">\n<div dir=\"auto\">Daniel foi aluno da Escola Professora Julieta Guedes de Mendon\u00e7a e integrou a turma do TG em 2019, tendo como instrutor o sargento Ben\u00edcio. Ainda jogou futebol e praticou t\u00eanis.<\/div>\n<div dir=\"auto\"><\/div>\n<div dir=\"auto\">Fonte: Bastidores da Not\u00edcia<\/div>\n<div dir=\"auto\"><\/div>\n<\/div>\n<p style=\"text-align: justify;\"><strong>No in\u00edcio da noite deste domingo (3), a Pol\u00edcia Militar registrou um Homic\u00eddio na Rua Toshinobu Tomiyoshi, no Conjunto Habitacional Paulo Vendramini II, Jardim Brasil\u00e2ndia.<\/strong><\/p>\n<p style=\"text-align: justify;\">As informa\u00e7\u00f5es preliminares obtidas pela reportagem do SITE JZ e TOP TV, \u00e9 de que um homem teria desferido ao menos tr\u00eas facadas em outro, na cabe\u00e7a, costas e barriga. H\u00e1 informa\u00e7\u00f5es a serem confirmadas que houve muito mais facadas.<\/p>\n<p style=\"text-align: justify;\">A vitima foi socorrida ao Pronto Socorro Municipal ainda com vida, mas devidos aos ferimentos n\u00e3o resistiu e veio a \u00f3bito.<\/p>\n<p style=\"text-align: justify;\">O autor foi preso em flagrante no local, numa r\u00e1pida a\u00e7\u00e3o da Pol\u00edcia Militar.<\/p>\n<p style=\"text-align: justify;\">A ocorr\u00eancia ainda est\u00e1 em andamento, aguardem novas informa\u00e7\u00f5es.<\/p>\n<p style=\"text-align: justify;\">Jorge Zanoni<\/p>\n","protected":false},"excerpt":{"rendered":"<p>FALECEU O EX-ATIRADOR NETO DO TIRO DE GUERRA DE DRACENA. Daniel Domingos de Oliveira Neto (23 anos) foi v\u00edtima de homic\u00eddio no come\u00e7o da noite deste domingo no Conjunto Paulo Vendramim. O acusado do crime est\u00e1 preso. Os policiais tentam esclarecer o caso. Daniel \u00e9 filho de Camila Grassi Silva, funcion\u00e1ria do Pronto Atendimento Municipal. [&hellip;]<\/p>\n","protected":false},"author":1,"featured_media":80309,"comment_status":"closed","ping_status":"open","sticky":false,"template":"","format":"standard","meta":{"footnotes":""},"categories":[110,2],"tags":[],"class_list":["post-80286","post","type-post","status-publish","format-standard","has-post-thumbnail","hentry","category-noticiasdestaque","category-policial"],"_links":{"self":[{"href":"https:\/\/jorgezanoni.com.br\/2019\/wp-json\/wp\/v2\/posts\/80286","targetHints":{"allow":["GET"]}}],"collection":[{"href":"https:\/\/jorgezanoni.com.br\/2019\/wp-json\/wp\/v2\/posts"}],"about":[{"href":"https:\/\/jorgezanoni.com.br\/2019\/wp-json\/wp\/v2\/types\/post"}],"author":[{"embeddable":true,"href":"https:\/\/jorgezanoni.com.br\/2019\/wp-json\/wp\/v2\/users\/1"}],"replies":[{"embeddable":true,"href":"https:\/\/jorgezanoni.com.br\/2019\/wp-json\/wp\/v2\/comments?post=80286"}],"version-history":[{"count":5,"href":"https:\/\/jorgezanoni.com.br\/2019\/wp-json\/wp\/v2\/posts\/80286\/revisions"}],"predecessor-version":[{"id":80311,"href":"https:\/\/jorgezanoni.com.br\/2019\/wp-json\/wp\/v2\/posts\/80286\/revisions\/80311"}],"wp:featuredmedia":[{"embeddable":true,"href":"https:\/\/jorgezanoni.com.br\/2019\/wp-json\/wp\/v2\/media\/80309"}],"wp:attachment":[{"href":"https:\/\/jorgezanoni.com.br\/2019\/wp-json\/wp\/v2\/media?parent=80286"}],"wp:term":[{"taxonomy":"category","embeddable":true,"href":"https:\/\/jorgezanoni.com.br\/2019\/wp-json\/wp\/v2\/categories?post=80286"},{"taxonomy":"post_tag","embeddable":true,"href":"https:\/\/jorgezanoni.com.br\/2019\/wp-json\/wp\/v2\/tags?post=80286"}],"curies":[{"name":"wp","href":"https:\/\/api.w.org\/{rel}","templated":true}]}}