{"id":80271,"date":"2023-09-02T17:52:12","date_gmt":"2023-09-02T17:52:12","guid":{"rendered":"https:\/\/jorgezanoni.com.br\/2019\/?p=80271"},"modified":"2023-09-02T17:52:12","modified_gmt":"2023-09-02T17:52:12","slug":"policia-militar-prende-autor-de-furto-em-dracena-e-recupera-todos-os-produtos","status":"publish","type":"post","link":"https:\/\/jorgezanoni.com.br\/2019\/policia-militar-prende-autor-de-furto-em-dracena-e-recupera-todos-os-produtos\/","title":{"rendered":"Pol\u00edcia Militar prende autor de furto em Dracena e recupera todos os produtos"},"content":{"rendered":"<p style=\"text-align: justify;\">Na data de hoje (2) por volta das 10h50min ap\u00f3s copom irradiar ocorr\u00eancia de furto a estabelecimento comercial, foi feito contato com a<br \/>\nv\u00edtima 38 anos a qual encontrava-se defronte a resid\u00eancia do autor 43 anos e com as r\u00e9s furtivas; quatro rolos<br \/>\nde fios de 2,5mm dois rolos de fios de 6mm, 1 rolo de fios de 4mm todos da marca corfio, oito pacotes de amendoim marca chaves, sete pacotes de salgadinho torcida, uma garrafa de wisk red<br \/>\nlabel, tr\u00eas pacotes de cigarro eigth, sendo que a irm\u00e3 do autor e o cunhado auxiliaram na restitui\u00e7\u00e3o das r\u00e9s furtivas, posteriormente efetuada a deten\u00e7\u00e3o do<br \/>\nautor em um pasto o qual tentou evadir-se, sendo dada voz de pris\u00e3o, e<br \/>\npermaneceu a disposi\u00e7\u00e3o da Justi\u00e7a.<\/p>\n<p>Fonte: Com. Social Pol\u00edcia Miliar<\/p>\n","protected":false},"excerpt":{"rendered":"<p>Na data de hoje (2) por volta das 10h50min ap\u00f3s copom irradiar ocorr\u00eancia de furto a estabelecimento comercial, foi feito contato com a v\u00edtima 38 anos a qual encontrava-se defronte a resid\u00eancia do autor 43 anos e com as r\u00e9s furtivas; quatro rolos de fios de 2,5mm dois rolos de fios de 6mm, 1 rolo [&hellip;]<\/p>\n","protected":false},"author":1,"featured_media":80272,"comment_status":"closed","ping_status":"open","sticky":false,"template":"","format":"standard","meta":{"footnotes":""},"categories":[110,2],"tags":[],"class_list":["post-80271","post","type-post","status-publish","format-standard","has-post-thumbnail","hentry","category-noticiasdestaque","category-policial"],"_links":{"self":[{"href":"https:\/\/jorgezanoni.com.br\/2019\/wp-json\/wp\/v2\/posts\/80271","targetHints":{"allow":["GET"]}}],"collection":[{"href":"https:\/\/jorgezanoni.com.br\/2019\/wp-json\/wp\/v2\/posts"}],"about":[{"href":"https:\/\/jorgezanoni.com.br\/2019\/wp-json\/wp\/v2\/types\/post"}],"author":[{"embeddable":true,"href":"https:\/\/jorgezanoni.com.br\/2019\/wp-json\/wp\/v2\/users\/1"}],"replies":[{"embeddable":true,"href":"https:\/\/jorgezanoni.com.br\/2019\/wp-json\/wp\/v2\/comments?post=80271"}],"version-history":[{"count":1,"href":"https:\/\/jorgezanoni.com.br\/2019\/wp-json\/wp\/v2\/posts\/80271\/revisions"}],"predecessor-version":[{"id":80273,"href":"https:\/\/jorgezanoni.com.br\/2019\/wp-json\/wp\/v2\/posts\/80271\/revisions\/80273"}],"wp:featuredmedia":[{"embeddable":true,"href":"https:\/\/jorgezanoni.com.br\/2019\/wp-json\/wp\/v2\/media\/80272"}],"wp:attachment":[{"href":"https:\/\/jorgezanoni.com.br\/2019\/wp-json\/wp\/v2\/media?parent=80271"}],"wp:term":[{"taxonomy":"category","embeddable":true,"href":"https:\/\/jorgezanoni.com.br\/2019\/wp-json\/wp\/v2\/categories?post=80271"},{"taxonomy":"post_tag","embeddable":true,"href":"https:\/\/jorgezanoni.com.br\/2019\/wp-json\/wp\/v2\/tags?post=80271"}],"curies":[{"name":"wp","href":"https:\/\/api.w.org\/{rel}","templated":true}]}}