{"id":80215,"date":"2023-08-31T16:08:40","date_gmt":"2023-08-31T16:08:40","guid":{"rendered":"https:\/\/jorgezanoni.com.br\/2019\/?p=80215"},"modified":"2023-08-31T16:09:25","modified_gmt":"2023-08-31T16:09:25","slug":"policia-militar-localiza-veiculo-furtado-em-dracena-na-vizinha-junqueiropolis","status":"publish","type":"post","link":"https:\/\/jorgezanoni.com.br\/2019\/policia-militar-localiza-veiculo-furtado-em-dracena-na-vizinha-junqueiropolis\/","title":{"rendered":"Pol\u00edcia Militar localiza ve\u00edculo furtado em Dracena, na vizinha Junqueir\u00f3polis"},"content":{"rendered":"<p style=\"text-align: justify;\">Na data de hoje (31) por volta das 01h17min a equipe da Pol\u00edcia Militar ap\u00f3s tomar ci\u00eancia de um furto de uma motocicleta Honda\/CG 125 Fan na cor vermelha ocorrido na cidade de Dracena, iniciou o patrulhamento pelo bairro Jardim Alvorada sendo que o ve\u00edculo foi localizado abandonado em um terreno baldio. O ve\u00edculo estava sem o farol dianteiro, retrovisores e placa, e tamb\u00e9m com uma chave no contato que n\u00e3o era a original. Per\u00edcia acionada tendo comparecido no local. A v\u00edtima (mulher 36 anos) compareceu ao local reconheceu a moto sendo de sua propriedade, sendo restitu\u00edda a ela a propriedade.<\/p>\n<p>Fonte: Com. Social Pol\u00edcia Militar<\/p>\n","protected":false},"excerpt":{"rendered":"<p>Na data de hoje (31) por volta das 01h17min a equipe da Pol\u00edcia Militar ap\u00f3s tomar ci\u00eancia de um furto de uma motocicleta Honda\/CG 125 Fan na cor vermelha ocorrido na cidade de Dracena, iniciou o patrulhamento pelo bairro Jardim Alvorada sendo que o ve\u00edculo foi localizado abandonado em um terreno baldio. O ve\u00edculo estava [&hellip;]<\/p>\n","protected":false},"author":1,"featured_media":80216,"comment_status":"closed","ping_status":"open","sticky":false,"template":"","format":"standard","meta":{"footnotes":""},"categories":[110,2],"tags":[],"class_list":["post-80215","post","type-post","status-publish","format-standard","has-post-thumbnail","hentry","category-noticiasdestaque","category-policial"],"_links":{"self":[{"href":"https:\/\/jorgezanoni.com.br\/2019\/wp-json\/wp\/v2\/posts\/80215","targetHints":{"allow":["GET"]}}],"collection":[{"href":"https:\/\/jorgezanoni.com.br\/2019\/wp-json\/wp\/v2\/posts"}],"about":[{"href":"https:\/\/jorgezanoni.com.br\/2019\/wp-json\/wp\/v2\/types\/post"}],"author":[{"embeddable":true,"href":"https:\/\/jorgezanoni.com.br\/2019\/wp-json\/wp\/v2\/users\/1"}],"replies":[{"embeddable":true,"href":"https:\/\/jorgezanoni.com.br\/2019\/wp-json\/wp\/v2\/comments?post=80215"}],"version-history":[{"count":1,"href":"https:\/\/jorgezanoni.com.br\/2019\/wp-json\/wp\/v2\/posts\/80215\/revisions"}],"predecessor-version":[{"id":80217,"href":"https:\/\/jorgezanoni.com.br\/2019\/wp-json\/wp\/v2\/posts\/80215\/revisions\/80217"}],"wp:featuredmedia":[{"embeddable":true,"href":"https:\/\/jorgezanoni.com.br\/2019\/wp-json\/wp\/v2\/media\/80216"}],"wp:attachment":[{"href":"https:\/\/jorgezanoni.com.br\/2019\/wp-json\/wp\/v2\/media?parent=80215"}],"wp:term":[{"taxonomy":"category","embeddable":true,"href":"https:\/\/jorgezanoni.com.br\/2019\/wp-json\/wp\/v2\/categories?post=80215"},{"taxonomy":"post_tag","embeddable":true,"href":"https:\/\/jorgezanoni.com.br\/2019\/wp-json\/wp\/v2\/tags?post=80215"}],"curies":[{"name":"wp","href":"https:\/\/api.w.org\/{rel}","templated":true}]}}