{"id":80212,"date":"2023-08-31T14:33:49","date_gmt":"2023-08-31T14:33:49","guid":{"rendered":"https:\/\/jorgezanoni.com.br\/2019\/?p=80212"},"modified":"2023-08-31T14:33:49","modified_gmt":"2023-08-31T14:33:49","slug":"policia-militar-prende-homem-em-flagrante-por-violencia-domestica-em-dracena","status":"publish","type":"post","link":"https:\/\/jorgezanoni.com.br\/2019\/policia-militar-prende-homem-em-flagrante-por-violencia-domestica-em-dracena\/","title":{"rendered":"Pol\u00edcia Militar prende homem em flagrante por viol\u00eancia dom\u00e9stica em Dracena"},"content":{"rendered":"<p style=\"text-align: justify;\">Na data de ontem (30) por volta das 07h08min foi irradiada ocorr\u00eancia de briga de casal pelo Jardim Brasil\u00e2ndia. Segundo consta pelo autor ap\u00f3s discutir com a sua am\u00e1sia (v\u00edtima 23 anos), tentava deixar a casa em um fiat palio, sendo abordado a aproximadamente 50 metros do local. Feito contato com a am\u00e1sia, ela informou que possui medida protetiva de urg\u00eancia em desfavor do autor concedida em 02 de agosto de 2023. A v\u00edtima informou ainda que o autor ap\u00f3s um ataque de f\u00faria quebrou o fog\u00e3o e o liquidificador, o ataque prosseguiu e a v\u00edtima disse que s\u00f3 n\u00e3o foi agredida fisicamente porque a viatura policial chegou a tempo de evitar.<br \/>\nDiante dos fatos foi dado voz de pris\u00e3o ao autor e elaborado o BOPC descumprimento de medida protetiva e amea\u00e7a.<\/p>\n<p>Fonte: Com. Social Pol\u00edcia Militar<\/p>\n","protected":false},"excerpt":{"rendered":"<p>Na data de ontem (30) por volta das 07h08min foi irradiada ocorr\u00eancia de briga de casal pelo Jardim Brasil\u00e2ndia. Segundo consta pelo autor ap\u00f3s discutir com a sua am\u00e1sia (v\u00edtima 23 anos), tentava deixar a casa em um fiat palio, sendo abordado a aproximadamente 50 metros do local. Feito contato com a am\u00e1sia, ela informou [&hellip;]<\/p>\n","protected":false},"author":1,"featured_media":80213,"comment_status":"closed","ping_status":"open","sticky":false,"template":"","format":"standard","meta":{"footnotes":""},"categories":[110,2],"tags":[],"class_list":["post-80212","post","type-post","status-publish","format-standard","has-post-thumbnail","hentry","category-noticiasdestaque","category-policial"],"_links":{"self":[{"href":"https:\/\/jorgezanoni.com.br\/2019\/wp-json\/wp\/v2\/posts\/80212","targetHints":{"allow":["GET"]}}],"collection":[{"href":"https:\/\/jorgezanoni.com.br\/2019\/wp-json\/wp\/v2\/posts"}],"about":[{"href":"https:\/\/jorgezanoni.com.br\/2019\/wp-json\/wp\/v2\/types\/post"}],"author":[{"embeddable":true,"href":"https:\/\/jorgezanoni.com.br\/2019\/wp-json\/wp\/v2\/users\/1"}],"replies":[{"embeddable":true,"href":"https:\/\/jorgezanoni.com.br\/2019\/wp-json\/wp\/v2\/comments?post=80212"}],"version-history":[{"count":1,"href":"https:\/\/jorgezanoni.com.br\/2019\/wp-json\/wp\/v2\/posts\/80212\/revisions"}],"predecessor-version":[{"id":80214,"href":"https:\/\/jorgezanoni.com.br\/2019\/wp-json\/wp\/v2\/posts\/80212\/revisions\/80214"}],"wp:featuredmedia":[{"embeddable":true,"href":"https:\/\/jorgezanoni.com.br\/2019\/wp-json\/wp\/v2\/media\/80213"}],"wp:attachment":[{"href":"https:\/\/jorgezanoni.com.br\/2019\/wp-json\/wp\/v2\/media?parent=80212"}],"wp:term":[{"taxonomy":"category","embeddable":true,"href":"https:\/\/jorgezanoni.com.br\/2019\/wp-json\/wp\/v2\/categories?post=80212"},{"taxonomy":"post_tag","embeddable":true,"href":"https:\/\/jorgezanoni.com.br\/2019\/wp-json\/wp\/v2\/tags?post=80212"}],"curies":[{"name":"wp","href":"https:\/\/api.w.org\/{rel}","templated":true}]}}