{"id":80200,"date":"2023-08-31T14:27:09","date_gmt":"2023-08-31T14:27:09","guid":{"rendered":"https:\/\/jorgezanoni.com.br\/2019\/?p=80200"},"modified":"2023-08-31T14:27:09","modified_gmt":"2023-08-31T14:27:09","slug":"legislativo-dracenense-por-elas-marca-um-novo-patamar-no-combate-a-violencia-contra-a-mulher-em-dracena","status":"publish","type":"post","link":"https:\/\/jorgezanoni.com.br\/2019\/legislativo-dracenense-por-elas-marca-um-novo-patamar-no-combate-a-violencia-contra-a-mulher-em-dracena\/","title":{"rendered":"&#8216;Legislativo Dracenense por Elas&#8217; marca um novo patamar no combate \u00e0 viol\u00eancia contra a mulher em Dracena"},"content":{"rendered":"<p style=\"text-align: justify;\"><strong><em>Evento de lan\u00e7amento da campanha foi realizada na \u00faltima sexta-feira.<\/em><\/strong><\/p>\n<p style=\"text-align: justify;\">Na \u00faltima sexta-feira, dia 25, a C\u00e2mara Municipal de Dracena promoveu o evento de lan\u00e7amento da Campanha Legislativo Dracenense por Elas. Esta iniciativa, oficializada atrav\u00e9s do Ato da Mesa n.\u00ba 08, de 08 de agosto de 2023, vem para fortalecer o combate \u00e0 viol\u00eancia contra a mulher no munic\u00edpio.<\/p>\n<p style=\"text-align: justify;\">O evento contou com a presen\u00e7a e participa\u00e7\u00e3o de personalidades proeminentes no cen\u00e1rio jur\u00eddico e social do munic\u00edpio:<\/p>\n<p style=\"text-align: justify;\">Dra. Aline Tabuchi Silva, Ju\u00edza de Direito da 1\u00aa Vara Judicial da Comarca de Dracena;<\/p>\n<p style=\"text-align: justify;\">Dra. Aline Sugahara Bertacco, Ju\u00edza de Direito da 3\u00aa Vara Judicial da Comarca de Dracena;<\/p>\n<p style=\"text-align: justify;\">Dra. Luciana Nunes Falc\u00e3o Mendes, titular da Delegacia da Mulher de Dracena;<\/p>\n<p style=\"text-align: justify;\">Dra. Margarete de C\u00e1ssia Lopes, coordenadora da Comiss\u00e3o da Mulher Advogada da 49\u00aa Subsec\u00e7\u00e3o da OAB\/SP;<\/p>\n<p style=\"text-align: justify;\">Dra. Ana C\u00e2ndida M. Junqueira Fernandes, psic\u00f3loga do CRAS de Dracena.<\/p>\n<p style=\"text-align: justify;\">Para compor a Mesa Principal, o presidente da C\u00e2mara Municipal de Dracena convidou as palestrantes, al\u00e9m do prefeito Andr\u00e9 Lemos e de outras autoridades presentes.<\/p>\n<p style=\"text-align: justify;\">Entre os temas abordados, destaque para a import\u00e2ncia da den\u00fancia, o combate ao ass\u00e9dio e abuso infantil, formas de preven\u00e7\u00e3o \u00e0 viol\u00eancia contra a mulher, as legisla\u00e7\u00f5es de prote\u00e7\u00e3o \u00e0 mulher e a apresenta\u00e7\u00e3o do protocolo &#8220;N\u00e3o se Cale&#8221; do Estado de S\u00e3o Paulo.<\/p>\n<p style=\"text-align: justify;\">A campanha &#8220;Legislativo Dracenense por Elas&#8221; tem o objetivo de ser uma fonte de informa\u00e7\u00e3o, preven\u00e7\u00e3o e apoio no combate \u00e0 viol\u00eancia contra a mulher. Com palestras esclarecedoras e um debate altamente informativo, o evento serviu como uma plataforma de conscientiza\u00e7\u00e3o, com vistas a minimizar os casos de viol\u00eancia e abuso em Dracena. A expectativa \u00e9 que a campanha seja realizada anualmente na C\u00e2mara.<\/p>\n<p style=\"text-align: justify;\">&#8220;Esse \u00e9 um passo importante na luta contra a viol\u00eancia. Estamos trabalhando juntos para construir uma sociedade mais justa e igualit\u00e1ria&#8221;, declarou o presidente da C\u00e2mara, Danilo Ledo.<\/p>\n<p><img loading=\"lazy\" decoding=\"async\" class=\"alignnone size-full wp-image-80201\" src=\"https:\/\/jorgezanoni.com.br\/2019\/wp-content\/uploads\/2023\/08\/camara-Pequeno-1.jpg\" alt=\"\" width=\"720\" height=\"480\" srcset=\"https:\/\/jorgezanoni.com.br\/2019\/wp-content\/uploads\/2023\/08\/camara-Pequeno-1.jpg 720w, https:\/\/jorgezanoni.com.br\/2019\/wp-content\/uploads\/2023\/08\/camara-Pequeno-1-300x200.jpg 300w, https:\/\/jorgezanoni.com.br\/2019\/wp-content\/uploads\/2023\/08\/camara-Pequeno-1-696x464.jpg 696w, https:\/\/jorgezanoni.com.br\/2019\/wp-content\/uploads\/2023\/08\/camara-Pequeno-1-630x420.jpg 630w\" sizes=\"auto, (max-width: 720px) 100vw, 720px\" \/> <img loading=\"lazy\" decoding=\"async\" class=\"alignnone size-full wp-image-80202\" src=\"https:\/\/jorgezanoni.com.br\/2019\/wp-content\/uploads\/2023\/08\/camara1-Pequeno-1.jpg\" alt=\"\" width=\"720\" height=\"480\" srcset=\"https:\/\/jorgezanoni.com.br\/2019\/wp-content\/uploads\/2023\/08\/camara1-Pequeno-1.jpg 720w, https:\/\/jorgezanoni.com.br\/2019\/wp-content\/uploads\/2023\/08\/camara1-Pequeno-1-300x200.jpg 300w, https:\/\/jorgezanoni.com.br\/2019\/wp-content\/uploads\/2023\/08\/camara1-Pequeno-1-696x464.jpg 696w, https:\/\/jorgezanoni.com.br\/2019\/wp-content\/uploads\/2023\/08\/camara1-Pequeno-1-630x420.jpg 630w\" sizes=\"auto, (max-width: 720px) 100vw, 720px\" \/> <img loading=\"lazy\" decoding=\"async\" class=\"alignnone size-full wp-image-80203\" src=\"https:\/\/jorgezanoni.com.br\/2019\/wp-content\/uploads\/2023\/08\/camara2-Pequeno-1.jpg\" alt=\"\" width=\"720\" height=\"480\" srcset=\"https:\/\/jorgezanoni.com.br\/2019\/wp-content\/uploads\/2023\/08\/camara2-Pequeno-1.jpg 720w, https:\/\/jorgezanoni.com.br\/2019\/wp-content\/uploads\/2023\/08\/camara2-Pequeno-1-300x200.jpg 300w, https:\/\/jorgezanoni.com.br\/2019\/wp-content\/uploads\/2023\/08\/camara2-Pequeno-1-696x464.jpg 696w, https:\/\/jorgezanoni.com.br\/2019\/wp-content\/uploads\/2023\/08\/camara2-Pequeno-1-630x420.jpg 630w\" sizes=\"auto, (max-width: 720px) 100vw, 720px\" \/> <img loading=\"lazy\" decoding=\"async\" class=\"alignnone size-full wp-image-80204\" src=\"https:\/\/jorgezanoni.com.br\/2019\/wp-content\/uploads\/2023\/08\/camara3-Pequeno.jpg\" alt=\"\" width=\"720\" height=\"480\" srcset=\"https:\/\/jorgezanoni.com.br\/2019\/wp-content\/uploads\/2023\/08\/camara3-Pequeno.jpg 720w, https:\/\/jorgezanoni.com.br\/2019\/wp-content\/uploads\/2023\/08\/camara3-Pequeno-300x200.jpg 300w, https:\/\/jorgezanoni.com.br\/2019\/wp-content\/uploads\/2023\/08\/camara3-Pequeno-696x464.jpg 696w, https:\/\/jorgezanoni.com.br\/2019\/wp-content\/uploads\/2023\/08\/camara3-Pequeno-630x420.jpg 630w\" sizes=\"auto, (max-width: 720px) 100vw, 720px\" \/> <img loading=\"lazy\" decoding=\"async\" class=\"alignnone size-full wp-image-80205\" src=\"https:\/\/jorgezanoni.com.br\/2019\/wp-content\/uploads\/2023\/08\/camara4-Pequeno.jpg\" alt=\"\" width=\"720\" height=\"480\" srcset=\"https:\/\/jorgezanoni.com.br\/2019\/wp-content\/uploads\/2023\/08\/camara4-Pequeno.jpg 720w, https:\/\/jorgezanoni.com.br\/2019\/wp-content\/uploads\/2023\/08\/camara4-Pequeno-300x200.jpg 300w, https:\/\/jorgezanoni.com.br\/2019\/wp-content\/uploads\/2023\/08\/camara4-Pequeno-696x464.jpg 696w, https:\/\/jorgezanoni.com.br\/2019\/wp-content\/uploads\/2023\/08\/camara4-Pequeno-630x420.jpg 630w\" sizes=\"auto, (max-width: 720px) 100vw, 720px\" \/> <img loading=\"lazy\" decoding=\"async\" class=\"alignnone size-full wp-image-80206\" src=\"https:\/\/jorgezanoni.com.br\/2019\/wp-content\/uploads\/2023\/08\/camara5-Pequeno.jpg\" alt=\"\" width=\"720\" height=\"480\" srcset=\"https:\/\/jorgezanoni.com.br\/2019\/wp-content\/uploads\/2023\/08\/camara5-Pequeno.jpg 720w, https:\/\/jorgezanoni.com.br\/2019\/wp-content\/uploads\/2023\/08\/camara5-Pequeno-300x200.jpg 300w, https:\/\/jorgezanoni.com.br\/2019\/wp-content\/uploads\/2023\/08\/camara5-Pequeno-696x464.jpg 696w, https:\/\/jorgezanoni.com.br\/2019\/wp-content\/uploads\/2023\/08\/camara5-Pequeno-630x420.jpg 630w\" sizes=\"auto, (max-width: 720px) 100vw, 720px\" \/> <img loading=\"lazy\" decoding=\"async\" class=\"alignnone size-full wp-image-80207\" src=\"https:\/\/jorgezanoni.com.br\/2019\/wp-content\/uploads\/2023\/08\/camara6-Pequeno.jpg\" alt=\"\" width=\"720\" height=\"480\" srcset=\"https:\/\/jorgezanoni.com.br\/2019\/wp-content\/uploads\/2023\/08\/camara6-Pequeno.jpg 720w, https:\/\/jorgezanoni.com.br\/2019\/wp-content\/uploads\/2023\/08\/camara6-Pequeno-300x200.jpg 300w, https:\/\/jorgezanoni.com.br\/2019\/wp-content\/uploads\/2023\/08\/camara6-Pequeno-696x464.jpg 696w, https:\/\/jorgezanoni.com.br\/2019\/wp-content\/uploads\/2023\/08\/camara6-Pequeno-630x420.jpg 630w\" sizes=\"auto, (max-width: 720px) 100vw, 720px\" \/> <img loading=\"lazy\" decoding=\"async\" class=\"alignnone size-full wp-image-80208\" src=\"https:\/\/jorgezanoni.com.br\/2019\/wp-content\/uploads\/2023\/08\/camara7-Pequeno.jpg\" alt=\"\" width=\"720\" height=\"480\" srcset=\"https:\/\/jorgezanoni.com.br\/2019\/wp-content\/uploads\/2023\/08\/camara7-Pequeno.jpg 720w, https:\/\/jorgezanoni.com.br\/2019\/wp-content\/uploads\/2023\/08\/camara7-Pequeno-300x200.jpg 300w, https:\/\/jorgezanoni.com.br\/2019\/wp-content\/uploads\/2023\/08\/camara7-Pequeno-696x464.jpg 696w, https:\/\/jorgezanoni.com.br\/2019\/wp-content\/uploads\/2023\/08\/camara7-Pequeno-630x420.jpg 630w\" sizes=\"auto, (max-width: 720px) 100vw, 720px\" \/> <img loading=\"lazy\" decoding=\"async\" class=\"alignnone size-full wp-image-80209\" src=\"https:\/\/jorgezanoni.com.br\/2019\/wp-content\/uploads\/2023\/08\/camara8-Pequeno.jpg\" alt=\"\" width=\"720\" height=\"480\" srcset=\"https:\/\/jorgezanoni.com.br\/2019\/wp-content\/uploads\/2023\/08\/camara8-Pequeno.jpg 720w, https:\/\/jorgezanoni.com.br\/2019\/wp-content\/uploads\/2023\/08\/camara8-Pequeno-300x200.jpg 300w, https:\/\/jorgezanoni.com.br\/2019\/wp-content\/uploads\/2023\/08\/camara8-Pequeno-696x464.jpg 696w, https:\/\/jorgezanoni.com.br\/2019\/wp-content\/uploads\/2023\/08\/camara8-Pequeno-630x420.jpg 630w\" sizes=\"auto, (max-width: 720px) 100vw, 720px\" \/><\/p>\n<p>Fonte: Assessoria de Imprensa<\/p>\n","protected":false},"excerpt":{"rendered":"<p>Evento de lan\u00e7amento da campanha foi realizada na \u00faltima sexta-feira. Na \u00faltima sexta-feira, dia 25, a C\u00e2mara Municipal de Dracena promoveu o evento de lan\u00e7amento da Campanha Legislativo Dracenense por Elas. Esta iniciativa, oficializada atrav\u00e9s do Ato da Mesa n.\u00ba 08, de 08 de agosto de 2023, vem para fortalecer o combate \u00e0 viol\u00eancia contra [&hellip;]<\/p>\n","protected":false},"author":1,"featured_media":80210,"comment_status":"closed","ping_status":"open","sticky":false,"template":"","format":"standard","meta":{"footnotes":""},"categories":[120,110,116],"tags":[],"class_list":["post-80200","post","type-post","status-publish","format-standard","has-post-thumbnail","hentry","category-justicahabitacaotecnologia","category-noticiasdestaque","category-politicaeeconomia"],"_links":{"self":[{"href":"https:\/\/jorgezanoni.com.br\/2019\/wp-json\/wp\/v2\/posts\/80200","targetHints":{"allow":["GET"]}}],"collection":[{"href":"https:\/\/jorgezanoni.com.br\/2019\/wp-json\/wp\/v2\/posts"}],"about":[{"href":"https:\/\/jorgezanoni.com.br\/2019\/wp-json\/wp\/v2\/types\/post"}],"author":[{"embeddable":true,"href":"https:\/\/jorgezanoni.com.br\/2019\/wp-json\/wp\/v2\/users\/1"}],"replies":[{"embeddable":true,"href":"https:\/\/jorgezanoni.com.br\/2019\/wp-json\/wp\/v2\/comments?post=80200"}],"version-history":[{"count":1,"href":"https:\/\/jorgezanoni.com.br\/2019\/wp-json\/wp\/v2\/posts\/80200\/revisions"}],"predecessor-version":[{"id":80211,"href":"https:\/\/jorgezanoni.com.br\/2019\/wp-json\/wp\/v2\/posts\/80200\/revisions\/80211"}],"wp:featuredmedia":[{"embeddable":true,"href":"https:\/\/jorgezanoni.com.br\/2019\/wp-json\/wp\/v2\/media\/80210"}],"wp:attachment":[{"href":"https:\/\/jorgezanoni.com.br\/2019\/wp-json\/wp\/v2\/media?parent=80200"}],"wp:term":[{"taxonomy":"category","embeddable":true,"href":"https:\/\/jorgezanoni.com.br\/2019\/wp-json\/wp\/v2\/categories?post=80200"},{"taxonomy":"post_tag","embeddable":true,"href":"https:\/\/jorgezanoni.com.br\/2019\/wp-json\/wp\/v2\/tags?post=80200"}],"curies":[{"name":"wp","href":"https:\/\/api.w.org\/{rel}","templated":true}]}}