{"id":80196,"date":"2023-08-31T14:09:38","date_gmt":"2023-08-31T14:09:38","guid":{"rendered":"https:\/\/jorgezanoni.com.br\/2019\/?p=80196"},"modified":"2023-08-31T14:09:38","modified_gmt":"2023-08-31T14:09:38","slug":"fundec-abre-processo-seletivo-para-contratacao-de-estagiarios-2","status":"publish","type":"post","link":"https:\/\/jorgezanoni.com.br\/2019\/fundec-abre-processo-seletivo-para-contratacao-de-estagiarios-2\/","title":{"rendered":"Fundec abre processo seletivo para contrata\u00e7\u00e3o de estagi\u00e1rios"},"content":{"rendered":"<p style=\"text-align: justify;\"><span style=\"font-size: large;\">A Funda\u00e7\u00e3o Dracenense de Educa\u00e7\u00e3o e Cultura (Fundec) est\u00e1 em busca de alunos dos cursos de Educa\u00e7\u00e3o F\u00edsica e Pedagogia para <\/span>estagiarem<span style=\"font-size: large;\">\u00a0na institui\u00e7\u00e3o e abriu inscri\u00e7\u00f5es para o Processo Seletivo 08\/2023. O edital est\u00e1 dispon\u00edvel no link\u00a0<a href=\"https:\/\/fundec.edu.br\/editais\" target=\"_blank\" rel=\"noopener noreferrer\">https:\/\/fundec.edu.br\/editais<\/a> e os interessados devem acessar o bot\u00e3o &#8220;Portal de Inscri\u00e7\u00f5es&#8221; para se candidatar \u00e0 vaga, at\u00e9 o dia 11\/09\/2023.<\/span><\/p>\n<p>Fonte: Depto. Comunica\u00e7\u00e3o da Fundec<\/p>\n","protected":false},"excerpt":{"rendered":"<p>A Funda\u00e7\u00e3o Dracenense de Educa\u00e7\u00e3o e Cultura (Fundec) est\u00e1 em busca de alunos dos cursos de Educa\u00e7\u00e3o F\u00edsica e Pedagogia para estagiarem\u00a0na institui\u00e7\u00e3o e abriu inscri\u00e7\u00f5es para o Processo Seletivo 08\/2023. O edital est\u00e1 dispon\u00edvel no link\u00a0https:\/\/fundec.edu.br\/editais e os interessados devem acessar o bot\u00e3o &#8220;Portal de Inscri\u00e7\u00f5es&#8221; para se candidatar \u00e0 vaga, at\u00e9 o dia [&hellip;]<\/p>\n","protected":false},"author":1,"featured_media":80197,"comment_status":"closed","ping_status":"open","sticky":false,"template":"","format":"standard","meta":{"footnotes":""},"categories":[110,122],"tags":[],"class_list":["post-80196","post","type-post","status-publish","format-standard","has-post-thumbnail","hentry","category-noticiasdestaque","category-saudeeducacaoeconcurso"],"_links":{"self":[{"href":"https:\/\/jorgezanoni.com.br\/2019\/wp-json\/wp\/v2\/posts\/80196","targetHints":{"allow":["GET"]}}],"collection":[{"href":"https:\/\/jorgezanoni.com.br\/2019\/wp-json\/wp\/v2\/posts"}],"about":[{"href":"https:\/\/jorgezanoni.com.br\/2019\/wp-json\/wp\/v2\/types\/post"}],"author":[{"embeddable":true,"href":"https:\/\/jorgezanoni.com.br\/2019\/wp-json\/wp\/v2\/users\/1"}],"replies":[{"embeddable":true,"href":"https:\/\/jorgezanoni.com.br\/2019\/wp-json\/wp\/v2\/comments?post=80196"}],"version-history":[{"count":1,"href":"https:\/\/jorgezanoni.com.br\/2019\/wp-json\/wp\/v2\/posts\/80196\/revisions"}],"predecessor-version":[{"id":80199,"href":"https:\/\/jorgezanoni.com.br\/2019\/wp-json\/wp\/v2\/posts\/80196\/revisions\/80199"}],"wp:featuredmedia":[{"embeddable":true,"href":"https:\/\/jorgezanoni.com.br\/2019\/wp-json\/wp\/v2\/media\/80197"}],"wp:attachment":[{"href":"https:\/\/jorgezanoni.com.br\/2019\/wp-json\/wp\/v2\/media?parent=80196"}],"wp:term":[{"taxonomy":"category","embeddable":true,"href":"https:\/\/jorgezanoni.com.br\/2019\/wp-json\/wp\/v2\/categories?post=80196"},{"taxonomy":"post_tag","embeddable":true,"href":"https:\/\/jorgezanoni.com.br\/2019\/wp-json\/wp\/v2\/tags?post=80196"}],"curies":[{"name":"wp","href":"https:\/\/api.w.org\/{rel}","templated":true}]}}