{"id":80158,"date":"2023-08-30T18:39:53","date_gmt":"2023-08-30T18:39:53","guid":{"rendered":"https:\/\/jorgezanoni.com.br\/2019\/?p=80158"},"modified":"2023-08-30T18:39:53","modified_gmt":"2023-08-30T18:39:53","slug":"policia-civil-apresenta-tema-sobre-drogadicao-durante-reuniao-mensal-do-conseg-em-dracena","status":"publish","type":"post","link":"https:\/\/jorgezanoni.com.br\/2019\/policia-civil-apresenta-tema-sobre-drogadicao-durante-reuniao-mensal-do-conseg-em-dracena\/","title":{"rendered":"Pol\u00edcia Civil apresenta tema sobre drogadi\u00e7\u00e3o durante reuni\u00e3o mensal do Conseg em Dracena"},"content":{"rendered":"<p style=\"text-align: justify;\"><strong>POL\u00cdCIA CIVIL APRESENTA TEMA SOBRE DROGADI\u00c7\u00c3O DURANTE REUNI\u00c3O MENSAL DO CONSELHO COMUNIT\u00c1RIO DE SEGURAN\u00c7A EM DRACENA.<\/strong><\/p>\n<p style=\"text-align: justify;\">A Pol\u00edcia Civil, por interm\u00e9dio da Delegacia Seccional de Pol\u00edcia de Dracena, promoveu nesta ter\u00e7a-feira (29), uma apresenta\u00e7\u00e3o sobre preven\u00e7\u00e3o ao uso nocivo de drogas durante reuni\u00e3o mensal ordin\u00e1ria do Conselho Comunit\u00e1rio de Seguran\u00e7a &#8211; Conseg, do munic\u00edpio de Dracena (SP). A palestra ministrada pelo agente policial Reginaldo Rosa, ocorreu no sal\u00e3o do Centro Comunit\u00e1rio do bairro Jardim Brasil\u00e2ndia.<br \/>\nDurante a exposi\u00e7\u00e3o sobre o tema, o agente policial enfatizou que a experimenta\u00e7\u00e3o e o uso de drogas l\u00edcitas ou il\u00edcitas, atualmente, \u00e9 um dos maiores problemas de sa\u00fade p\u00fablica do mundo, um dano cr\u00f4nico de cunho social e que invariavelmente acaba sempre culminando em casos de pol\u00edcia. O dependente qu\u00edmico, muitas vezes, para manter o seu v\u00edcio recorre a pr\u00e1tica dos crimes patrimoniais, a exemplos, furtos, roubos, e outros delitos.<br \/>\nO presidente do Conseg, senhor Milton Polon, enalteceu a fala apresentada e parabenizou a Pol\u00edcia Civil pelo trabalho preventivo realizado com os adolescentes e jovens em prol da sociedade dracenense e regi\u00e3o. O evento contou tamb\u00e9m com a presen\u00e7a do Dr Feres Cury Karam, delegado de pol\u00edcia assistente, que \u00e9 membro nato do Conselho Comunit\u00e1rio de Seguran\u00e7a de Dracena.<\/p>\n<p><img loading=\"lazy\" decoding=\"async\" class=\"alignnone size-full wp-image-80159\" src=\"https:\/\/jorgezanoni.com.br\/2019\/wp-content\/uploads\/2023\/08\/ci1-Pequeno.jpg\" alt=\"\" width=\"718\" height=\"480\" srcset=\"https:\/\/jorgezanoni.com.br\/2019\/wp-content\/uploads\/2023\/08\/ci1-Pequeno.jpg 718w, https:\/\/jorgezanoni.com.br\/2019\/wp-content\/uploads\/2023\/08\/ci1-Pequeno-300x201.jpg 300w, https:\/\/jorgezanoni.com.br\/2019\/wp-content\/uploads\/2023\/08\/ci1-Pequeno-696x465.jpg 696w, https:\/\/jorgezanoni.com.br\/2019\/wp-content\/uploads\/2023\/08\/ci1-Pequeno-628x420.jpg 628w\" sizes=\"auto, (max-width: 718px) 100vw, 718px\" \/> <img loading=\"lazy\" decoding=\"async\" class=\"alignnone size-full wp-image-80160\" src=\"https:\/\/jorgezanoni.com.br\/2019\/wp-content\/uploads\/2023\/08\/ci-Pequeno.jpg\" alt=\"\" width=\"636\" height=\"480\" srcset=\"https:\/\/jorgezanoni.com.br\/2019\/wp-content\/uploads\/2023\/08\/ci-Pequeno.jpg 636w, https:\/\/jorgezanoni.com.br\/2019\/wp-content\/uploads\/2023\/08\/ci-Pequeno-300x226.jpg 300w, https:\/\/jorgezanoni.com.br\/2019\/wp-content\/uploads\/2023\/08\/ci-Pequeno-80x60.jpg 80w, https:\/\/jorgezanoni.com.br\/2019\/wp-content\/uploads\/2023\/08\/ci-Pequeno-557x420.jpg 557w\" sizes=\"auto, (max-width: 636px) 100vw, 636px\" \/> <img loading=\"lazy\" decoding=\"async\" class=\"alignnone size-full wp-image-80162\" src=\"https:\/\/jorgezanoni.com.br\/2019\/wp-content\/uploads\/2023\/08\/ci2-Pequeno.jpg\" alt=\"\" width=\"854\" height=\"328\" srcset=\"https:\/\/jorgezanoni.com.br\/2019\/wp-content\/uploads\/2023\/08\/ci2-Pequeno.jpg 854w, https:\/\/jorgezanoni.com.br\/2019\/wp-content\/uploads\/2023\/08\/ci2-Pequeno-300x115.jpg 300w, https:\/\/jorgezanoni.com.br\/2019\/wp-content\/uploads\/2023\/08\/ci2-Pequeno-768x295.jpg 768w, https:\/\/jorgezanoni.com.br\/2019\/wp-content\/uploads\/2023\/08\/ci2-Pequeno-696x267.jpg 696w\" sizes=\"auto, (max-width: 854px) 100vw, 854px\" \/><\/p>\n<p>Fonte: Com. Social Pol\u00edcia Civil<\/p>\n","protected":false},"excerpt":{"rendered":"<p>POL\u00cdCIA CIVIL APRESENTA TEMA SOBRE DROGADI\u00c7\u00c3O DURANTE REUNI\u00c3O MENSAL DO CONSELHO COMUNIT\u00c1RIO DE SEGURAN\u00c7A EM DRACENA. A Pol\u00edcia Civil, por interm\u00e9dio da Delegacia Seccional de Pol\u00edcia de Dracena, promoveu nesta ter\u00e7a-feira (29), uma apresenta\u00e7\u00e3o sobre preven\u00e7\u00e3o ao uso nocivo de drogas durante reuni\u00e3o mensal ordin\u00e1ria do Conselho Comunit\u00e1rio de Seguran\u00e7a &#8211; Conseg, do munic\u00edpio de [&hellip;]<\/p>\n","protected":false},"author":1,"featured_media":80161,"comment_status":"closed","ping_status":"open","sticky":false,"template":"","format":"standard","meta":{"footnotes":""},"categories":[110,2],"tags":[],"class_list":["post-80158","post","type-post","status-publish","format-standard","has-post-thumbnail","hentry","category-noticiasdestaque","category-policial"],"_links":{"self":[{"href":"https:\/\/jorgezanoni.com.br\/2019\/wp-json\/wp\/v2\/posts\/80158","targetHints":{"allow":["GET"]}}],"collection":[{"href":"https:\/\/jorgezanoni.com.br\/2019\/wp-json\/wp\/v2\/posts"}],"about":[{"href":"https:\/\/jorgezanoni.com.br\/2019\/wp-json\/wp\/v2\/types\/post"}],"author":[{"embeddable":true,"href":"https:\/\/jorgezanoni.com.br\/2019\/wp-json\/wp\/v2\/users\/1"}],"replies":[{"embeddable":true,"href":"https:\/\/jorgezanoni.com.br\/2019\/wp-json\/wp\/v2\/comments?post=80158"}],"version-history":[{"count":1,"href":"https:\/\/jorgezanoni.com.br\/2019\/wp-json\/wp\/v2\/posts\/80158\/revisions"}],"predecessor-version":[{"id":80163,"href":"https:\/\/jorgezanoni.com.br\/2019\/wp-json\/wp\/v2\/posts\/80158\/revisions\/80163"}],"wp:featuredmedia":[{"embeddable":true,"href":"https:\/\/jorgezanoni.com.br\/2019\/wp-json\/wp\/v2\/media\/80161"}],"wp:attachment":[{"href":"https:\/\/jorgezanoni.com.br\/2019\/wp-json\/wp\/v2\/media?parent=80158"}],"wp:term":[{"taxonomy":"category","embeddable":true,"href":"https:\/\/jorgezanoni.com.br\/2019\/wp-json\/wp\/v2\/categories?post=80158"},{"taxonomy":"post_tag","embeddable":true,"href":"https:\/\/jorgezanoni.com.br\/2019\/wp-json\/wp\/v2\/tags?post=80158"}],"curies":[{"name":"wp","href":"https:\/\/api.w.org\/{rel}","templated":true}]}}