{"id":80154,"date":"2023-08-29T23:59:59","date_gmt":"2023-08-29T23:59:59","guid":{"rendered":"https:\/\/jorgezanoni.com.br\/2019\/?p=80154"},"modified":"2023-08-30T00:00:16","modified_gmt":"2023-08-30T00:00:16","slug":"policia-militar-prende-homem-em-flagrante-por-violencia-domestica-conta-a-mae-em-dracena","status":"publish","type":"post","link":"https:\/\/jorgezanoni.com.br\/2019\/policia-militar-prende-homem-em-flagrante-por-violencia-domestica-conta-a-mae-em-dracena\/","title":{"rendered":"Pol\u00edcia Militar prende homem em flagrante por viol\u00eancia dom\u00e9stica contra a m\u00e3e em Dracena"},"content":{"rendered":"<p style=\"text-align: justify;\">Na data de ontem (28) por volta das 23h21min foi irradiado via 190 ocorr\u00eancia de viol\u00eancia dom\u00e9stica, no Jardim Vera Cruz, onde consta que o autor (homem 36 anos) estava amea\u00e7ando sua genitora (mulher 71 anos) com dois fac\u00f5es, pelo local foi constatado o autor com os dois fac\u00f5es, sendo verbalizado para soltar, por\u00e9m o autor n\u00e3o obedecia a ordem, em dado momento tentou investir contra as equipes policiais, no entanto veio a recuar, continuando ent\u00e3o a verbalizar para soltar os fac\u00f5es, em raz\u00e3o da negativa, e para assegurar a integridade f\u00edsica de todos envolvidos, progredimos no uso da taser (arma de incapacita\u00e7\u00e3o neuromuscular), e com \u00eaxito foi atingido o autor, sendo imobilizado e algemado. Conduzido ao Pronto Atendimento Municipal, onde foi medicado e dado voz de pris\u00e3o permanecendo \u00e0 disposi\u00e7\u00e3o da Justi\u00e7a.<\/p>\n<p>Fonte: Com. Social Pol\u00edcia Militar<\/p>\n","protected":false},"excerpt":{"rendered":"<p>Na data de ontem (28) por volta das 23h21min foi irradiado via 190 ocorr\u00eancia de viol\u00eancia dom\u00e9stica, no Jardim Vera Cruz, onde consta que o autor (homem 36 anos) estava amea\u00e7ando sua genitora (mulher 71 anos) com dois fac\u00f5es, pelo local foi constatado o autor com os dois fac\u00f5es, sendo verbalizado para soltar, por\u00e9m o [&hellip;]<\/p>\n","protected":false},"author":1,"featured_media":80155,"comment_status":"closed","ping_status":"open","sticky":false,"template":"","format":"standard","meta":{"footnotes":""},"categories":[110,2],"tags":[],"class_list":["post-80154","post","type-post","status-publish","format-standard","has-post-thumbnail","hentry","category-noticiasdestaque","category-policial"],"_links":{"self":[{"href":"https:\/\/jorgezanoni.com.br\/2019\/wp-json\/wp\/v2\/posts\/80154","targetHints":{"allow":["GET"]}}],"collection":[{"href":"https:\/\/jorgezanoni.com.br\/2019\/wp-json\/wp\/v2\/posts"}],"about":[{"href":"https:\/\/jorgezanoni.com.br\/2019\/wp-json\/wp\/v2\/types\/post"}],"author":[{"embeddable":true,"href":"https:\/\/jorgezanoni.com.br\/2019\/wp-json\/wp\/v2\/users\/1"}],"replies":[{"embeddable":true,"href":"https:\/\/jorgezanoni.com.br\/2019\/wp-json\/wp\/v2\/comments?post=80154"}],"version-history":[{"count":2,"href":"https:\/\/jorgezanoni.com.br\/2019\/wp-json\/wp\/v2\/posts\/80154\/revisions"}],"predecessor-version":[{"id":80157,"href":"https:\/\/jorgezanoni.com.br\/2019\/wp-json\/wp\/v2\/posts\/80154\/revisions\/80157"}],"wp:featuredmedia":[{"embeddable":true,"href":"https:\/\/jorgezanoni.com.br\/2019\/wp-json\/wp\/v2\/media\/80155"}],"wp:attachment":[{"href":"https:\/\/jorgezanoni.com.br\/2019\/wp-json\/wp\/v2\/media?parent=80154"}],"wp:term":[{"taxonomy":"category","embeddable":true,"href":"https:\/\/jorgezanoni.com.br\/2019\/wp-json\/wp\/v2\/categories?post=80154"},{"taxonomy":"post_tag","embeddable":true,"href":"https:\/\/jorgezanoni.com.br\/2019\/wp-json\/wp\/v2\/tags?post=80154"}],"curies":[{"name":"wp","href":"https:\/\/api.w.org\/{rel}","templated":true}]}}