{"id":80142,"date":"2023-08-29T23:39:16","date_gmt":"2023-08-29T23:39:16","guid":{"rendered":"https:\/\/jorgezanoni.com.br\/2019\/?p=80142"},"modified":"2023-08-29T23:40:03","modified_gmt":"2023-08-29T23:40:03","slug":"prevencao-as-drogas-policia-civil-promove-acao-prevencionista-para-colaboradores-de-empresa-no-ramo-moveleiro-em-drecena","status":"publish","type":"post","link":"https:\/\/jorgezanoni.com.br\/2019\/prevencao-as-drogas-policia-civil-promove-acao-prevencionista-para-colaboradores-de-empresa-no-ramo-moveleiro-em-drecena\/","title":{"rendered":"Preven\u00e7\u00e3o \u00e0s Drogas: Pol\u00edcia Civil promove a\u00e7\u00e3o prevencionista para colaboradores de empresa no ramo moveleiro em Drecena"},"content":{"rendered":"<p style=\"text-align: justify;\">A Pol\u00edcia Civil, por interm\u00e9dio da Delegacia Seccional de Pol\u00edcia de Dracena, realizou nesta ter\u00e7a-feira (19), uma a\u00e7\u00e3o de preven\u00e7\u00e3o ao uso nocivo de drogas para cerca de 80 colaboradores da ind\u00fastria Olivar M\u00f3veis. A atividade faz parte da programa\u00e7\u00e3o da Semana Interna de Preven\u00e7\u00e3o de Acidentes de Trabalho &#8211; SIPAT promovida pela fabricante de m\u00f3veis, que \u00e9 estabelecida em Dracena (SP).<\/p>\n<p style=\"text-align: justify;\">O convite partiu da dire\u00e7\u00e3o da empresa e a palestra como tema \u201cPreven\u00e7\u00e3o ao Uso Nocivo de Drogas no Ambiente de Trabalho\u201d foi apresentada pelo Agente Policial Reginaldo Rosa, que discorreu sobre o consumo de drogas licitas e il\u00edcitas, consequ\u00eancias e os efeitos na vida pessoal, vida profissional do indiv\u00edduo, gerando impacto negativo na produtividade do trabalho. Nesta seara, o agente ressaltou tamb\u00e9m sobre o uso abusivo de \u00e1lcool, que apesar de ser uma droga l\u00edcita, \u00e9 a principal causa de pedido de aux\u00edlio-doen\u00e7a e de afastamento do trabalho (Dados INSS),<\/p>\n<p style=\"text-align: justify;\">Finalizando no bate-papo, o policial civil lembrou da import\u00e2ncia da busca de uma melhor qualidade de vida, do poder de escolha individual, e da procura do equil\u00edbrio emocional visando mitigar risco do uso de drogas.<\/p>\n<p>Ao final do evento, o representante da empresa Olivar M\u00f3veis agradeceu a participa\u00e7\u00e3o da Pol\u00edcia Civil. E tamb\u00e9m, houve tempo de sanar eventuais d\u00favidas dos colaboradores.<\/p>\n<p style=\"text-align: justify;\"><img loading=\"lazy\" decoding=\"async\" class=\"alignnone size-full wp-image-80148\" src=\"https:\/\/jorgezanoni.com.br\/2019\/wp-content\/uploads\/2023\/08\/pmm-Pequeno-2.jpg\" alt=\"\" width=\"480\" height=\"480\" srcset=\"https:\/\/jorgezanoni.com.br\/2019\/wp-content\/uploads\/2023\/08\/pmm-Pequeno-2.jpg 480w, https:\/\/jorgezanoni.com.br\/2019\/wp-content\/uploads\/2023\/08\/pmm-Pequeno-2-300x300.jpg 300w, https:\/\/jorgezanoni.com.br\/2019\/wp-content\/uploads\/2023\/08\/pmm-Pequeno-2-150x150.jpg 150w, https:\/\/jorgezanoni.com.br\/2019\/wp-content\/uploads\/2023\/08\/pmm-Pequeno-2-420x420.jpg 420w\" sizes=\"auto, (max-width: 480px) 100vw, 480px\" \/> <img loading=\"lazy\" decoding=\"async\" class=\"alignnone size-full wp-image-80149\" src=\"https:\/\/jorgezanoni.com.br\/2019\/wp-content\/uploads\/2023\/08\/pmm1-Pequeno-1.jpg\" alt=\"\" width=\"480\" height=\"551\" srcset=\"https:\/\/jorgezanoni.com.br\/2019\/wp-content\/uploads\/2023\/08\/pmm1-Pequeno-1.jpg 480w, https:\/\/jorgezanoni.com.br\/2019\/wp-content\/uploads\/2023\/08\/pmm1-Pequeno-1-261x300.jpg 261w, https:\/\/jorgezanoni.com.br\/2019\/wp-content\/uploads\/2023\/08\/pmm1-Pequeno-1-366x420.jpg 366w\" sizes=\"auto, (max-width: 480px) 100vw, 480px\" \/> <img loading=\"lazy\" decoding=\"async\" class=\"alignnone size-full wp-image-80150\" src=\"https:\/\/jorgezanoni.com.br\/2019\/wp-content\/uploads\/2023\/08\/pmm2-Pequeno-1.jpg\" alt=\"\" width=\"480\" height=\"480\" srcset=\"https:\/\/jorgezanoni.com.br\/2019\/wp-content\/uploads\/2023\/08\/pmm2-Pequeno-1.jpg 480w, https:\/\/jorgezanoni.com.br\/2019\/wp-content\/uploads\/2023\/08\/pmm2-Pequeno-1-300x300.jpg 300w, https:\/\/jorgezanoni.com.br\/2019\/wp-content\/uploads\/2023\/08\/pmm2-Pequeno-1-150x150.jpg 150w, https:\/\/jorgezanoni.com.br\/2019\/wp-content\/uploads\/2023\/08\/pmm2-Pequeno-1-420x420.jpg 420w\" sizes=\"auto, (max-width: 480px) 100vw, 480px\" \/><\/p>\n<p style=\"text-align: justify;\">Fonte: Com. Social Pol\u00edcia Civil<\/p>\n","protected":false},"excerpt":{"rendered":"<p>A Pol\u00edcia Civil, por interm\u00e9dio da Delegacia Seccional de Pol\u00edcia de Dracena, realizou nesta ter\u00e7a-feira (19), uma a\u00e7\u00e3o de preven\u00e7\u00e3o ao uso nocivo de drogas para cerca de 80 colaboradores da ind\u00fastria Olivar M\u00f3veis. A atividade faz parte da programa\u00e7\u00e3o da Semana Interna de Preven\u00e7\u00e3o de Acidentes de Trabalho &#8211; SIPAT promovida pela fabricante de [&hellip;]<\/p>\n","protected":false},"author":1,"featured_media":80151,"comment_status":"closed","ping_status":"open","sticky":false,"template":"","format":"standard","meta":{"footnotes":""},"categories":[110,2],"tags":[],"class_list":["post-80142","post","type-post","status-publish","format-standard","has-post-thumbnail","hentry","category-noticiasdestaque","category-policial"],"_links":{"self":[{"href":"https:\/\/jorgezanoni.com.br\/2019\/wp-json\/wp\/v2\/posts\/80142","targetHints":{"allow":["GET"]}}],"collection":[{"href":"https:\/\/jorgezanoni.com.br\/2019\/wp-json\/wp\/v2\/posts"}],"about":[{"href":"https:\/\/jorgezanoni.com.br\/2019\/wp-json\/wp\/v2\/types\/post"}],"author":[{"embeddable":true,"href":"https:\/\/jorgezanoni.com.br\/2019\/wp-json\/wp\/v2\/users\/1"}],"replies":[{"embeddable":true,"href":"https:\/\/jorgezanoni.com.br\/2019\/wp-json\/wp\/v2\/comments?post=80142"}],"version-history":[{"count":2,"href":"https:\/\/jorgezanoni.com.br\/2019\/wp-json\/wp\/v2\/posts\/80142\/revisions"}],"predecessor-version":[{"id":80153,"href":"https:\/\/jorgezanoni.com.br\/2019\/wp-json\/wp\/v2\/posts\/80142\/revisions\/80153"}],"wp:featuredmedia":[{"embeddable":true,"href":"https:\/\/jorgezanoni.com.br\/2019\/wp-json\/wp\/v2\/media\/80151"}],"wp:attachment":[{"href":"https:\/\/jorgezanoni.com.br\/2019\/wp-json\/wp\/v2\/media?parent=80142"}],"wp:term":[{"taxonomy":"category","embeddable":true,"href":"https:\/\/jorgezanoni.com.br\/2019\/wp-json\/wp\/v2\/categories?post=80142"},{"taxonomy":"post_tag","embeddable":true,"href":"https:\/\/jorgezanoni.com.br\/2019\/wp-json\/wp\/v2\/tags?post=80142"}],"curies":[{"name":"wp","href":"https:\/\/api.w.org\/{rel}","templated":true}]}}