{"id":80137,"date":"2023-08-29T23:24:37","date_gmt":"2023-08-29T23:24:37","guid":{"rendered":"https:\/\/jorgezanoni.com.br\/2019\/?p=80137"},"modified":"2023-08-29T23:25:08","modified_gmt":"2023-08-29T23:25:08","slug":"policia-civil-realiza-palestra-com-professores-de-escola-estadual-sobre-prevencao-contra-agressor-ativo","status":"publish","type":"post","link":"https:\/\/jorgezanoni.com.br\/2019\/policia-civil-realiza-palestra-com-professores-de-escola-estadual-sobre-prevencao-contra-agressor-ativo\/","title":{"rendered":"Pol\u00edcia Civil realiza palestra com professores de escola estadual sobre preven\u00e7\u00e3o contra &#8220;Agressor Ativo&#8221;"},"content":{"rendered":"<p style=\"text-align: justify;\">A Pol\u00edcia Civil, por interm\u00e9dio das Unidades Especializadas &#8211; DIG\/DISE, realizou nesta segunda-feira (29), palestra e treinamento com o tema \u201cAgressor Ativo\u201d na Escola Estadual Eng\u00ba Isac Pereira Garcez, em Dracena (SP). A a\u00e7\u00e3o envolveu o corpo docente e servidores daquela institui\u00e7\u00e3o de ensino.<br \/>\nA palestra foi ministrada pelo investigador de pol\u00edcia Rodrigo Freitas, que fazendo uso de material audiovisual explanou aos professores quanto a situa\u00e7\u00f5es de crise gerada por pessoa agressiva que adentra o ambiente escolar com inten\u00e7\u00e3o de gera um evento danoso.<br \/>\nO policial civil tamb\u00e9m falou quanto aos tipos e causas de crises geradas pelos agressores, bem como orientou sobre o protocolo de atua\u00e7\u00e3o tanto dos docentes quanto aos discentes da escola.<br \/>\nO objetivo do bate-papo foi estabelecer um procedimento do que deve ser feito ao se deparar uma situa\u00e7\u00e3o real, visando antecipar ao acontecimento critico, com o imediato acionamento dos \u00f3rg\u00e3os de seguran\u00e7a e o servi\u00e7o de resgate. Participaram do evento cerca de 30 professores, coordenadores de ensino e membros da dire\u00e7\u00e3o da escola.<\/p>\n<p><img loading=\"lazy\" decoding=\"async\" class=\"alignnone size-full wp-image-80139\" src=\"https:\/\/jorgezanoni.com.br\/2019\/wp-content\/uploads\/2023\/08\/pm-a1-Pequeno.jpg\" alt=\"\" width=\"727\" height=\"480\" srcset=\"https:\/\/jorgezanoni.com.br\/2019\/wp-content\/uploads\/2023\/08\/pm-a1-Pequeno.jpg 727w, https:\/\/jorgezanoni.com.br\/2019\/wp-content\/uploads\/2023\/08\/pm-a1-Pequeno-300x198.jpg 300w, https:\/\/jorgezanoni.com.br\/2019\/wp-content\/uploads\/2023\/08\/pm-a1-Pequeno-696x460.jpg 696w, https:\/\/jorgezanoni.com.br\/2019\/wp-content\/uploads\/2023\/08\/pm-a1-Pequeno-636x420.jpg 636w\" sizes=\"auto, (max-width: 727px) 100vw, 727px\" \/> <img loading=\"lazy\" decoding=\"async\" class=\"alignnone size-full wp-image-80140\" src=\"https:\/\/jorgezanoni.com.br\/2019\/wp-content\/uploads\/2023\/08\/pm-a2-Pequeno.jpg\" alt=\"\" width=\"515\" height=\"480\" srcset=\"https:\/\/jorgezanoni.com.br\/2019\/wp-content\/uploads\/2023\/08\/pm-a2-Pequeno.jpg 515w, https:\/\/jorgezanoni.com.br\/2019\/wp-content\/uploads\/2023\/08\/pm-a2-Pequeno-300x280.jpg 300w, https:\/\/jorgezanoni.com.br\/2019\/wp-content\/uploads\/2023\/08\/pm-a2-Pequeno-451x420.jpg 451w\" sizes=\"auto, (max-width: 515px) 100vw, 515px\" \/><\/p>\n<p>Fonte: Com. Social Pol\u00edcia Civil<\/p>\n","protected":false},"excerpt":{"rendered":"<p>A Pol\u00edcia Civil, por interm\u00e9dio das Unidades Especializadas &#8211; DIG\/DISE, realizou nesta segunda-feira (29), palestra e treinamento com o tema \u201cAgressor Ativo\u201d na Escola Estadual Eng\u00ba Isac Pereira Garcez, em Dracena (SP). A a\u00e7\u00e3o envolveu o corpo docente e servidores daquela institui\u00e7\u00e3o de ensino. A palestra foi ministrada pelo investigador de pol\u00edcia Rodrigo Freitas, que [&hellip;]<\/p>\n","protected":false},"author":1,"featured_media":80138,"comment_status":"closed","ping_status":"open","sticky":false,"template":"","format":"standard","meta":{"footnotes":""},"categories":[110,2],"tags":[],"class_list":["post-80137","post","type-post","status-publish","format-standard","has-post-thumbnail","hentry","category-noticiasdestaque","category-policial"],"_links":{"self":[{"href":"https:\/\/jorgezanoni.com.br\/2019\/wp-json\/wp\/v2\/posts\/80137","targetHints":{"allow":["GET"]}}],"collection":[{"href":"https:\/\/jorgezanoni.com.br\/2019\/wp-json\/wp\/v2\/posts"}],"about":[{"href":"https:\/\/jorgezanoni.com.br\/2019\/wp-json\/wp\/v2\/types\/post"}],"author":[{"embeddable":true,"href":"https:\/\/jorgezanoni.com.br\/2019\/wp-json\/wp\/v2\/users\/1"}],"replies":[{"embeddable":true,"href":"https:\/\/jorgezanoni.com.br\/2019\/wp-json\/wp\/v2\/comments?post=80137"}],"version-history":[{"count":1,"href":"https:\/\/jorgezanoni.com.br\/2019\/wp-json\/wp\/v2\/posts\/80137\/revisions"}],"predecessor-version":[{"id":80141,"href":"https:\/\/jorgezanoni.com.br\/2019\/wp-json\/wp\/v2\/posts\/80137\/revisions\/80141"}],"wp:featuredmedia":[{"embeddable":true,"href":"https:\/\/jorgezanoni.com.br\/2019\/wp-json\/wp\/v2\/media\/80138"}],"wp:attachment":[{"href":"https:\/\/jorgezanoni.com.br\/2019\/wp-json\/wp\/v2\/media?parent=80137"}],"wp:term":[{"taxonomy":"category","embeddable":true,"href":"https:\/\/jorgezanoni.com.br\/2019\/wp-json\/wp\/v2\/categories?post=80137"},{"taxonomy":"post_tag","embeddable":true,"href":"https:\/\/jorgezanoni.com.br\/2019\/wp-json\/wp\/v2\/tags?post=80137"}],"curies":[{"name":"wp","href":"https:\/\/api.w.org\/{rel}","templated":true}]}}