{"id":8009,"date":"2019-10-06T20:59:39","date_gmt":"2019-10-06T20:59:39","guid":{"rendered":"https:\/\/jorgezanoni.com.br\/2019\/?p=8009"},"modified":"2019-10-06T20:59:39","modified_gmt":"2019-10-06T20:59:39","slug":"eleicao-do-conselho-tutelar-promotor-de-justica-fala-a-reportagem-como-foi-em-dracena-e-ouro-verde","status":"publish","type":"post","link":"https:\/\/jorgezanoni.com.br\/2019\/eleicao-do-conselho-tutelar-promotor-de-justica-fala-a-reportagem-como-foi-em-dracena-e-ouro-verde\/","title":{"rendered":"Elei\u00e7\u00e3o do Conselho Tutelar. Promotor de Justi\u00e7a fala a reportagem como foi em Dracena e Ouro Verde"},"content":{"rendered":"<div id=\"fb-root\"><\/div>\n<p><script async=\"1\" defer=\"1\" crossorigin=\"anonymous\" src=\"https:\/\/connect.facebook.net\/en_US\/sdk.js#xfbml=1&amp;version=v4.0\"><\/script><\/p>\n<div class=\"fb-video\" data-href=\"https:\/\/www.facebook.com\/jorgezanonidracena\/videos\/472367726691066\/\" data-width=\"696\">\n<blockquote cite=\"https:\/\/www.facebook.com\/jorgezanonidracena\/videos\/472367726691066\/\" class=\"fb-xfbml-parse-ignore\"><p><a href=\"https:\/\/www.facebook.com\/jorgezanonidracena\/videos\/472367726691066\/\">Elei\u00e7\u00e3o do Conselho Tutelar. Promotor de Justi\u00e7a fala a reportagem como foi em Dracena e Ouro Verde. 06\/10\/19<\/a><\/p>\n<p>Elei\u00e7\u00e3o do Conselho Tutelar. Promotor de Justi\u00e7a fala a reportagem como foi em Dracena e Ouro Verde. 06\/10\/19<\/p>\n<p>Posted by <a href=\"https:\/\/www.facebook.com\/jorgezanonidracena\/\">Jorge Zanoni<\/a> on Sunday, October 6, 2019<\/p><\/blockquote>\n<\/div>\n","protected":false},"excerpt":{"rendered":"<p>Elei\u00e7\u00e3o do Conselho Tutelar. Promotor de Justi\u00e7a fala a reportagem como foi em Dracena e Ouro Verde. 06\/10\/19 Elei\u00e7\u00e3o do Conselho Tutelar. Promotor de Justi\u00e7a fala a reportagem como foi em Dracena e Ouro Verde. 06\/10\/19 Posted by Jorge Zanoni on Sunday, October 6, 2019<\/p>\n","protected":false},"author":1,"featured_media":8010,"comment_status":"closed","ping_status":"open","sticky":false,"template":"","format":"video","meta":{"footnotes":""},"categories":[169],"tags":[],"class_list":["post-8009","post","type-post","status-publish","format-video","has-post-thumbnail","hentry","category-videos","post_format-post-format-video"],"_links":{"self":[{"href":"https:\/\/jorgezanoni.com.br\/2019\/wp-json\/wp\/v2\/posts\/8009","targetHints":{"allow":["GET"]}}],"collection":[{"href":"https:\/\/jorgezanoni.com.br\/2019\/wp-json\/wp\/v2\/posts"}],"about":[{"href":"https:\/\/jorgezanoni.com.br\/2019\/wp-json\/wp\/v2\/types\/post"}],"author":[{"embeddable":true,"href":"https:\/\/jorgezanoni.com.br\/2019\/wp-json\/wp\/v2\/users\/1"}],"replies":[{"embeddable":true,"href":"https:\/\/jorgezanoni.com.br\/2019\/wp-json\/wp\/v2\/comments?post=8009"}],"version-history":[{"count":0,"href":"https:\/\/jorgezanoni.com.br\/2019\/wp-json\/wp\/v2\/posts\/8009\/revisions"}],"wp:featuredmedia":[{"embeddable":true,"href":"https:\/\/jorgezanoni.com.br\/2019\/wp-json\/wp\/v2\/media\/8010"}],"wp:attachment":[{"href":"https:\/\/jorgezanoni.com.br\/2019\/wp-json\/wp\/v2\/media?parent=8009"}],"wp:term":[{"taxonomy":"category","embeddable":true,"href":"https:\/\/jorgezanoni.com.br\/2019\/wp-json\/wp\/v2\/categories?post=8009"},{"taxonomy":"post_tag","embeddable":true,"href":"https:\/\/jorgezanoni.com.br\/2019\/wp-json\/wp\/v2\/tags?post=8009"}],"curies":[{"name":"wp","href":"https:\/\/api.w.org\/{rel}","templated":true}]}}