{"id":8004,"date":"2019-10-06T14:25:47","date_gmt":"2019-10-06T14:25:47","guid":{"rendered":"https:\/\/jorgezanoni.com.br\/2019\/?p=8004"},"modified":"2019-10-06T14:25:47","modified_gmt":"2019-10-06T14:25:47","slug":"presidente-da-camara-de-vereadores-de-sao-bernardo-do-campo-morre-em-acidente-de-carro-no-abc","status":"publish","type":"post","link":"https:\/\/jorgezanoni.com.br\/2019\/presidente-da-camara-de-vereadores-de-sao-bernardo-do-campo-morre-em-acidente-de-carro-no-abc\/","title":{"rendered":"Presidente da C\u00e2mara de Vereadores de S\u00e3o Bernardo do Campo morre em acidente de carro no ABC"},"content":{"rendered":"<h2 class=\"content-head__subtitle\" style=\"text-align: justify;\"><strong>Ramon Ramos tinha 43 anos e estava em seu terceiro mandato como vereador.<\/strong><\/h2>\n<div class=\"mc-column content-text active-extra-styles \" data-block-type=\"unstyled\" data-block-weight=\"45\" data-block-id=\"2\">\n<p class=\"content-text__container \" style=\"text-align: justify;\" data-track-category=\"Link no Texto\" data-track-links=\"\">O presidente da C\u00e2mara de Vereadores de S\u00e3o Bernardo do Campo, Ramon Ramos, de 43 anos, morreu neste domingo (6) em um acidente de carro na Avenida Caminho do Mar, no bairro de Rudge Ramos, na cidade do ABC Paulista. Ele deixa dois filhos.<\/p>\n<\/div>\n<div class=\"wall protected-content\">\n<div class=\"mc-column content-text active-extra-styles \" style=\"text-align: justify;\" data-block-type=\"unstyled\" data-block-weight=\"42\" data-block-id=\"3\">\n<p class=\"content-text__container \" data-track-category=\"Link no Texto\" data-track-links=\"\">A informa\u00e7\u00e3o foi confirmada pelo Instituto M\u00e9dico Legal da cidade de\u00a0<a href=\"https:\/\/g1.globo.com\/sp\/sao-paulo\/cidade\/sao-bernardo-do-campo\/\">S\u00e3o Bernardo do Campo<\/a>, onde o corpo se encontra, e pelo prefeito Orlando Morando (PSDB). Ramos estava com mais dois amigos no carro. Ambos est\u00e3o fora de perigo, segundo o prefeito.<\/p>\n<\/div>\n<div class=\"mc-column content-text active-extra-styles \" style=\"text-align: justify;\" data-block-type=\"unstyled\" data-block-weight=\"36\" data-block-id=\"4\">\n<p class=\"content-text__container \" data-track-category=\"Link no Texto\" data-track-links=\"\">O carro onde Ramos e os outros dois homens estavam bateu em uma \u00e1rvore e ficou capotado na via. A avenida onde ocorreu o acidente tem muitos radares e limite de velocidade de 50 km\/h.<\/p>\n<\/div>\n<div class=\"mc-column content-text active-extra-styles \" data-block-type=\"unstyled\" data-block-weight=\"44\" data-block-id=\"5\">\n<p class=\"content-text__container \" style=\"text-align: justify;\" data-track-category=\"Link no Texto\" data-track-links=\"\">No local onde ocorreu o acidente, por ser \u00e1rea escolar (fica em frente a um col\u00e9gio particular), o limite de velocidade cai para 40 km\/h. Tamb\u00e9m no local h\u00e1 uma lombada elevada com a faixa de pedestres para a travessia dos alunos da escola.<\/p>\n<p style=\"text-align: justify;\" data-track-category=\"Link no Texto\" data-track-links=\"\"><img loading=\"lazy\" decoding=\"async\" class=\"alignnone size-full wp-image-8005\" src=\"https:\/\/jorgezanoni.com.br\/2019\/wp-content\/uploads\/2019\/10\/vereador1.jpg\" alt=\"\" width=\"1000\" height=\"626\" srcset=\"https:\/\/jorgezanoni.com.br\/2019\/wp-content\/uploads\/2019\/10\/vereador1.jpg 1000w, https:\/\/jorgezanoni.com.br\/2019\/wp-content\/uploads\/2019\/10\/vereador1-300x188.jpg 300w, https:\/\/jorgezanoni.com.br\/2019\/wp-content\/uploads\/2019\/10\/vereador1-768x481.jpg 768w, https:\/\/jorgezanoni.com.br\/2019\/wp-content\/uploads\/2019\/10\/vereador1-696x436.jpg 696w, https:\/\/jorgezanoni.com.br\/2019\/wp-content\/uploads\/2019\/10\/vereador1-671x420.jpg 671w\" sizes=\"auto, (max-width: 1000px) 100vw, 1000px\" \/>Velocidade m\u00e1xima no local do acidente \u00e9 de 40 km\/h \u2014 Foto: Reprodu\u00e7\u00e3o\/Google Street View<\/p>\n<div class=\"mc-column content-text active-extra-styles \" style=\"text-align: justify;\" data-block-type=\"unstyled\" data-block-weight=\"51\" data-block-id=\"8\">\n<p class=\"content-text__container \" data-track-category=\"Link no Texto\" data-track-links=\"\">&#8220;\u00c9 com imenso pesar que comunicamos o falecimento do nosso querido amigo e presidente da C\u00e2mara Municipal, Ramon Ramos, em decorr\u00eancia de um acidente de carro na manh\u00e3 deste domingo. Que Deus possa acolh\u00ea-lo de bra\u00e7os abertos e que conforte a fam\u00edlia. Uma perda irrepar\u00e1vel para nossa cidade&#8221;, escreveu Orlando Morando.<\/p>\n<\/div>\n<div class=\"mc-column content-text active-extra-styles \" data-block-type=\"unstyled\" data-block-weight=\"30\" data-block-id=\"9\">\n<p class=\"content-text__container \" style=\"text-align: justify;\" data-track-category=\"Link no Texto\" data-track-links=\"\">O vel\u00f3rio do vereador ocorrer\u00e1 neste domingo na C\u00e2mara Municipal de S\u00e3o Bernardo do Campo, entre 12h e 17h. O corpo ser\u00e1 sepultado em seguida no Cemit\u00e9rio da Pauliceia.<\/p>\n<h2>Trajet\u00f3ria<\/h2>\n<p data-track-category=\"Link no Texto\" data-track-links=\"\"><img loading=\"lazy\" decoding=\"async\" class=\"alignnone size-full wp-image-8006\" src=\"https:\/\/jorgezanoni.com.br\/2019\/wp-content\/uploads\/2019\/10\/vereador2.jpg\" alt=\"\" width=\"1000\" height=\"626\" srcset=\"https:\/\/jorgezanoni.com.br\/2019\/wp-content\/uploads\/2019\/10\/vereador2.jpg 1000w, https:\/\/jorgezanoni.com.br\/2019\/wp-content\/uploads\/2019\/10\/vereador2-300x188.jpg 300w, https:\/\/jorgezanoni.com.br\/2019\/wp-content\/uploads\/2019\/10\/vereador2-768x481.jpg 768w, https:\/\/jorgezanoni.com.br\/2019\/wp-content\/uploads\/2019\/10\/vereador2-696x436.jpg 696w, https:\/\/jorgezanoni.com.br\/2019\/wp-content\/uploads\/2019\/10\/vereador2-671x420.jpg 671w\" sizes=\"auto, (max-width: 1000px) 100vw, 1000px\" \/><\/p>\n<div class=\"row medium-uncollapsed content-media content-photo\" data-block-type=\"backstage-photo\" data-block-id=\"11\">\n<div class=\"mc-column content-media__container\">\n<p class=\"content-media__description \" style=\"text-align: justify;\">Ramon Ramos era presidente da C\u00e2mara dos Vereadores de S\u00e3o Bernardo do Campo \u2014 Foto: Reprodu\u00e7\u00e3o\/Facebook<\/p>\n<\/div>\n<\/div>\n<div class=\"mc-column content-text active-extra-styles \" style=\"text-align: justify;\" data-block-type=\"unstyled\" data-block-weight=\"51\" data-block-id=\"12\">\n<p class=\"content-text__container \" data-track-category=\"Link no Texto\" data-track-links=\"\">Natural de S\u00e3o Bernardo do Campo, Ramos tinha sido eleito pelo PDT (era presidente municipal do partido) e estava no seu terceiro mandato como vereador. Na primeira elei\u00e7\u00e3o em 2008, obteve 3.594 votos. Na segunda elei\u00e7\u00e3o, em 2012, foi reeleito com 3.196 votos. Na terceira elei\u00e7\u00e3o, em 2016, recebeu 4.149 votos.<\/p>\n<\/div>\n<div class=\"mc-column content-text active-extra-styles \" style=\"text-align: justify;\" data-block-type=\"unstyled\" data-block-weight=\"28\" data-block-id=\"13\">\n<p class=\"content-text__container \" data-track-category=\"Link no Texto\" data-track-links=\"\">Bacharel em direito, foi Juiz de Paz, presidente da Associa\u00e7\u00e3o de Moradores do bairro Rudge Ramos e Vila Vivaldi e conselheiro de Sa\u00fade da UBS Rudge Ramos.<\/p>\n<\/div>\n<div data-track-category=\"multicontent\" data-track-action=\"ultimo chunk conteudo\" data-track-noninteraction=\"false\" data-track-scroll=\"view\">\n<div class=\"mc-column content-text active-extra-styles \" data-block-type=\"unstyled\" data-block-weight=\"14\" data-block-id=\"14\">\n<p class=\"content-text__container \" style=\"text-align: justify;\" data-track-category=\"Link no Texto\" data-track-links=\"\">Ele foi l\u00edder do Governo Orlando Morando nos anos de 2017 e 2018.<\/p>\n<p style=\"text-align: justify;\" data-track-category=\"Link no Texto\" data-track-links=\"\">Fonte: G1<\/p>\n<\/div>\n<\/div>\n<\/div>\n<div class=\"content-ads content-ads--reveal\" data-block-type=\"ads\" data-block-id=\"7\">\n<div id=\"banner_materia2\" class=\"tag-manager-publicidade-container mc-has-reveal mc-has-ad-lazyload tag-manager-publicidade-banner_materia2 tag-manager-publicidade-container--carregado tag-manager-publicidade-container--visivel\" data-id=\"banner_materia2\" data-google-query-id=\"CMLL0K_qh-UCFclnwQodIYgDWA\" data-cid=\"138289283412\" data-lid=\"5186063166\"><\/div>\n<\/div>\n<\/div>\n<\/div>\n","protected":false},"excerpt":{"rendered":"<p>Ramon Ramos tinha 43 anos e estava em seu terceiro mandato como vereador. O presidente da C\u00e2mara de Vereadores de S\u00e3o Bernardo do Campo, Ramon Ramos, de 43 anos, morreu neste domingo (6) em um acidente de carro na Avenida Caminho do Mar, no bairro de Rudge Ramos, na cidade do ABC Paulista. Ele deixa [&hellip;]<\/p>\n","protected":false},"author":1,"featured_media":8007,"comment_status":"closed","ping_status":"open","sticky":false,"template":"","format":"standard","meta":{"footnotes":""},"categories":[170,110],"tags":[],"class_list":["post-8004","post","type-post","status-publish","format-standard","has-post-thumbnail","hentry","category-acidentes","category-noticiasdestaque"],"_links":{"self":[{"href":"https:\/\/jorgezanoni.com.br\/2019\/wp-json\/wp\/v2\/posts\/8004","targetHints":{"allow":["GET"]}}],"collection":[{"href":"https:\/\/jorgezanoni.com.br\/2019\/wp-json\/wp\/v2\/posts"}],"about":[{"href":"https:\/\/jorgezanoni.com.br\/2019\/wp-json\/wp\/v2\/types\/post"}],"author":[{"embeddable":true,"href":"https:\/\/jorgezanoni.com.br\/2019\/wp-json\/wp\/v2\/users\/1"}],"replies":[{"embeddable":true,"href":"https:\/\/jorgezanoni.com.br\/2019\/wp-json\/wp\/v2\/comments?post=8004"}],"version-history":[{"count":0,"href":"https:\/\/jorgezanoni.com.br\/2019\/wp-json\/wp\/v2\/posts\/8004\/revisions"}],"wp:featuredmedia":[{"embeddable":true,"href":"https:\/\/jorgezanoni.com.br\/2019\/wp-json\/wp\/v2\/media\/8007"}],"wp:attachment":[{"href":"https:\/\/jorgezanoni.com.br\/2019\/wp-json\/wp\/v2\/media?parent=8004"}],"wp:term":[{"taxonomy":"category","embeddable":true,"href":"https:\/\/jorgezanoni.com.br\/2019\/wp-json\/wp\/v2\/categories?post=8004"},{"taxonomy":"post_tag","embeddable":true,"href":"https:\/\/jorgezanoni.com.br\/2019\/wp-json\/wp\/v2\/tags?post=8004"}],"curies":[{"name":"wp","href":"https:\/\/api.w.org\/{rel}","templated":true}]}}