{"id":80004,"date":"2023-08-27T16:59:35","date_gmt":"2023-08-27T16:59:35","guid":{"rendered":"https:\/\/jorgezanoni.com.br\/2019\/?p=80004"},"modified":"2023-08-27T16:59:35","modified_gmt":"2023-08-27T16:59:35","slug":"policia-civil-confira-as-noticias-das-ultimas-horas","status":"publish","type":"post","link":"https:\/\/jorgezanoni.com.br\/2019\/policia-civil-confira-as-noticias-das-ultimas-horas\/","title":{"rendered":"Pol\u00edcia Civil: Confira as not\u00edcias das ultimas horas"},"content":{"rendered":"<p style=\"text-align: justify;\">POL\u00cdCIA CIVIL PARTICIPA DE CARREATA EM ALUS\u00c3O AO \u201cAGOSTO LIL\u00c1S\u201d EM OURO VERDE.<\/p>\n<p style=\"text-align: justify;\">A Pol\u00edcia Civil, por meio da Delegacia de Pol\u00edcia do Munic\u00edpio de Ouro Verde\/SP, participou nesta quarta-feira (23) de carreata pelas ruas da cidade em comemora\u00e7\u00e3o aos 17 anos da Lei \u201cMaria da Penha\u201d (Lei 11.340 de 7 de agosto de 2006), bem como para orientar a popula\u00e7\u00e3o e incentivar a den\u00fancia de viol\u00eancia contra a mulher no \u00e2mbito dom\u00e9stico e familiar.<\/p>\n<p style=\"text-align: justify;\">A carreata foi organizada por integrantes do Conseg (Conselho Comunit\u00e1rio e Seguran\u00e7a), CRAS (Centro de Refer\u00eancia da Assist\u00eancia Social) e Prefeitura Municipal de Ouro Verde\/SP, e contou com a participa\u00e7\u00e3o, entre outros, de agentes da Pol\u00edcia Civil e comunidade em geral, que se organizaram pelas principais ruas da cidade, com o objetivo de conscientizar a popula\u00e7\u00e3o sobre a import\u00e2ncia da luta contra as diversas formas de viol\u00eancia contra as mulheres, e incentivando a den\u00fancia por meio da Central de Atendimento \u00e0 Mulher (Disque 180).<\/p>\n<p style=\"text-align: justify;\">O m\u00eas de agosto \u00e9 nacionalmente conhecido como \u201cAgosto Lil\u00e1s\u201d, institu\u00eddo pela Lei 14.448\/2022, pois comemora o anivers\u00e1rio da Lei Maria da Penha, importante marco legal que criou mecanismo de prote\u00e7\u00e3o \u00e0s mulheres que s\u00e3o v\u00edtimas de viol\u00eancia f\u00edsica, psicol\u00f3gica, sexual, patrimonial e moral, que constituem formas de viola\u00e7\u00e3o dos direitos humanos.<\/p>\n<p style=\"text-align: justify;\">Quebre o sil\u00eancio, denuncie: ligue 180.<\/p>\n<p style=\"text-align: justify;\"><img loading=\"lazy\" decoding=\"async\" class=\"alignnone size-full wp-image-80005\" src=\"https:\/\/jorgezanoni.com.br\/2019\/wp-content\/uploads\/2023\/08\/o-v-Pequeno.jpg\" alt=\"\" width=\"480\" height=\"523\" srcset=\"https:\/\/jorgezanoni.com.br\/2019\/wp-content\/uploads\/2023\/08\/o-v-Pequeno.jpg 480w, https:\/\/jorgezanoni.com.br\/2019\/wp-content\/uploads\/2023\/08\/o-v-Pequeno-275x300.jpg 275w, https:\/\/jorgezanoni.com.br\/2019\/wp-content\/uploads\/2023\/08\/o-v-Pequeno-385x420.jpg 385w\" sizes=\"auto, (max-width: 480px) 100vw, 480px\" \/> <img loading=\"lazy\" decoding=\"async\" class=\"alignnone size-full wp-image-80006\" src=\"https:\/\/jorgezanoni.com.br\/2019\/wp-content\/uploads\/2023\/08\/ov1-Pequeno.jpg\" alt=\"\" width=\"638\" height=\"480\" srcset=\"https:\/\/jorgezanoni.com.br\/2019\/wp-content\/uploads\/2023\/08\/ov1-Pequeno.jpg 638w, https:\/\/jorgezanoni.com.br\/2019\/wp-content\/uploads\/2023\/08\/ov1-Pequeno-300x226.jpg 300w, https:\/\/jorgezanoni.com.br\/2019\/wp-content\/uploads\/2023\/08\/ov1-Pequeno-80x60.jpg 80w, https:\/\/jorgezanoni.com.br\/2019\/wp-content\/uploads\/2023\/08\/ov1-Pequeno-265x198.jpg 265w, https:\/\/jorgezanoni.com.br\/2019\/wp-content\/uploads\/2023\/08\/ov1-Pequeno-558x420.jpg 558w\" sizes=\"auto, (max-width: 638px) 100vw, 638px\" \/><\/p>\n<p style=\"text-align: justify;\">AGOSTO LIL\u00c1S: POL\u00cdCIA CIVIL REALIZA PALESTRA SOBRE VIOL\u00caNCIA DOMESTICA PARA SERVIDORES DE \u00d3RG\u00c3OS ASSISTENCIAIS EM JUNQUEIR\u00d3POLIS<\/p>\n<p style=\"text-align: justify;\">A Pol\u00edcia Civil, por interm\u00e9dio da Delegacia de Pol\u00edcia de Junqueir\u00f3polis, realizou uma palestra para servidores, pacientes e estagi\u00e1rios do Centro de Aten\u00e7\u00e3o Psicossocial (CAPS), do munic\u00edpio de Junqueir\u00f3polis (SP).<\/p>\n<p style=\"text-align: justify;\">A palestra foi ministrada pelo Dr Eliandro Renato dos Santos, delegado titular do munic\u00edpio de Junqueir\u00f3polis. A a\u00e7\u00e3o preventiva foi uma parceria com Centro de Refer\u00eancia Especializado em Assist\u00eancia Social &#8211; CREAS, dentro do contexto da Campanha Agosto Lil\u00e1s.<\/p>\n<p style=\"text-align: justify;\">O delegado abordou a tem\u00e1tica da viol\u00eancia dom\u00e9stica e de g\u00eanero, al\u00e9m dos aspectos hist\u00f3ricos estat\u00edsticos do fen\u00f4meno. Houve ainda o depoimento pessoal de v\u00edtimas de viol\u00eancia e a apresenta\u00e7\u00e3o de oficinas por parte da comunidade terap\u00eautica.<\/p>\n<p><img loading=\"lazy\" decoding=\"async\" class=\"alignnone size-full wp-image-80007\" src=\"https:\/\/jorgezanoni.com.br\/2019\/wp-content\/uploads\/2023\/08\/lilas-Pequeno.jpg\" alt=\"\" width=\"645\" height=\"480\" srcset=\"https:\/\/jorgezanoni.com.br\/2019\/wp-content\/uploads\/2023\/08\/lilas-Pequeno.jpg 645w, https:\/\/jorgezanoni.com.br\/2019\/wp-content\/uploads\/2023\/08\/lilas-Pequeno-300x223.jpg 300w, https:\/\/jorgezanoni.com.br\/2019\/wp-content\/uploads\/2023\/08\/lilas-Pequeno-80x60.jpg 80w, https:\/\/jorgezanoni.com.br\/2019\/wp-content\/uploads\/2023\/08\/lilas-Pequeno-265x198.jpg 265w, https:\/\/jorgezanoni.com.br\/2019\/wp-content\/uploads\/2023\/08\/lilas-Pequeno-564x420.jpg 564w\" sizes=\"auto, (max-width: 645px) 100vw, 645px\" \/><\/p>\n<p style=\"text-align: justify;\">AGOSTO LIL\u00c1S: DELEGADA DA DDM CONCEDE ENTREVISTA AO PROGRAMA TOP NEWS AGORA.<\/p>\n<p style=\"text-align: justify;\">A Pol\u00edcia Civil, por interm\u00e9dio da Delegacia de Defesa da Mulher &#8211; DDM, nesta quarta-feira (23), participou de uma entrevista na Top TV Oeste Paulista de Dracena, durante a exibi\u00e7\u00e3o do programa TOP NEWS AGORA, apresentado por Cido Oliveira.<br \/>\nNa oportunidade, teve a palavra a Dra. Luciana Nunes Falc\u00e3o Mendes, Delegada de Pol\u00edcia titular da DDM de Dracena\/SP que ressaltou a import\u00e2ncia da Campanha Agosto Lil\u00e1s, referente a preven\u00e7\u00e3o \u00e0 viol\u00eancia dom\u00e9stica e familiar contra as mulheres, como tamb\u00e9m as a\u00e7\u00f5es e parcerias desenvolvidas no munic\u00edpio de Dracena.<\/p>\n<p><img loading=\"lazy\" decoding=\"async\" class=\"alignnone size-full wp-image-80008\" src=\"https:\/\/jorgezanoni.com.br\/2019\/wp-content\/uploads\/2023\/08\/top.jpg\" alt=\"\" width=\"1075\" height=\"603\" srcset=\"https:\/\/jorgezanoni.com.br\/2019\/wp-content\/uploads\/2023\/08\/top.jpg 1075w, https:\/\/jorgezanoni.com.br\/2019\/wp-content\/uploads\/2023\/08\/top-300x168.jpg 300w, https:\/\/jorgezanoni.com.br\/2019\/wp-content\/uploads\/2023\/08\/top-1024x574.jpg 1024w, https:\/\/jorgezanoni.com.br\/2019\/wp-content\/uploads\/2023\/08\/top-768x431.jpg 768w, https:\/\/jorgezanoni.com.br\/2019\/wp-content\/uploads\/2023\/08\/top-696x390.jpg 696w, https:\/\/jorgezanoni.com.br\/2019\/wp-content\/uploads\/2023\/08\/top-1068x599.jpg 1068w, https:\/\/jorgezanoni.com.br\/2019\/wp-content\/uploads\/2023\/08\/top-749x420.jpg 749w\" sizes=\"auto, (max-width: 1075px) 100vw, 1075px\" \/><\/p>\n<p style=\"text-align: justify;\">POL\u00cdCIA CIVIL LOCALIZA PE\u00c7AS DE MOTOCICLETA FURTADA ESCONDIDAS EM IM\u00d3VEIS RESIDENCIAIS DE JUNQUEIR\u00d3POLIS<\/p>\n<p style=\"text-align: justify;\">A Pol\u00edcia Civil, por interm\u00e9dio da Unidades Especializadas (Delegacia de Investiga\u00e7\u00f5es Gerais &#8211; DIG e Delegacia de Investiga\u00e7\u00f5es Sobre Entorpecentes &#8211; DISE), com apoio de agentes da Delegacia de Pol\u00edcia de Junqueir\u00f3polis, nesta quarta-feira (23), cumpriu quatro mandados de busca e apreens\u00e3o em im\u00f3veis situados na cidade de Junqueir\u00f3polis (SP). A a\u00e7\u00e3o policial visou localizar e apreender pe\u00e7as de uma motocicleta que havia sido furtada em meados do m\u00eas de fevereiro, em Dracena (SP),<\/p>\n<p style=\"text-align: justify;\">De posse da ordem judicial, os policiais civis ingressaram nas resid\u00eancias localizadas nos bairros Jardim Alvorada e Jardim Primavera, na cidade de Junqueir\u00f3polis. Sendo que em uma das casas dos endere\u00e7os vistoriados, os agentes localizaram diversas pe\u00e7as de motocicletas desmontadas.<\/p>\n<p style=\"text-align: justify;\">Todo material foi apreendido ser\u00e1 encaminhado para per\u00edcia, para verifica\u00e7\u00e3o da origem e proced\u00eancia das pe\u00e7as e posterior emiss\u00e3o de laudos. As diligenciais prosseguem para melhor esclarecer que s\u00e3o os respons\u00e1veis pela pr\u00e1tica crime do furto da motocicleta e, ou do poss\u00edvel crime de recepta\u00e7\u00e3o das pe\u00e7as.<\/p>\n<p><img loading=\"lazy\" decoding=\"async\" class=\"alignnone size-full wp-image-80009\" src=\"https:\/\/jorgezanoni.com.br\/2019\/wp-content\/uploads\/2023\/08\/junqueira-Pequeno.jpg\" alt=\"\" width=\"639\" height=\"480\" srcset=\"https:\/\/jorgezanoni.com.br\/2019\/wp-content\/uploads\/2023\/08\/junqueira-Pequeno.jpg 639w, https:\/\/jorgezanoni.com.br\/2019\/wp-content\/uploads\/2023\/08\/junqueira-Pequeno-300x225.jpg 300w, https:\/\/jorgezanoni.com.br\/2019\/wp-content\/uploads\/2023\/08\/junqueira-Pequeno-80x60.jpg 80w, https:\/\/jorgezanoni.com.br\/2019\/wp-content\/uploads\/2023\/08\/junqueira-Pequeno-265x198.jpg 265w, https:\/\/jorgezanoni.com.br\/2019\/wp-content\/uploads\/2023\/08\/junqueira-Pequeno-559x420.jpg 559w\" sizes=\"auto, (max-width: 639px) 100vw, 639px\" \/><\/p>\n<p style=\"text-align: justify;\">AGOSTO LIL\u00c1S: POL\u00cdCIA CIVIL PARTICIPA DE RODA DE CONVERSA SOBRE A CONSCIENTIZA\u00c7\u00c3O E O FIM DA VIOL\u00caNCIA CONTRA A MULHER<\/p>\n<p style=\"text-align: justify;\">A Pol\u00edcia Civil, por interm\u00e9dio da Delegacia de Defesa da Mulher &#8211; DDM, com o apoio da Delegacia Seccional de Pol\u00edcia de Dracena, na noite desta quarta-feira (24), participou de roda de conserva sobre a Lei Maria da Penha, referente a preven\u00e7\u00e3o \u00e0 viol\u00eancia dom\u00e9stica e familiar contra as mulheres, no contexto das a\u00e7\u00f5es desenvolvidas na Campanha Agosto \u201cLil\u00e1s\u201d. O encontro ocorreu no Audit\u00f3rio \u201cProf\u00ba. Geraldo Mariano Alves\u201d, da Faculdade Unifadra, em Dracena (SP).<\/p>\n<p style=\"text-align: justify;\">Na oportunidade, tiveram a palavra a Dra. Luciana Nunes Falc\u00e3o Mendes, Delegada de Pol\u00edcia titular da DDM de Dracena\/SP, Dra. Margarete de C\u00e1ssia Lopes, Presidente da Comiss\u00e3o da Mulher Advogada da Subse\u00e7\u00e3o da OAB de Dracena\/SP, e Micheli Rodrigues Rubira, psic\u00f3loga parceira do Projeto OAB por Elas, e o professor do Curso de psicologia, Cleber Consoni. Afinal da fala, foi aberta a palavra aos alunos e professores presentes que realizaram perguntas que em muito enriqueceram o conhecimento acad\u00eamico.<\/p>\n<p style=\"text-align: justify;\">Prestigiaram o evento cerca de 150 alunos dos Cursos de Psicologia e Pedagogia, coordenadores dos cursos, professores do corpo docente e advogados parceiros do Projeto OAB por Elas da Subse\u00e7\u00e3o da OAB de Dracena\/SP.<\/p>\n<p><img loading=\"lazy\" decoding=\"async\" class=\"alignnone size-full wp-image-80010\" src=\"https:\/\/jorgezanoni.com.br\/2019\/wp-content\/uploads\/2023\/08\/roda2.jpg\" alt=\"\" width=\"1101\" height=\"1280\" srcset=\"https:\/\/jorgezanoni.com.br\/2019\/wp-content\/uploads\/2023\/08\/roda2.jpg 1101w, https:\/\/jorgezanoni.com.br\/2019\/wp-content\/uploads\/2023\/08\/roda2-258x300.jpg 258w, https:\/\/jorgezanoni.com.br\/2019\/wp-content\/uploads\/2023\/08\/roda2-881x1024.jpg 881w, https:\/\/jorgezanoni.com.br\/2019\/wp-content\/uploads\/2023\/08\/roda2-768x893.jpg 768w, https:\/\/jorgezanoni.com.br\/2019\/wp-content\/uploads\/2023\/08\/roda2-696x809.jpg 696w, https:\/\/jorgezanoni.com.br\/2019\/wp-content\/uploads\/2023\/08\/roda2-1068x1242.jpg 1068w, https:\/\/jorgezanoni.com.br\/2019\/wp-content\/uploads\/2023\/08\/roda2-361x420.jpg 361w\" sizes=\"auto, (max-width: 1101px) 100vw, 1101px\" \/> <img loading=\"lazy\" decoding=\"async\" class=\"alignnone size-full wp-image-80011\" src=\"https:\/\/jorgezanoni.com.br\/2019\/wp-content\/uploads\/2023\/08\/roda3.jpg\" alt=\"\" width=\"1280\" height=\"492\" srcset=\"https:\/\/jorgezanoni.com.br\/2019\/wp-content\/uploads\/2023\/08\/roda3.jpg 1280w, https:\/\/jorgezanoni.com.br\/2019\/wp-content\/uploads\/2023\/08\/roda3-300x115.jpg 300w, https:\/\/jorgezanoni.com.br\/2019\/wp-content\/uploads\/2023\/08\/roda3-1024x394.jpg 1024w, https:\/\/jorgezanoni.com.br\/2019\/wp-content\/uploads\/2023\/08\/roda3-768x295.jpg 768w, https:\/\/jorgezanoni.com.br\/2019\/wp-content\/uploads\/2023\/08\/roda3-696x268.jpg 696w, https:\/\/jorgezanoni.com.br\/2019\/wp-content\/uploads\/2023\/08\/roda3-1068x411.jpg 1068w, https:\/\/jorgezanoni.com.br\/2019\/wp-content\/uploads\/2023\/08\/roda3-1093x420.jpg 1093w\" sizes=\"auto, (max-width: 1280px) 100vw, 1280px\" \/><img loading=\"lazy\" decoding=\"async\" class=\"alignnone size-full wp-image-80013\" src=\"https:\/\/jorgezanoni.com.br\/2019\/wp-content\/uploads\/2023\/08\/roda.jpg\" alt=\"\" width=\"1280\" height=\"683\" srcset=\"https:\/\/jorgezanoni.com.br\/2019\/wp-content\/uploads\/2023\/08\/roda.jpg 1280w, https:\/\/jorgezanoni.com.br\/2019\/wp-content\/uploads\/2023\/08\/roda-300x160.jpg 300w, https:\/\/jorgezanoni.com.br\/2019\/wp-content\/uploads\/2023\/08\/roda-1024x546.jpg 1024w, https:\/\/jorgezanoni.com.br\/2019\/wp-content\/uploads\/2023\/08\/roda-768x410.jpg 768w, https:\/\/jorgezanoni.com.br\/2019\/wp-content\/uploads\/2023\/08\/roda-696x371.jpg 696w, https:\/\/jorgezanoni.com.br\/2019\/wp-content\/uploads\/2023\/08\/roda-1068x570.jpg 1068w, https:\/\/jorgezanoni.com.br\/2019\/wp-content\/uploads\/2023\/08\/roda-787x420.jpg 787w\" sizes=\"auto, (max-width: 1280px) 100vw, 1280px\" \/> <img loading=\"lazy\" decoding=\"async\" class=\"alignnone size-full wp-image-80014\" src=\"https:\/\/jorgezanoni.com.br\/2019\/wp-content\/uploads\/2023\/08\/roda1.jpg\" alt=\"\" width=\"1280\" height=\"960\" srcset=\"https:\/\/jorgezanoni.com.br\/2019\/wp-content\/uploads\/2023\/08\/roda1.jpg 1280w, https:\/\/jorgezanoni.com.br\/2019\/wp-content\/uploads\/2023\/08\/roda1-300x225.jpg 300w, https:\/\/jorgezanoni.com.br\/2019\/wp-content\/uploads\/2023\/08\/roda1-1024x768.jpg 1024w, https:\/\/jorgezanoni.com.br\/2019\/wp-content\/uploads\/2023\/08\/roda1-768x576.jpg 768w, https:\/\/jorgezanoni.com.br\/2019\/wp-content\/uploads\/2023\/08\/roda1-80x60.jpg 80w, https:\/\/jorgezanoni.com.br\/2019\/wp-content\/uploads\/2023\/08\/roda1-265x198.jpg 265w, https:\/\/jorgezanoni.com.br\/2019\/wp-content\/uploads\/2023\/08\/roda1-696x522.jpg 696w, https:\/\/jorgezanoni.com.br\/2019\/wp-content\/uploads\/2023\/08\/roda1-1068x801.jpg 1068w, https:\/\/jorgezanoni.com.br\/2019\/wp-content\/uploads\/2023\/08\/roda1-560x420.jpg 560w\" sizes=\"auto, (max-width: 1280px) 100vw, 1280px\" \/><\/p>\n<p style=\"text-align: justify;\">A\u00c7AO CONJUNTA ENTRE AS POLICIAS CIVIL E MILITAR RESULTA NA PRIS\u00c3O DE DUPLA SUSPEITA DE FURTAR MOTOR DE BARCO EM PANORAMA.<\/p>\n<p style=\"text-align: justify;\">A Pol\u00edcia Civil, por interm\u00e9dio Delegacia de Pol\u00edcia de Panorama, em a\u00e7\u00e3o conjunta com a Pol\u00edcia Militar, prendeu em flagrante nesta quinta-feira (24), dois homens de 20 e 21 anos, suspeitos no envolvimento no furto de um motor de popa, na cidade de Panorama (SP). Durante a\u00e7\u00e3o os agentes recuperam o motor e tamb\u00e9m apreenderam tr\u00eas vasos com plantas semelhante maconha.<\/p>\n<p style=\"text-align: justify;\">As diligencias iniciaram logo ap\u00f3s a v\u00edtima, propriet\u00e1rio do equipamento n\u00e1utico, ter comunicado a Policia Militar, via 190, e registrado o boletim de ocorr\u00eancia na Pol\u00edcia Civil, que haviam furtado um motor de popa de 15HP, que estava sobre um cavalete dentro de um c\u00f4modo de sua resid\u00eancia. A v\u00edtima ainda ressaltou que em sua resid\u00eancia n\u00e3o havia sinais arrombamento.<\/p>\n<p>Diante do fato os integrantes das duas corpora\u00e7\u00f5es, em a\u00e7\u00e3o conjunta e integrada, diligenciaram com intuito de identificar os poss\u00edveis envolvidos, bem como recuperar o motor de polpa. E durante o trabalho de campos um suspeito foi localizado e identificado, sendo um homem.<\/p>\n<p style=\"text-align: justify;\">O acusado de 20 anos, por sua vez, delatou a participa\u00e7\u00e3o do homem de 21 anos e um terceiro envolvido de 23 anos, n\u00e3o localizado. Os policiais ent\u00e3o localizaram o envolvido de 21 anos, que apontou que o motor de polpa furtado estava escondido em meio \u00e0 vegeta\u00e7\u00e3o, pr\u00f3ximo \u00e0s margens do C\u00f3rrego da Marreca.<\/p>\n<p style=\"text-align: justify;\">Efetuadas as buscas pela \u00e1rea de vegeta\u00e7\u00e3o, os policiais encontraram o motor de popa envolto de um saco de lixo preto. Ainda durante diligencias pr\u00f3ximo onde foi localizado o objeto furtado, a equipe da Policia Militar encontrou tr\u00eas vasos contendo plantas parecida com vegetal da droga conhecida como maconha.<\/p>\n<p style=\"text-align: justify;\">Os dois suspeitos foram atuados em flagrante pelo crime de furto, ficando ambos \u00e0 disposi\u00e7\u00e3o da Justi\u00e7a. O motor de popa foi apreendido e restitu\u00eddo a v\u00edtima.<br \/>\nOs vasos contendo as plantas semelhante a \u201ccannabis\u201d foram apreendidos e ser\u00e3o enviado para IC para emiss\u00e3o do laudo bot\u00e2nico para verifica\u00e7\u00e3o se cont\u00e9m em sua composi\u00e7\u00e3o o tetraidrocanabinol (THC).<\/p>\n<p><img loading=\"lazy\" decoding=\"async\" class=\"alignnone size-full wp-image-80015\" src=\"https:\/\/jorgezanoni.com.br\/2019\/wp-content\/uploads\/2023\/08\/panorama-barco.jpg\" alt=\"\" width=\"1260\" height=\"769\" srcset=\"https:\/\/jorgezanoni.com.br\/2019\/wp-content\/uploads\/2023\/08\/panorama-barco.jpg 1260w, https:\/\/jorgezanoni.com.br\/2019\/wp-content\/uploads\/2023\/08\/panorama-barco-300x183.jpg 300w, https:\/\/jorgezanoni.com.br\/2019\/wp-content\/uploads\/2023\/08\/panorama-barco-1024x625.jpg 1024w, https:\/\/jorgezanoni.com.br\/2019\/wp-content\/uploads\/2023\/08\/panorama-barco-768x469.jpg 768w, https:\/\/jorgezanoni.com.br\/2019\/wp-content\/uploads\/2023\/08\/panorama-barco-696x425.jpg 696w, https:\/\/jorgezanoni.com.br\/2019\/wp-content\/uploads\/2023\/08\/panorama-barco-1068x652.jpg 1068w, https:\/\/jorgezanoni.com.br\/2019\/wp-content\/uploads\/2023\/08\/panorama-barco-688x420.jpg 688w\" sizes=\"auto, (max-width: 1260px) 100vw, 1260px\" \/><\/p>\n<p style=\"text-align: justify;\">POL\u00cdCIA CIVIL PARTICIPA DE SOLENIDADE ALUSIVA AO DIA DO SOLDADO NO TIRO DE GUERRA DE DRACENA.<\/p>\n<p style=\"text-align: justify;\">A Pol\u00edcia Civil, por interm\u00e9dio da Delegacia Seccional de Pol\u00edcia de Dracena, representada pelo agente policial Reginaldo Rosa, participou nesta sexta-feira (25), da cerim\u00f4nia de comemora\u00e7\u00e3o do Dia do Soldado realizada no Tiro de Guerra, em Dracena (SP).<\/p>\n<p style=\"text-align: justify;\">Durante a solenidade houve a apresenta\u00e7\u00e3o dos atiradores, juramento a Bandeira, leitura da ordem do dia com refer\u00eancia ao nascimento de Lu\u00eds Alves de Lima e Silva, o Duque de Caxias, patrono do Ex\u00e9rcito Brasileiro. O instrutor chefe 1\u00ba Stg. Thiago Cesar Marques de Carvalho, no uso da palavra, exaltou sobre os valores da forma\u00e7\u00e3o do soldado que v\u00e3o ajudar na transforma\u00e7\u00e3o da vida do cidad\u00e3o e da comunidade.<\/p>\n<p style=\"text-align: justify;\">O evento contou com a presen\u00e7a da Policia Civil, da Policial Militar, ex-atiradores e dos familiares dos atiradores.<\/p>\n<p><img loading=\"lazy\" decoding=\"async\" class=\"alignnone size-full wp-image-80016\" src=\"https:\/\/jorgezanoni.com.br\/2019\/wp-content\/uploads\/2023\/08\/tg.jpg\" alt=\"\" width=\"752\" height=\"1072\" srcset=\"https:\/\/jorgezanoni.com.br\/2019\/wp-content\/uploads\/2023\/08\/tg.jpg 752w, https:\/\/jorgezanoni.com.br\/2019\/wp-content\/uploads\/2023\/08\/tg-210x300.jpg 210w, https:\/\/jorgezanoni.com.br\/2019\/wp-content\/uploads\/2023\/08\/tg-718x1024.jpg 718w, https:\/\/jorgezanoni.com.br\/2019\/wp-content\/uploads\/2023\/08\/tg-696x992.jpg 696w, https:\/\/jorgezanoni.com.br\/2019\/wp-content\/uploads\/2023\/08\/tg-295x420.jpg 295w\" sizes=\"auto, (max-width: 752px) 100vw, 752px\" \/><\/p>\n<p style=\"text-align: justify;\">POL\u00cdCIA CIVIL PARTICIPA DE ENTREVISTA EM PROGRAMA DE TV E ORIENTA OS TELESPECTADORES SOBRE ALGUNS CRIMES.<\/p>\n<p style=\"text-align: justify;\">A Pol\u00edcia Civil, por interm\u00e9dio do Delegado Seccional de Pol\u00edcia, Dr. Alexandre Lu\u00eds Luengo Lopes, participou de entrevista ao programa \u201cTop News Agora\u201d, apresentado na TV Oeste Paulista, em Dracena (SP), na manh\u00e3 desta 6\u00aa feira (25\/08).<\/p>\n<p style=\"text-align: justify;\">Durante a entrevista concedida ao apresentador Cido Oliveira, foram abordados temas relacionados a campanha do agosto lil\u00e1s, a qual visa combater todos os tipos de viol\u00eancia dom\u00e9stica, assuntos relacionados a correi\u00e7\u00f5es ordin\u00e1rias nas unidades policiais, orienta\u00e7\u00f5es com rela\u00e7\u00e3o a preven\u00e7\u00e3o de golpes e demais a\u00e7\u00f5es praticadas pela pol\u00edcia civil visando promover o esclarecimento de delitos e reduzir \u00edndices criminais em nossa regi\u00e3o.<\/p>\n<p><img loading=\"lazy\" decoding=\"async\" class=\"alignnone size-full wp-image-80017\" src=\"https:\/\/jorgezanoni.com.br\/2019\/wp-content\/uploads\/2023\/08\/top-dr.jpg\" alt=\"\" width=\"1096\" height=\"612\" srcset=\"https:\/\/jorgezanoni.com.br\/2019\/wp-content\/uploads\/2023\/08\/top-dr.jpg 1096w, https:\/\/jorgezanoni.com.br\/2019\/wp-content\/uploads\/2023\/08\/top-dr-300x168.jpg 300w, https:\/\/jorgezanoni.com.br\/2019\/wp-content\/uploads\/2023\/08\/top-dr-1024x572.jpg 1024w, https:\/\/jorgezanoni.com.br\/2019\/wp-content\/uploads\/2023\/08\/top-dr-768x429.jpg 768w, https:\/\/jorgezanoni.com.br\/2019\/wp-content\/uploads\/2023\/08\/top-dr-696x389.jpg 696w, https:\/\/jorgezanoni.com.br\/2019\/wp-content\/uploads\/2023\/08\/top-dr-1068x596.jpg 1068w, https:\/\/jorgezanoni.com.br\/2019\/wp-content\/uploads\/2023\/08\/top-dr-752x420.jpg 752w\" sizes=\"auto, (max-width: 1096px) 100vw, 1096px\" \/><\/p>\n<p style=\"text-align: justify;\">POL\u00cdCIA CIVIL REALIZA PALESTRA DE ORIENTA\u00c7\u00c3O SOBRE O LA\u00c7AMENTO DAS A\u00c7\u00d5ES DO PROTOCOLO \u201cN\u00c3O SE CALE\u201d E CAMPANHA AGOSTO LIL\u00c1S<\/p>\n<p style=\"text-align: justify;\">A Pol\u00edcia Civil, por interm\u00e9dio da Delegacia de Defesa da Mulher &#8211; DDM, realizou nesta sexta-feira (25), palestra na C\u00e2mara de Vereadores de Dracena sobre a implanta\u00e7\u00e3o do Protocolo \u201cN\u00e3o se Cale\u201d, que visa dar atendimento e prote\u00e7\u00e3o \u00e0s mulheres v\u00edtimas de ass\u00e9dio em estabelecimentos privados e p\u00fablicos, padronizando as formas de acolhimento e suporte do poder p\u00fablico.<\/p>\n<p style=\"text-align: justify;\">Na oportunidade a Dr\u00aa Luciana Nunes Falc\u00e3o Mendes, Delegada de Pol\u00edcia titular da Delegacia de Defesa da Mulher de Dracena, discorreu sobre o protocolo implementado pelas leis n\u00ba 17.621, de 03 de fevereiro de 2023 e n\u00b0 17.635, de 17 de fevereiro de 2023, regulamentadas pelo Decreto n\u00b0 67.856, de 01 de agosto de 2023, como tamb\u00e9m sobre a Campanha Agosto Lil\u00e1s, importante tema ao enfrentamento de viol\u00eancia dom\u00e9stica e familiar contra a mulher.<\/p>\n<p style=\"text-align: justify;\">Tamb\u00e9m tiveram a palavra a ju\u00edza de direito da 2\u00ba Vara da Comarca de Dracena, Dr\u00aa Aline Tabuchi, que discorreu sobre o tema viol\u00eancia sexual contra mulher, a ju\u00edza de direito Dr\u00aa Aline Sugahara Bertaco, com o tema lei de depoimento especial, a advogada Dr\u00aa Margarete de C\u00e1ssia Lopes, Presidente da Comiss\u00e3o da Mulher Advogada da Subse\u00e7\u00e3o de Dracena, a qual discorreu sobre o Projeto OAB por Elas e comemorou o anivers\u00e1rio de um ano de implanta\u00e7\u00e3o do projeto, nesta data, na Delegacia de Defesa da Mulher de Dracena, e ao final a psic\u00f3loga do CRAS Ana C\u00e2ndida Junqueira Fernandes que explanou sobre os impactos da viol\u00eancia sexual \u00e0s crian\u00e7as e adolescentes.<\/p>\n<p style=\"text-align: justify;\">Prestigiaram o evento cerca de 100 pessoas, dentre eles o Prefeito Municipal de Dracena, Andr\u00e9 Lemos, Vereadores, Delegado Seccional de Pol\u00edcia de Dracena Alexandre Lu\u00eds Luengo, Capit\u00e3o\/PM Pedro, Vice-Presidente da Subse\u00e7\u00e3o da OAB de Pacaembu, Dr\u00aa Pen\u00e9lope, a psic\u00f3loga volunt\u00e1ria do Projeto OAB por Elas Michele Rubira, e toda a rede de prote\u00e7\u00e3o do munic\u00edpio de Dracena (SP).<\/p>\n<p><img loading=\"lazy\" decoding=\"async\" class=\"alignnone size-full wp-image-80018\" src=\"https:\/\/jorgezanoni.com.br\/2019\/wp-content\/uploads\/2023\/08\/camara-Pequeno.jpg\" alt=\"\" width=\"755\" height=\"480\" srcset=\"https:\/\/jorgezanoni.com.br\/2019\/wp-content\/uploads\/2023\/08\/camara-Pequeno.jpg 755w, https:\/\/jorgezanoni.com.br\/2019\/wp-content\/uploads\/2023\/08\/camara-Pequeno-300x191.jpg 300w, https:\/\/jorgezanoni.com.br\/2019\/wp-content\/uploads\/2023\/08\/camara-Pequeno-696x442.jpg 696w, https:\/\/jorgezanoni.com.br\/2019\/wp-content\/uploads\/2023\/08\/camara-Pequeno-661x420.jpg 661w\" sizes=\"auto, (max-width: 755px) 100vw, 755px\" \/> <img loading=\"lazy\" decoding=\"async\" class=\"alignnone size-full wp-image-80019\" src=\"https:\/\/jorgezanoni.com.br\/2019\/wp-content\/uploads\/2023\/08\/camara1-Pequeno.jpg\" alt=\"\" width=\"714\" height=\"480\" srcset=\"https:\/\/jorgezanoni.com.br\/2019\/wp-content\/uploads\/2023\/08\/camara1-Pequeno.jpg 714w, https:\/\/jorgezanoni.com.br\/2019\/wp-content\/uploads\/2023\/08\/camara1-Pequeno-300x202.jpg 300w, https:\/\/jorgezanoni.com.br\/2019\/wp-content\/uploads\/2023\/08\/camara1-Pequeno-696x468.jpg 696w, https:\/\/jorgezanoni.com.br\/2019\/wp-content\/uploads\/2023\/08\/camara1-Pequeno-625x420.jpg 625w\" sizes=\"auto, (max-width: 714px) 100vw, 714px\" \/> <img loading=\"lazy\" decoding=\"async\" class=\"alignnone size-full wp-image-80020\" src=\"https:\/\/jorgezanoni.com.br\/2019\/wp-content\/uploads\/2023\/08\/camara2-Pequeno.jpg\" alt=\"\" width=\"707\" height=\"480\" srcset=\"https:\/\/jorgezanoni.com.br\/2019\/wp-content\/uploads\/2023\/08\/camara2-Pequeno.jpg 707w, https:\/\/jorgezanoni.com.br\/2019\/wp-content\/uploads\/2023\/08\/camara2-Pequeno-300x204.jpg 300w, https:\/\/jorgezanoni.com.br\/2019\/wp-content\/uploads\/2023\/08\/camara2-Pequeno-696x473.jpg 696w, https:\/\/jorgezanoni.com.br\/2019\/wp-content\/uploads\/2023\/08\/camara2-Pequeno-619x420.jpg 619w\" sizes=\"auto, (max-width: 707px) 100vw, 707px\" \/><\/p>\n<p>Fonte: Comunica\u00e7\u00e3o Social Pol\u00edcia Civil<\/p>\n<p>&nbsp;<\/p>\n<p>&nbsp;<\/p>\n","protected":false},"excerpt":{"rendered":"<p>POL\u00cdCIA CIVIL PARTICIPA DE CARREATA EM ALUS\u00c3O AO \u201cAGOSTO LIL\u00c1S\u201d EM OURO VERDE. A Pol\u00edcia Civil, por meio da Delegacia de Pol\u00edcia do Munic\u00edpio de Ouro Verde\/SP, participou nesta quarta-feira (23) de carreata pelas ruas da cidade em comemora\u00e7\u00e3o aos 17 anos da Lei \u201cMaria da Penha\u201d (Lei 11.340 de 7 de agosto de 2006), [&hellip;]<\/p>\n","protected":false},"author":1,"featured_media":80021,"comment_status":"closed","ping_status":"open","sticky":false,"template":"","format":"standard","meta":{"footnotes":""},"categories":[110,2],"tags":[],"class_list":["post-80004","post","type-post","status-publish","format-standard","has-post-thumbnail","hentry","category-noticiasdestaque","category-policial"],"_links":{"self":[{"href":"https:\/\/jorgezanoni.com.br\/2019\/wp-json\/wp\/v2\/posts\/80004","targetHints":{"allow":["GET"]}}],"collection":[{"href":"https:\/\/jorgezanoni.com.br\/2019\/wp-json\/wp\/v2\/posts"}],"about":[{"href":"https:\/\/jorgezanoni.com.br\/2019\/wp-json\/wp\/v2\/types\/post"}],"author":[{"embeddable":true,"href":"https:\/\/jorgezanoni.com.br\/2019\/wp-json\/wp\/v2\/users\/1"}],"replies":[{"embeddable":true,"href":"https:\/\/jorgezanoni.com.br\/2019\/wp-json\/wp\/v2\/comments?post=80004"}],"version-history":[{"count":1,"href":"https:\/\/jorgezanoni.com.br\/2019\/wp-json\/wp\/v2\/posts\/80004\/revisions"}],"predecessor-version":[{"id":80022,"href":"https:\/\/jorgezanoni.com.br\/2019\/wp-json\/wp\/v2\/posts\/80004\/revisions\/80022"}],"wp:featuredmedia":[{"embeddable":true,"href":"https:\/\/jorgezanoni.com.br\/2019\/wp-json\/wp\/v2\/media\/80021"}],"wp:attachment":[{"href":"https:\/\/jorgezanoni.com.br\/2019\/wp-json\/wp\/v2\/media?parent=80004"}],"wp:term":[{"taxonomy":"category","embeddable":true,"href":"https:\/\/jorgezanoni.com.br\/2019\/wp-json\/wp\/v2\/categories?post=80004"},{"taxonomy":"post_tag","embeddable":true,"href":"https:\/\/jorgezanoni.com.br\/2019\/wp-json\/wp\/v2\/tags?post=80004"}],"curies":[{"name":"wp","href":"https:\/\/api.w.org\/{rel}","templated":true}]}}