{"id":79995,"date":"2023-08-27T16:10:58","date_gmt":"2023-08-27T16:10:58","guid":{"rendered":"https:\/\/jorgezanoni.com.br\/2019\/?p=79995"},"modified":"2023-08-27T16:10:58","modified_gmt":"2023-08-27T16:10:58","slug":"policia-militar-confira-diversas-materias-das-ultimas-horas","status":"publish","type":"post","link":"https:\/\/jorgezanoni.com.br\/2019\/policia-militar-confira-diversas-materias-das-ultimas-horas\/","title":{"rendered":"Pol\u00edcia Militar: Confira diversas mat\u00e9rias das ultimas horas"},"content":{"rendered":"<p style=\"text-align: justify;\">POLICIA MILITAR PRESTA SOCORRO A ADOLESCENTE EM TUPI PAULISTA.<\/p>\n<p style=\"text-align: justify;\">Anjos de farda, no lugar certo e na hora certa!<\/p>\n<p style=\"text-align: justify;\">Na tarde de hoje (24), a unidade de servi\u00e7o da Pol\u00edcia Militar, em patrulhamento preventivo e ostensivo de Ronda Escolar pela Rua Arcebispo Lemieux, se deparou com alunos na quadra de esporte de uma escola, jogando futebol, informando que um aluno (14 anos) havia sofrido queda da pr\u00f3pria altura, batendo a nuca no ch\u00e3o da quadra, momento em que come\u00e7ou a convulsionar e perder a consci\u00eancia. A equipe da Pol\u00edcia Militar,\u00a0 de pronto, iniciou os primeiros socorros, at\u00e9 a chegada da ambul\u00e2ncia municipal. Segundo os militares, a v\u00edtima apresentava lapsos de mem\u00f3ria, vindo a perder a consci\u00eancia por diversas vezes e devido \u00e0s circunst\u00e2ncias, os policiais acompanharam o garoto na ambul\u00e2ncia municipal, tentando retomar sua consci\u00eancia. No Pronto Socorro Municipal, a v\u00edtima foi submetida a exames espec\u00edficos e permaneceu em observa\u00e7\u00e3o.<\/p>\n<p><img loading=\"lazy\" decoding=\"async\" class=\"alignnone size-full wp-image-79996\" src=\"https:\/\/jorgezanoni.com.br\/2019\/wp-content\/uploads\/2023\/08\/anjos.jpg\" alt=\"\" width=\"1040\" height=\"767\" srcset=\"https:\/\/jorgezanoni.com.br\/2019\/wp-content\/uploads\/2023\/08\/anjos.jpg 1040w, https:\/\/jorgezanoni.com.br\/2019\/wp-content\/uploads\/2023\/08\/anjos-300x221.jpg 300w, https:\/\/jorgezanoni.com.br\/2019\/wp-content\/uploads\/2023\/08\/anjos-1024x755.jpg 1024w, https:\/\/jorgezanoni.com.br\/2019\/wp-content\/uploads\/2023\/08\/anjos-768x566.jpg 768w, https:\/\/jorgezanoni.com.br\/2019\/wp-content\/uploads\/2023\/08\/anjos-80x60.jpg 80w, https:\/\/jorgezanoni.com.br\/2019\/wp-content\/uploads\/2023\/08\/anjos-696x513.jpg 696w, https:\/\/jorgezanoni.com.br\/2019\/wp-content\/uploads\/2023\/08\/anjos-569x420.jpg 569w\" sizes=\"auto, (max-width: 1040px) 100vw, 1040px\" \/><\/p>\n<p style=\"text-align: justify;\">POL\u00cdCIA MILITAR CAPTURA PROCURADO DA JUSTI\u00c7A EM DRACENA<\/p>\n<p style=\"text-align: justify;\">Na data de ontem (24) por volta das 23h a equipe de For\u00e7a T\u00e1tica em patrulhamento pelo munic\u00edpio de Dracena e de posse de um mandado de pris\u00e3o em desfavor do capturado (homem 28 anos) realizou dilig\u00eancias logrando em localizar este defronte sua resid\u00eancia no Jardim Santa Clara sendo ent\u00e3o abordado e confirmado via pesquisa criminal a exist\u00eancia da ordem de pris\u00e3o.<br \/>\nDiante do fato foi dado voz de pris\u00e3o permanecendo preso \u00e0 disposi\u00e7\u00e3o da Justi\u00e7a.<\/p>\n<p style=\"text-align: justify;\">POL\u00cdCIA MILITAR CAPTURA PROCURADO DA JUSTI\u00c7A EM FL\u00d3RIDA PAULISTA<\/p>\n<p style=\"text-align: justify;\">Na data de ontem (24) por volta das 19h40min a equipe de For\u00e7a T\u00e1tica em patrulhamento pelo munic\u00edpio de Fl\u00f3rida Paulista e de posse de um mandado de pris\u00e3o em desfavor do capturado (homem 23 anos) e incurso nos art. 33 e 35 da lei de drogas obteve sucesso em localiz\u00e1-lo.<br \/>\nDiante do fato foi dado voz de pris\u00e3o onde permaneceu preso \u00e0 disposi\u00e7\u00e3o da justi\u00e7a.<\/p>\n<p style=\"text-align: justify;\">POL\u00cdCIA MILITAR CAPTURA PROCURADO DA JUSTI\u00c7A EM LUC\u00c9LIA<\/p>\n<p style=\"text-align: justify;\">Na data de ontem (24) por volta das 19h01min no munic\u00edpio de Luc\u00e9lia, a equipe da Pol\u00edcia Militar tomou conhecimento que havia um mandado de pris\u00e3o em desfavor do capturado e ao realizar patrulhamento pelo Jardim Paulista, o viu caminhando pela via p\u00fablica, sendo ent\u00e3o abordado e permanecendo preso.<\/p>\n<p style=\"text-align: justify;\">POL\u00cdCIA MILITAR EM DRACENA CAPTURA PROCURADO DA JUSTI\u00c7A COM 12 ANOS DE PENA A CUMPRIR POR TR\u00c1FICO DE DROGAS<\/p>\n<p style=\"text-align: justify;\">Na data de ontem (24) por volta das 21h20min as equipes da Pol\u00edcia Militar em Dracena possu\u00eda informa\u00e7\u00f5es de que um indiv\u00edduo (homem 27 anos) estaria com mandado de pris\u00e3o pelo crime de tr\u00e1fico de drogas e condenado a pena de 12 anos no regime fechado, sendo ele localizado e permanecendo preso \u00e0 disposi\u00e7\u00e3o da Justi\u00e7a.<\/p>\n<p style=\"text-align: justify;\">EM TUPI PAULISTA, POL\u00cdCIA MILITAR AP\u00d3S ACIONADA PARA ATENDER BRIGA DE CASAL, PRENDE MULHER COM MANDADO DE PRIS\u00c3O<\/p>\n<p style=\"text-align: justify;\">Na data de ontem (24) por volta das 19h35min durante patrulhamento pelo munic\u00edpio de Tupi Paulista, equipe da Pol\u00edcia Militar foi informada sobre uma briga entre casal pelo Jardim Aparecida. A equipe se deslocou ao local, e em frente a resid\u00eancia do casal (homem 30 e mulher 32 anos) onde j\u00e1 estava tudo tranquilo estava o casal e ao serem abordados constou em desfavor da mulher um mandado de pris\u00e3o em aberto, pris\u00e3o semiaberto referente ao artigo 155 do C\u00f3digo Penal.<br \/>\nDiante dos fatos, a mulher permaneceu presa \u00e0 disposi\u00e7\u00e3o da Justi\u00e7a.<\/p>\n<p style=\"text-align: justify;\">POL\u00cdCIA MILITAR PRENDE DOIS HOMENS EM FLAGRANTE POR FURTO EM PANORAMA, APREENDEM P\u00c9S DE MACONHA.<\/p>\n<p style=\"text-align: justify;\">Em uma r\u00e1pida a\u00e7\u00e3o na data de ontem (24) por volta das 14h24min ap\u00f3s irradiado via 190 furto de resid\u00eancia, onde teriam furtado um motor de poupa 15hp da marca yamaha, onde a v\u00edtima ficou sabendo por populares que visualizaram o vizinho saindo do quintal de sua resid\u00eancia. De posse dessas informa\u00e7\u00f5es foram realizadas dilig\u00eancias na resid\u00eancia do suspeito de ser o autor do furto onde nada de il\u00edcito foi encontrado. Mas durante a ocorr\u00eancia confessou o furto.<br \/>\nNovamente realizado dilig\u00eancias equipes da Pol\u00edcia Militar e Pol\u00edcia Civil lograram \u00eaxito em localizar os autores e dar a localiza\u00e7\u00e3o do objeto furtado e que estaria em meio a vegeta\u00e7\u00e3o pr\u00f3ximo ao ribeir\u00e3o das marrecas. Que ao chegar no local indicado por um dos autores puderam o outro autor fugindo do local em meio a vegeta\u00e7\u00e3o tomando rumo ignorado. O motor foi localizado nas proximidades e logo ao lado das r\u00e9s furtiva, foi localizado o cultivo de 03 p\u00e9s de plantas an\u00e1logas a maconha os quais foram apreendidos. Foi dado voz de pris\u00e3o em flagrante delito permanecendo ambos (20 e 21 anos) presos e a disposi\u00e7\u00e3o da Justi\u00e7a, sendo o motor restitu\u00eddo \u00e0 v\u00edtima.<\/p>\n<p><img loading=\"lazy\" decoding=\"async\" class=\"alignnone size-full wp-image-79997\" src=\"https:\/\/jorgezanoni.com.br\/2019\/wp-content\/uploads\/2023\/08\/panorama.jpg\" alt=\"\" width=\"867\" height=\"1156\" srcset=\"https:\/\/jorgezanoni.com.br\/2019\/wp-content\/uploads\/2023\/08\/panorama.jpg 867w, https:\/\/jorgezanoni.com.br\/2019\/wp-content\/uploads\/2023\/08\/panorama-225x300.jpg 225w, https:\/\/jorgezanoni.com.br\/2019\/wp-content\/uploads\/2023\/08\/panorama-768x1024.jpg 768w, https:\/\/jorgezanoni.com.br\/2019\/wp-content\/uploads\/2023\/08\/panorama-696x928.jpg 696w, https:\/\/jorgezanoni.com.br\/2019\/wp-content\/uploads\/2023\/08\/panorama-315x420.jpg 315w\" sizes=\"auto, (max-width: 867px) 100vw, 867px\" \/><\/p>\n<p style=\"text-align: justify;\">ESCOLA INFANTIL EM DRACENA HOMENAGEIA POLICIAL MILITAR NO DIA DO SOLDADO<\/p>\n<p style=\"text-align: justify;\">Na data de ontem (25) o policial Leiswladio foi convidado a desenvolver atividade com crian\u00e7as at\u00e9 4 anos pelo Dia do Soldado na EMEI Dona ZiZi a desenvolver uma atividade com crian\u00e7as, explicando de forma l\u00fadica o que \u00e9 o dia do Soldado e o qual trabalho que a Pol\u00edcia Militar realiza.<br \/>\nAp\u00f3s uma entrada inusitada e surpresa da viatura policial na Escola, as crian\u00e7as conheceram o trabalho policial e homenagearam o policial pelo Dia do Soldado.<\/p>\n<p>\u00a0<img loading=\"lazy\" decoding=\"async\" class=\"alignnone size-full wp-image-79999\" src=\"https:\/\/jorgezanoni.com.br\/2019\/wp-content\/uploads\/2023\/08\/escola2-Pequeno.jpg\" alt=\"\" width=\"480\" height=\"640\" srcset=\"https:\/\/jorgezanoni.com.br\/2019\/wp-content\/uploads\/2023\/08\/escola2-Pequeno.jpg 480w, https:\/\/jorgezanoni.com.br\/2019\/wp-content\/uploads\/2023\/08\/escola2-Pequeno-225x300.jpg 225w, https:\/\/jorgezanoni.com.br\/2019\/wp-content\/uploads\/2023\/08\/escola2-Pequeno-315x420.jpg 315w\" sizes=\"auto, (max-width: 480px) 100vw, 480px\" \/> <img loading=\"lazy\" decoding=\"async\" class=\"alignnone size-full wp-image-80000\" src=\"https:\/\/jorgezanoni.com.br\/2019\/wp-content\/uploads\/2023\/08\/escola-Pequeno.jpg\" alt=\"\" width=\"480\" height=\"640\" srcset=\"https:\/\/jorgezanoni.com.br\/2019\/wp-content\/uploads\/2023\/08\/escola-Pequeno.jpg 480w, https:\/\/jorgezanoni.com.br\/2019\/wp-content\/uploads\/2023\/08\/escola-Pequeno-225x300.jpg 225w, https:\/\/jorgezanoni.com.br\/2019\/wp-content\/uploads\/2023\/08\/escola-Pequeno-315x420.jpg 315w\" sizes=\"auto, (max-width: 480px) 100vw, 480px\" \/><img loading=\"lazy\" decoding=\"async\" class=\"alignnone size-full wp-image-80001\" src=\"https:\/\/jorgezanoni.com.br\/2019\/wp-content\/uploads\/2023\/08\/escola1-Pequeno.jpg\" alt=\"\" width=\"480\" height=\"640\" srcset=\"https:\/\/jorgezanoni.com.br\/2019\/wp-content\/uploads\/2023\/08\/escola1-Pequeno.jpg 480w, https:\/\/jorgezanoni.com.br\/2019\/wp-content\/uploads\/2023\/08\/escola1-Pequeno-225x300.jpg 225w, https:\/\/jorgezanoni.com.br\/2019\/wp-content\/uploads\/2023\/08\/escola1-Pequeno-315x420.jpg 315w\" sizes=\"auto, (max-width: 480px) 100vw, 480px\" \/><\/p>\n<p style=\"text-align: justify;\">EM OSVALDO CRUZ POL\u00cdCIA MILITAR CAPTURA PROCURADO DA JUSTI\u00c7A CONDENADO POR ROUBO.<\/p>\n<p style=\"text-align: justify;\">Na data de ontem (25) por volta das 14h50min durante patrulhamento ostensivo e preventivo pela Vila Esperan\u00e7a, copom acionou a equipe da Pol\u00edcia Militar para atendimento de ocorr\u00eancia de indiv\u00edduo procurado pela Justi\u00e7a pela pratica do art.157 roubo.<br \/>\nO indiv\u00edduo ( homem 24 anos) j\u00e1 conhecimento da equipe policial, onde foi deslocado rapidamente at\u00e9 a resid\u00eancia do capturado onde houve \u00eaxito em captura-lo pela via permanecendo o autor a disposi\u00e7\u00e3o da Justi\u00e7a.<br \/>\n[16:34, 26\/08\/2023] Comunica\u00e7\u00e3o Social 25BPMI: POL\u00cdCIA MILITAR CAPTURA PROCURADA DA JUSTI\u00c7A EM OSVALDO CRUZ POR CRIME DE TR\u00c2NSITO.<\/p>\n<p style=\"text-align: justify;\">Na data de ontem (25) a equipe da Pol\u00edcia Militar tomou conhecimento que havia um mandado de pris\u00e3o em desfavor da capturada e ao realizar patrulhamento pela Avenida Magay pr\u00f3ximo ao cruzamento com Av Max Wirth foi visualizado um veiculo fiat uno trafegando pela via, e em seu interior foi reconhecido a procurada pela Justi\u00e7a. O veiculo foi abordado e realizada busca pessoal nada de il\u00edcito foi encontrado a capturada de procurado ap\u00f3s a elabora\u00e7\u00e3o do BOPC onde foi conduzida a Penitenci\u00e1ria Feminina de Tupi Paulista para cumprir regime semi-aberto de 1 ano 5 meses e 18 dias referente a um crime de tr\u00e2nsito.<\/p>\n<p style=\"text-align: justify;\">POL\u00cdCIA MILITAR CAPTURA PROCURADO DA JUSTI\u00c7A EM LUC\u00c9LIA<\/p>\n<p style=\"text-align: justify;\">No dia 24 por volta das 19h01min a equipe da Pol\u00edcia Militar tomou conhecimento que havia um mandado de pris\u00e3o em desfavor do capturado e ao realizar patrulhamento pela rua vereador Argemiro Gonzaga na altura do n\u00famero 250 o capturado foi visualizado caminhado pela via publica. Diante do exposto o mesmo foi abordado , realizada busca pessoal nada de il\u00edcito foi encontrado porem em pesquisa criminal foi constatado mandado de pris\u00e3o sendo elaborado BOPC natureza de procurado permanecendo preso \u00e0 disposi\u00e7\u00e3o da Justi\u00e7a.<\/p>\n<p style=\"text-align: justify;\">POL\u00cdCIA MILITAR PRENDE 02 HOMENS EM FLAGRANTE DE FURTO EM OSVALDO CRUZ.<\/p>\n<p style=\"text-align: justify;\">Na data de ontem (25) por volta das 00h19min a equipe da Pol\u00edcia Militar foi acionada via COPOM para atendimento de furto a estabelecimento comercial. No local contato com a v\u00edtima a qual informou que tres individuos haviam furtado uma garrafa de bebida alco\u00f3lica e que estariam pela pra\u00e7a central. Com as caracter\u00edsticas passadas foram abordados tres individuos sendo um deles menor de idade e em busca pessoal nada de il\u00edcito foi localizado, questionados sobre o furto um deles confirmou e ainda apontou um arbusto no meio da pra\u00e7a onde haviam deixado ao notar a presen\u00e7a da equipe policial. Diante dos fatos foi proferida voz de pris\u00e3o e ratificada a prisao para os dois individuos maiores de idade (18 e 21 anos) e o adolescente (17 anos) ouvido e liberado.<\/p>\n<p style=\"text-align: justify;\"><img loading=\"lazy\" decoding=\"async\" class=\"alignnone size-full wp-image-80002\" src=\"https:\/\/jorgezanoni.com.br\/2019\/wp-content\/uploads\/2023\/08\/procurado.jpg\" alt=\"\" width=\"765\" height=\"1280\" srcset=\"https:\/\/jorgezanoni.com.br\/2019\/wp-content\/uploads\/2023\/08\/procurado.jpg 765w, https:\/\/jorgezanoni.com.br\/2019\/wp-content\/uploads\/2023\/08\/procurado-179x300.jpg 179w, https:\/\/jorgezanoni.com.br\/2019\/wp-content\/uploads\/2023\/08\/procurado-612x1024.jpg 612w, https:\/\/jorgezanoni.com.br\/2019\/wp-content\/uploads\/2023\/08\/procurado-696x1165.jpg 696w, https:\/\/jorgezanoni.com.br\/2019\/wp-content\/uploads\/2023\/08\/procurado-251x420.jpg 251w\" sizes=\"auto, (max-width: 765px) 100vw, 765px\" \/><\/p>\n<p style=\"text-align: justify;\">POL\u00cdCIA MILITAR CAPTURA PROCURADO DA JUSTI\u00c7A EM TUPI PAULISTA<\/p>\n<p style=\"text-align: justify;\">Na data de ontem 26 por volta das 09h29min durante patrulhamento no munic\u00edpio de Tupi Paulista no Jardim Colomba a equipe da Pol\u00edcia Militar tomou conhecimento de um mandado de pris\u00e3o em desfavor do capturado ( homem 46 anos) sendo localizado o indiv\u00edduo, realizada pesquisa via COPOM, confirmado mandado de pris\u00e3o em aberto- processo permanecendo preso \u00e0 disposi\u00e7\u00e3o da Justi\u00e7a.<\/p>\n<p style=\"text-align: justify;\">POL\u00cdCIA MILITAR CAPTURA PROCURADO DA JUSTI\u00c7A COM 8 ANOS DO CRIME DE TR\u00c1FICO DE DROGAS A CUMPRIR EM REGIME FECHADO<\/p>\n<p style=\"text-align: justify;\">Na data de hoje (26) por volta das 10h37min durante patrulhamento pelo munic\u00edpio de Pacaembu onde a equipe da Pol\u00edcia Militar tomou conhecimento de um mandado de pris\u00e3o em desfavor do indiv\u00edduo ( homem 21 anos). Realizada pesquisa via COPOM, confirmado mandado de pris\u00e3o em aberto pelo crime de Tr\u00e1fico de drogas (8 anos em regime fechado) permanecendo preso \u00e0 disposi\u00e7\u00e3o da Justi\u00e7a.<\/p>\n<p style=\"text-align: justify;\">#25BPMI<br \/>\n#CPI8<br \/>\n#POLICIAMILITARSP<br \/>\n#AFOR\u00c7APUBLICADESAOPAULO<\/p>\n<p>&nbsp;<\/p>\n","protected":false},"excerpt":{"rendered":"<p>POLICIA MILITAR PRESTA SOCORRO A ADOLESCENTE EM TUPI PAULISTA. Anjos de farda, no lugar certo e na hora certa! Na tarde de hoje (24), a unidade de servi\u00e7o da Pol\u00edcia Militar, em patrulhamento preventivo e ostensivo de Ronda Escolar pela Rua Arcebispo Lemieux, se deparou com alunos na quadra de esporte de uma escola, jogando [&hellip;]<\/p>\n","protected":false},"author":1,"featured_media":79996,"comment_status":"closed","ping_status":"open","sticky":false,"template":"","format":"standard","meta":{"footnotes":""},"categories":[110,2],"tags":[],"class_list":["post-79995","post","type-post","status-publish","format-standard","has-post-thumbnail","hentry","category-noticiasdestaque","category-policial"],"_links":{"self":[{"href":"https:\/\/jorgezanoni.com.br\/2019\/wp-json\/wp\/v2\/posts\/79995","targetHints":{"allow":["GET"]}}],"collection":[{"href":"https:\/\/jorgezanoni.com.br\/2019\/wp-json\/wp\/v2\/posts"}],"about":[{"href":"https:\/\/jorgezanoni.com.br\/2019\/wp-json\/wp\/v2\/types\/post"}],"author":[{"embeddable":true,"href":"https:\/\/jorgezanoni.com.br\/2019\/wp-json\/wp\/v2\/users\/1"}],"replies":[{"embeddable":true,"href":"https:\/\/jorgezanoni.com.br\/2019\/wp-json\/wp\/v2\/comments?post=79995"}],"version-history":[{"count":1,"href":"https:\/\/jorgezanoni.com.br\/2019\/wp-json\/wp\/v2\/posts\/79995\/revisions"}],"predecessor-version":[{"id":80003,"href":"https:\/\/jorgezanoni.com.br\/2019\/wp-json\/wp\/v2\/posts\/79995\/revisions\/80003"}],"wp:featuredmedia":[{"embeddable":true,"href":"https:\/\/jorgezanoni.com.br\/2019\/wp-json\/wp\/v2\/media\/79996"}],"wp:attachment":[{"href":"https:\/\/jorgezanoni.com.br\/2019\/wp-json\/wp\/v2\/media?parent=79995"}],"wp:term":[{"taxonomy":"category","embeddable":true,"href":"https:\/\/jorgezanoni.com.br\/2019\/wp-json\/wp\/v2\/categories?post=79995"},{"taxonomy":"post_tag","embeddable":true,"href":"https:\/\/jorgezanoni.com.br\/2019\/wp-json\/wp\/v2\/tags?post=79995"}],"curies":[{"name":"wp","href":"https:\/\/api.w.org\/{rel}","templated":true}]}}