{"id":7998,"date":"2019-10-06T13:54:00","date_gmt":"2019-10-06T13:54:00","guid":{"rendered":"https:\/\/jorgezanoni.com.br\/2019\/?p=7998"},"modified":"2019-10-06T13:54:26","modified_gmt":"2019-10-06T13:54:26","slug":"moto-e-carro-se-envolvem-em-acidente-em-cruzamento-da-av-washington-luiz-em-dracena","status":"publish","type":"post","link":"https:\/\/jorgezanoni.com.br\/2019\/moto-e-carro-se-envolvem-em-acidente-em-cruzamento-da-av-washington-luiz-em-dracena\/","title":{"rendered":"Moto e carro se envolvem em acidente em cruzamento da av. Washington Luiz em Dracena"},"content":{"rendered":"<p style=\"text-align: justify;\">Colis\u00e3o de tr\u00e2nsito entre moto e carro foi registrada agora pela manh\u00e3, no cruzamento da Av. Washington Luiz com a Av. Vit\u00f3ria. Segundo informa\u00e7\u00f5es obtidas pela reportagem do Portal no local \u00e0s 9h42, a moto seguia na Av. Washington Luiz sentido centro ao trevo e o carro na Av. Vit\u00f3ria sentido bairro centro.<\/p>\n<p><img loading=\"lazy\" decoding=\"async\" class=\"alignnone size-full wp-image-7999\" src=\"https:\/\/jorgezanoni.com.br\/2019\/wp-content\/uploads\/2019\/10\/wl.jpeg\" alt=\"\" width=\"1040\" height=\"780\" srcset=\"https:\/\/jorgezanoni.com.br\/2019\/wp-content\/uploads\/2019\/10\/wl.jpeg 1040w, https:\/\/jorgezanoni.com.br\/2019\/wp-content\/uploads\/2019\/10\/wl-300x225.jpeg 300w, https:\/\/jorgezanoni.com.br\/2019\/wp-content\/uploads\/2019\/10\/wl-768x576.jpeg 768w, https:\/\/jorgezanoni.com.br\/2019\/wp-content\/uploads\/2019\/10\/wl-1024x768.jpeg 1024w, https:\/\/jorgezanoni.com.br\/2019\/wp-content\/uploads\/2019\/10\/wl-80x60.jpeg 80w, https:\/\/jorgezanoni.com.br\/2019\/wp-content\/uploads\/2019\/10\/wl-265x198.jpeg 265w, https:\/\/jorgezanoni.com.br\/2019\/wp-content\/uploads\/2019\/10\/wl-696x522.jpeg 696w, https:\/\/jorgezanoni.com.br\/2019\/wp-content\/uploads\/2019\/10\/wl-560x420.jpeg 560w\" sizes=\"auto, (max-width: 1040px) 100vw, 1040px\" \/><\/p>\n<p style=\"text-align: justify;\">A condutora do carro disse que o sinal estava aberto para ela. Tamb\u00e9m informou que ficou preocupada porque levava no banco de tr\u00e1s o beb\u00ea dela de 3 meses de vida.<\/p>\n<p><img loading=\"lazy\" decoding=\"async\" class=\"alignnone size-full wp-image-8000\" src=\"https:\/\/jorgezanoni.com.br\/2019\/wp-content\/uploads\/2019\/10\/wl1.jpg\" alt=\"\" width=\"696\" height=\"522\" srcset=\"https:\/\/jorgezanoni.com.br\/2019\/wp-content\/uploads\/2019\/10\/wl1.jpg 696w, https:\/\/jorgezanoni.com.br\/2019\/wp-content\/uploads\/2019\/10\/wl1-300x225.jpg 300w, https:\/\/jorgezanoni.com.br\/2019\/wp-content\/uploads\/2019\/10\/wl1-80x60.jpg 80w, https:\/\/jorgezanoni.com.br\/2019\/wp-content\/uploads\/2019\/10\/wl1-265x198.jpg 265w, https:\/\/jorgezanoni.com.br\/2019\/wp-content\/uploads\/2019\/10\/wl1-560x420.jpg 560w\" sizes=\"auto, (max-width: 696px) 100vw, 696px\" \/><\/p>\n<p style=\"text-align: justify;\">Conforme populares comentaram, a condutora da moto prosseguiu enquanto o sinal j\u00e1 estava fechado, havendo a colis\u00e3o. O carro foi atingido na parte de tr\u00e1s.<\/p>\n<p><img loading=\"lazy\" decoding=\"async\" class=\"alignnone size-full wp-image-8001\" src=\"https:\/\/jorgezanoni.com.br\/2019\/wp-content\/uploads\/2019\/10\/wl2.jpg\" alt=\"\" width=\"696\" height=\"522\" srcset=\"https:\/\/jorgezanoni.com.br\/2019\/wp-content\/uploads\/2019\/10\/wl2.jpg 696w, https:\/\/jorgezanoni.com.br\/2019\/wp-content\/uploads\/2019\/10\/wl2-300x225.jpg 300w, https:\/\/jorgezanoni.com.br\/2019\/wp-content\/uploads\/2019\/10\/wl2-80x60.jpg 80w, https:\/\/jorgezanoni.com.br\/2019\/wp-content\/uploads\/2019\/10\/wl2-265x198.jpg 265w, https:\/\/jorgezanoni.com.br\/2019\/wp-content\/uploads\/2019\/10\/wl2-560x420.jpg 560w\" sizes=\"auto, (max-width: 696px) 100vw, 696px\" \/><\/p>\n<p style=\"text-align: justify;\">A Pol\u00edcia Militar esteve no local e os Bombeiros socorreram a condutora da moto ao PAM.<\/p>\n<p style=\"text-align: justify;\">Fonte: Portal Regional<\/p>\n","protected":false},"excerpt":{"rendered":"<p>Colis\u00e3o de tr\u00e2nsito entre moto e carro foi registrada agora pela manh\u00e3, no cruzamento da Av. Washington Luiz com a Av. Vit\u00f3ria. Segundo informa\u00e7\u00f5es obtidas pela reportagem do Portal no local \u00e0s 9h42, a moto seguia na Av. Washington Luiz sentido centro ao trevo e o carro na Av. Vit\u00f3ria sentido bairro centro. A condutora [&hellip;]<\/p>\n","protected":false},"author":1,"featured_media":8002,"comment_status":"closed","ping_status":"open","sticky":false,"template":"","format":"standard","meta":{"footnotes":""},"categories":[170,110],"tags":[],"class_list":["post-7998","post","type-post","status-publish","format-standard","has-post-thumbnail","hentry","category-acidentes","category-noticiasdestaque"],"_links":{"self":[{"href":"https:\/\/jorgezanoni.com.br\/2019\/wp-json\/wp\/v2\/posts\/7998","targetHints":{"allow":["GET"]}}],"collection":[{"href":"https:\/\/jorgezanoni.com.br\/2019\/wp-json\/wp\/v2\/posts"}],"about":[{"href":"https:\/\/jorgezanoni.com.br\/2019\/wp-json\/wp\/v2\/types\/post"}],"author":[{"embeddable":true,"href":"https:\/\/jorgezanoni.com.br\/2019\/wp-json\/wp\/v2\/users\/1"}],"replies":[{"embeddable":true,"href":"https:\/\/jorgezanoni.com.br\/2019\/wp-json\/wp\/v2\/comments?post=7998"}],"version-history":[{"count":0,"href":"https:\/\/jorgezanoni.com.br\/2019\/wp-json\/wp\/v2\/posts\/7998\/revisions"}],"wp:featuredmedia":[{"embeddable":true,"href":"https:\/\/jorgezanoni.com.br\/2019\/wp-json\/wp\/v2\/media\/8002"}],"wp:attachment":[{"href":"https:\/\/jorgezanoni.com.br\/2019\/wp-json\/wp\/v2\/media?parent=7998"}],"wp:term":[{"taxonomy":"category","embeddable":true,"href":"https:\/\/jorgezanoni.com.br\/2019\/wp-json\/wp\/v2\/categories?post=7998"},{"taxonomy":"post_tag","embeddable":true,"href":"https:\/\/jorgezanoni.com.br\/2019\/wp-json\/wp\/v2\/tags?post=7998"}],"curies":[{"name":"wp","href":"https:\/\/api.w.org\/{rel}","templated":true}]}}