{"id":7991,"date":"2019-10-06T13:35:30","date_gmt":"2019-10-06T13:35:30","guid":{"rendered":"https:\/\/jorgezanoni.com.br\/2019\/?p=7991"},"modified":"2019-10-06T13:35:30","modified_gmt":"2019-10-06T13:35:30","slug":"capotamento-na-sp-294-com-vitima-grave-foi-registrado-nessa-madrugada","status":"publish","type":"post","link":"https:\/\/jorgezanoni.com.br\/2019\/capotamento-na-sp-294-com-vitima-grave-foi-registrado-nessa-madrugada\/","title":{"rendered":"Capotamento na SP-294 com v\u00edtima grave foi registrado nessa madrugada"},"content":{"rendered":"<p style=\"text-align: justify;\">Por volta de 02:30 Horas desse domingo (6) a Pol\u00edcia Militar Base Operacional de Adamantina atendeu uma ocorr\u00eancia no Km. 620 da rodovia Cmte. Jo\u00e3o Ribeiro de Barros SP-294.<\/p>\n<p><img loading=\"lazy\" decoding=\"async\" class=\"alignnone size-full wp-image-7992\" src=\"https:\/\/jorgezanoni.com.br\/2019\/wp-content\/uploads\/2019\/10\/capote.jpg\" alt=\"\" width=\"1032\" height=\"774\" srcset=\"https:\/\/jorgezanoni.com.br\/2019\/wp-content\/uploads\/2019\/10\/capote.jpg 1032w, https:\/\/jorgezanoni.com.br\/2019\/wp-content\/uploads\/2019\/10\/capote-300x225.jpg 300w, https:\/\/jorgezanoni.com.br\/2019\/wp-content\/uploads\/2019\/10\/capote-768x576.jpg 768w, https:\/\/jorgezanoni.com.br\/2019\/wp-content\/uploads\/2019\/10\/capote-1024x768.jpg 1024w, https:\/\/jorgezanoni.com.br\/2019\/wp-content\/uploads\/2019\/10\/capote-80x60.jpg 80w, https:\/\/jorgezanoni.com.br\/2019\/wp-content\/uploads\/2019\/10\/capote-265x198.jpg 265w, https:\/\/jorgezanoni.com.br\/2019\/wp-content\/uploads\/2019\/10\/capote-696x522.jpg 696w, https:\/\/jorgezanoni.com.br\/2019\/wp-content\/uploads\/2019\/10\/capote-560x420.jpg 560w\" sizes=\"auto, (max-width: 1032px) 100vw, 1032px\" \/><\/p>\n<p style=\"text-align: justify;\">Segundo informa\u00e7\u00f5es o motorista morador de Irapuru fazia o sentido Adamantina-Dracena quando por motivos a serem apurados perdeu o controle de dire\u00e7\u00e3o e capotou \u00e0 direita da pista.<\/p>\n<p><img loading=\"lazy\" decoding=\"async\" class=\"alignnone size-full wp-image-7993\" src=\"https:\/\/jorgezanoni.com.br\/2019\/wp-content\/uploads\/2019\/10\/capote2.jpg\" alt=\"\" width=\"1032\" height=\"774\" srcset=\"https:\/\/jorgezanoni.com.br\/2019\/wp-content\/uploads\/2019\/10\/capote2.jpg 1032w, https:\/\/jorgezanoni.com.br\/2019\/wp-content\/uploads\/2019\/10\/capote2-300x225.jpg 300w, https:\/\/jorgezanoni.com.br\/2019\/wp-content\/uploads\/2019\/10\/capote2-768x576.jpg 768w, https:\/\/jorgezanoni.com.br\/2019\/wp-content\/uploads\/2019\/10\/capote2-1024x768.jpg 1024w, https:\/\/jorgezanoni.com.br\/2019\/wp-content\/uploads\/2019\/10\/capote2-80x60.jpg 80w, https:\/\/jorgezanoni.com.br\/2019\/wp-content\/uploads\/2019\/10\/capote2-265x198.jpg 265w, https:\/\/jorgezanoni.com.br\/2019\/wp-content\/uploads\/2019\/10\/capote2-696x522.jpg 696w, https:\/\/jorgezanoni.com.br\/2019\/wp-content\/uploads\/2019\/10\/capote2-560x420.jpg 560w\" sizes=\"auto, (max-width: 1032px) 100vw, 1032px\" \/><\/p>\n<p style=\"text-align: justify;\">O condutor que estava sozinho no ve\u00edculo foi socorrido ao Pronto Atendimento de Pacaembu aparentemente com ferimentos graves.<\/p>\n<p><img loading=\"lazy\" decoding=\"async\" class=\"alignnone size-full wp-image-7994\" src=\"https:\/\/jorgezanoni.com.br\/2019\/wp-content\/uploads\/2019\/10\/capote3.jpg\" alt=\"\" width=\"1032\" height=\"774\" srcset=\"https:\/\/jorgezanoni.com.br\/2019\/wp-content\/uploads\/2019\/10\/capote3.jpg 1032w, https:\/\/jorgezanoni.com.br\/2019\/wp-content\/uploads\/2019\/10\/capote3-300x225.jpg 300w, https:\/\/jorgezanoni.com.br\/2019\/wp-content\/uploads\/2019\/10\/capote3-768x576.jpg 768w, https:\/\/jorgezanoni.com.br\/2019\/wp-content\/uploads\/2019\/10\/capote3-1024x768.jpg 1024w, https:\/\/jorgezanoni.com.br\/2019\/wp-content\/uploads\/2019\/10\/capote3-80x60.jpg 80w, https:\/\/jorgezanoni.com.br\/2019\/wp-content\/uploads\/2019\/10\/capote3-265x198.jpg 265w, https:\/\/jorgezanoni.com.br\/2019\/wp-content\/uploads\/2019\/10\/capote3-696x522.jpg 696w, https:\/\/jorgezanoni.com.br\/2019\/wp-content\/uploads\/2019\/10\/capote3-560x420.jpg 560w\" sizes=\"auto, (max-width: 1032px) 100vw, 1032px\" \/><\/p>\n<p style=\"text-align: justify;\">A Pol\u00edcia T\u00e9cnica compareceu ao local para os levantamentos e elabora\u00e7\u00e3o do laudo pericial.<\/p>\n<p><img loading=\"lazy\" decoding=\"async\" class=\"alignnone size-full wp-image-7995\" src=\"https:\/\/jorgezanoni.com.br\/2019\/wp-content\/uploads\/2019\/10\/capote4.jpg\" alt=\"\" width=\"1032\" height=\"774\" srcset=\"https:\/\/jorgezanoni.com.br\/2019\/wp-content\/uploads\/2019\/10\/capote4.jpg 1032w, https:\/\/jorgezanoni.com.br\/2019\/wp-content\/uploads\/2019\/10\/capote4-300x225.jpg 300w, https:\/\/jorgezanoni.com.br\/2019\/wp-content\/uploads\/2019\/10\/capote4-768x576.jpg 768w, https:\/\/jorgezanoni.com.br\/2019\/wp-content\/uploads\/2019\/10\/capote4-1024x768.jpg 1024w, https:\/\/jorgezanoni.com.br\/2019\/wp-content\/uploads\/2019\/10\/capote4-80x60.jpg 80w, https:\/\/jorgezanoni.com.br\/2019\/wp-content\/uploads\/2019\/10\/capote4-265x198.jpg 265w, https:\/\/jorgezanoni.com.br\/2019\/wp-content\/uploads\/2019\/10\/capote4-696x522.jpg 696w, https:\/\/jorgezanoni.com.br\/2019\/wp-content\/uploads\/2019\/10\/capote4-560x420.jpg 560w\" sizes=\"auto, (max-width: 1032px) 100vw, 1032px\" \/><\/p>\n<p style=\"text-align: justify;\">Jorge Zanoni<\/p>\n<p>Fotos de Internauta<\/p>\n","protected":false},"excerpt":{"rendered":"<p>Por volta de 02:30 Horas desse domingo (6) a Pol\u00edcia Militar Base Operacional de Adamantina atendeu uma ocorr\u00eancia no Km. 620 da rodovia Cmte. Jo\u00e3o Ribeiro de Barros SP-294. Segundo informa\u00e7\u00f5es o motorista morador de Irapuru fazia o sentido Adamantina-Dracena quando por motivos a serem apurados perdeu o controle de dire\u00e7\u00e3o e capotou \u00e0 direita [&hellip;]<\/p>\n","protected":false},"author":1,"featured_media":7996,"comment_status":"closed","ping_status":"open","sticky":false,"template":"","format":"standard","meta":{"footnotes":""},"categories":[170,110],"tags":[],"class_list":["post-7991","post","type-post","status-publish","format-standard","has-post-thumbnail","hentry","category-acidentes","category-noticiasdestaque"],"_links":{"self":[{"href":"https:\/\/jorgezanoni.com.br\/2019\/wp-json\/wp\/v2\/posts\/7991","targetHints":{"allow":["GET"]}}],"collection":[{"href":"https:\/\/jorgezanoni.com.br\/2019\/wp-json\/wp\/v2\/posts"}],"about":[{"href":"https:\/\/jorgezanoni.com.br\/2019\/wp-json\/wp\/v2\/types\/post"}],"author":[{"embeddable":true,"href":"https:\/\/jorgezanoni.com.br\/2019\/wp-json\/wp\/v2\/users\/1"}],"replies":[{"embeddable":true,"href":"https:\/\/jorgezanoni.com.br\/2019\/wp-json\/wp\/v2\/comments?post=7991"}],"version-history":[{"count":0,"href":"https:\/\/jorgezanoni.com.br\/2019\/wp-json\/wp\/v2\/posts\/7991\/revisions"}],"wp:featuredmedia":[{"embeddable":true,"href":"https:\/\/jorgezanoni.com.br\/2019\/wp-json\/wp\/v2\/media\/7996"}],"wp:attachment":[{"href":"https:\/\/jorgezanoni.com.br\/2019\/wp-json\/wp\/v2\/media?parent=7991"}],"wp:term":[{"taxonomy":"category","embeddable":true,"href":"https:\/\/jorgezanoni.com.br\/2019\/wp-json\/wp\/v2\/categories?post=7991"},{"taxonomy":"post_tag","embeddable":true,"href":"https:\/\/jorgezanoni.com.br\/2019\/wp-json\/wp\/v2\/tags?post=7991"}],"curies":[{"name":"wp","href":"https:\/\/api.w.org\/{rel}","templated":true}]}}