{"id":79878,"date":"2023-08-25T03:50:01","date_gmt":"2023-08-25T03:50:01","guid":{"rendered":"https:\/\/jorgezanoni.com.br\/2019\/?p=79878"},"modified":"2023-08-25T17:01:10","modified_gmt":"2023-08-25T17:01:10","slug":"homem-morre-em-grave-acidente-na-sp-563-em-monte-castelo","status":"publish","type":"post","link":"https:\/\/jorgezanoni.com.br\/2019\/homem-morre-em-grave-acidente-na-sp-563-em-monte-castelo\/","title":{"rendered":"Homem morre em grave acidente na SP-563 em Monte Castelo"},"content":{"rendered":"<div dir=\"auto\" style=\"text-align: justify;\"><strong>Jo\u00e3o Fonseca Oliveira de 67 anos, morador de Monte Castelo \u00e9 a v\u00edtima fatal do acidente.<\/strong><\/div>\n<div dir=\"auto\"><\/div>\n<div class=\"xdj266r x11i5rnm xat24cr x1mh8g0r x1vvkbs x126k92a\">\n<div dir=\"auto\" style=\"text-align: justify;\">A Pol\u00edcia Militar Rodovi\u00e1ria de Adamantina est\u00e1 neste momento acompanhando um grave acidente de transito na altura do km 154 da SP 563 Rodovia General Euclides de Oliveira Figueiredo (Rodovia da Integra\u00e7\u00e3o) no munic\u00edpio de Monte Castelo. Segundo a Pol\u00edcia Militar Rodovi\u00e1ria, o acidente ocorreu por volta das 20.45 h.<\/div>\n<\/div>\n<div class=\"x11i5rnm xat24cr x1mh8g0r x1vvkbs xtlvy1s x126k92a\" style=\"text-align: justify;\">\n<div dir=\"auto\">Segundo consta, trata-se de colis\u00e3o lateral seguida de transversal, envolvendo dois caminh\u00f5es e um autom\u00f3vel. Segundo consta, o condutor do veiculo VW Gol com placas de Tupi Paulista, veio a \u00f3bito.<\/div>\n<div dir=\"auto\"><\/div>\n<div dir=\"auto\">Fonte: Agora News<\/div>\n<div dir=\"auto\">Fotos de Internauta<\/div>\n<\/div>\n<div dir=\"auto\"><\/div>\n<div dir=\"auto\"><img loading=\"lazy\" decoding=\"async\" class=\"alignnone size-full wp-image-79884\" src=\"https:\/\/jorgezanoni.com.br\/2019\/wp-content\/uploads\/2023\/08\/Joao.jpg\" alt=\"\" width=\"1600\" height=\"1600\" srcset=\"https:\/\/jorgezanoni.com.br\/2019\/wp-content\/uploads\/2023\/08\/Joao.jpg 1600w, https:\/\/jorgezanoni.com.br\/2019\/wp-content\/uploads\/2023\/08\/Joao-300x300.jpg 300w, https:\/\/jorgezanoni.com.br\/2019\/wp-content\/uploads\/2023\/08\/Joao-1024x1024.jpg 1024w, https:\/\/jorgezanoni.com.br\/2019\/wp-content\/uploads\/2023\/08\/Joao-150x150.jpg 150w, https:\/\/jorgezanoni.com.br\/2019\/wp-content\/uploads\/2023\/08\/Joao-768x768.jpg 768w, https:\/\/jorgezanoni.com.br\/2019\/wp-content\/uploads\/2023\/08\/Joao-1536x1536.jpg 1536w, https:\/\/jorgezanoni.com.br\/2019\/wp-content\/uploads\/2023\/08\/Joao-696x696.jpg 696w, https:\/\/jorgezanoni.com.br\/2019\/wp-content\/uploads\/2023\/08\/Joao-1068x1068.jpg 1068w, https:\/\/jorgezanoni.com.br\/2019\/wp-content\/uploads\/2023\/08\/Joao-420x420.jpg 420w\" sizes=\"auto, (max-width: 1600px) 100vw, 1600px\" \/><\/div>\n<div dir=\"auto\"><\/div>\n<div dir=\"auto\"><img loading=\"lazy\" decoding=\"async\" class=\"alignnone size-full wp-image-79879\" src=\"https:\/\/jorgezanoni.com.br\/2019\/wp-content\/uploads\/2023\/08\/Z-Monte-1.jpg\" alt=\"\" width=\"960\" height=\"540\" srcset=\"https:\/\/jorgezanoni.com.br\/2019\/wp-content\/uploads\/2023\/08\/Z-Monte-1.jpg 960w, https:\/\/jorgezanoni.com.br\/2019\/wp-content\/uploads\/2023\/08\/Z-Monte-1-300x169.jpg 300w, https:\/\/jorgezanoni.com.br\/2019\/wp-content\/uploads\/2023\/08\/Z-Monte-1-768x432.jpg 768w, https:\/\/jorgezanoni.com.br\/2019\/wp-content\/uploads\/2023\/08\/Z-Monte-1-696x392.jpg 696w, https:\/\/jorgezanoni.com.br\/2019\/wp-content\/uploads\/2023\/08\/Z-Monte-1-747x420.jpg 747w\" sizes=\"auto, (max-width: 960px) 100vw, 960px\" \/><\/div>\n<div dir=\"auto\"><\/div>\n<div dir=\"auto\">NOTA DA POL\u00cdCIA MILITAR RODOVI\u00c1RIA<\/div>\n<div dir=\"auto\">\n<div>Pol\u00edcia Militar Rodovi\u00e1ria atende sinistro de tr\u00e2nsito com v\u00edtima fatal.<\/div>\n<div><\/div>\n<div>Data\/Hora: 24AGO23, 20h25min.<\/div>\n<div>Local: Monte Castelo\/SP \u2013 SP 563 \u2013 Rodovia Euclides de Oliveira Figueiredo, km 154+400 metros.<\/div>\n<div><\/div>\n<div>HIST\u00d3RICO:<\/div>\n<div><\/div>\n<div>Durante desenvolvimento da Opera\u00e7\u00e3o Impacto, equipe do Policiamento Rodovi\u00e1rio de Adamantina atendeu um sinistro de tr\u00e2nsito com 01 (uma) v\u00edtima fatal envolvendo 01 (um) autom\u00f3vel e 02 (dois) caminh\u00f5es.<\/div>\n<div><\/div>\n<div>O ve\u00edculo Vw Gol com placas de Tupi Paulista\/SP, conduzido por J. F. O. de 67 anos, morador de Monte Castelo\/SP, transitava no sentido Nova Independ\u00eancia a Tupi Paulista, quando por motivos a serem esclarecido colidiu lateralmente com um caminh\u00e3o M. Benz L1620, com placas de Panorama\/SP conduzido por C. F. S. de 22 anos que transitava no sentido contr\u00e1rio, ato cont\u00ednuo o autom\u00f3vel colidiu transversalmente com outro caminh\u00e3o, Ford Cargo 2429L, com placas de Panorama\/SP conduzido por G. L. C. de 21 anos que transitava logo atr\u00e1s do primeiro caminh\u00e3o.<\/div>\n<div><\/div>\n<div>O sinistro resultou no \u00f3bito de J. F. O., condutor do autom\u00f3vel Vw Gol.<\/div>\n<div><\/div>\n<div>Os condutores dos caminh\u00f5es realizaram teste do etil\u00f4metro e foi constatado que n\u00e3o dirigiam sob efeito de \u00e1lcool.<\/div>\n<div><\/div>\n<div>O tr\u00e2nsito flui normalmente.<\/div>\n<div><\/div>\n<div><img loading=\"lazy\" decoding=\"async\" class=\"alignnone size-full wp-image-79887\" src=\"https:\/\/jorgezanoni.com.br\/2019\/wp-content\/uploads\/2023\/08\/monte-castelo-1.jpg\" alt=\"\" width=\"720\" height=\"1280\" srcset=\"https:\/\/jorgezanoni.com.br\/2019\/wp-content\/uploads\/2023\/08\/monte-castelo-1.jpg 720w, https:\/\/jorgezanoni.com.br\/2019\/wp-content\/uploads\/2023\/08\/monte-castelo-1-169x300.jpg 169w, https:\/\/jorgezanoni.com.br\/2019\/wp-content\/uploads\/2023\/08\/monte-castelo-1-576x1024.jpg 576w, https:\/\/jorgezanoni.com.br\/2019\/wp-content\/uploads\/2023\/08\/monte-castelo-1-696x1237.jpg 696w, https:\/\/jorgezanoni.com.br\/2019\/wp-content\/uploads\/2023\/08\/monte-castelo-1-236x420.jpg 236w\" sizes=\"auto, (max-width: 720px) 100vw, 720px\" \/> <img loading=\"lazy\" decoding=\"async\" class=\"alignnone size-full wp-image-79888\" src=\"https:\/\/jorgezanoni.com.br\/2019\/wp-content\/uploads\/2023\/08\/monte-castelo.jpg\" alt=\"\" width=\"720\" height=\"1280\" srcset=\"https:\/\/jorgezanoni.com.br\/2019\/wp-content\/uploads\/2023\/08\/monte-castelo.jpg 720w, https:\/\/jorgezanoni.com.br\/2019\/wp-content\/uploads\/2023\/08\/monte-castelo-169x300.jpg 169w, https:\/\/jorgezanoni.com.br\/2019\/wp-content\/uploads\/2023\/08\/monte-castelo-576x1024.jpg 576w, https:\/\/jorgezanoni.com.br\/2019\/wp-content\/uploads\/2023\/08\/monte-castelo-696x1237.jpg 696w, https:\/\/jorgezanoni.com.br\/2019\/wp-content\/uploads\/2023\/08\/monte-castelo-236x420.jpg 236w\" sizes=\"auto, (max-width: 720px) 100vw, 720px\" \/><\/div>\n<div>Fotos: PMR.<\/div>\n<div><\/div>\n<div>POL\u00cdCIA MILITAR, RUMO AOS 200 ANOS! VAMOS TODOS JUNTOS. NINGU\u00c9M FICA PARA TR\u00c1S<\/div>\n<\/div>\n<p>&nbsp;<\/p>\n<div class=\"x11i5rnm xat24cr x1mh8g0r x1vvkbs xtlvy1s x126k92a\">\n<div dir=\"auto\"><\/div>\n<\/div>\n<p>&nbsp;<\/p>\n","protected":false},"excerpt":{"rendered":"<p>Jo\u00e3o Fonseca Oliveira de 67 anos, morador de Monte Castelo \u00e9 a v\u00edtima fatal do acidente. A Pol\u00edcia Militar Rodovi\u00e1ria de Adamantina est\u00e1 neste momento acompanhando um grave acidente de transito na altura do km 154 da SP 563 Rodovia General Euclides de Oliveira Figueiredo (Rodovia da Integra\u00e7\u00e3o) no munic\u00edpio de Monte Castelo. Segundo a [&hellip;]<\/p>\n","protected":false},"author":1,"featured_media":79880,"comment_status":"closed","ping_status":"open","sticky":false,"template":"","format":"standard","meta":{"footnotes":""},"categories":[170,110],"tags":[],"class_list":["post-79878","post","type-post","status-publish","format-standard","has-post-thumbnail","hentry","category-acidentes","category-noticiasdestaque"],"_links":{"self":[{"href":"https:\/\/jorgezanoni.com.br\/2019\/wp-json\/wp\/v2\/posts\/79878","targetHints":{"allow":["GET"]}}],"collection":[{"href":"https:\/\/jorgezanoni.com.br\/2019\/wp-json\/wp\/v2\/posts"}],"about":[{"href":"https:\/\/jorgezanoni.com.br\/2019\/wp-json\/wp\/v2\/types\/post"}],"author":[{"embeddable":true,"href":"https:\/\/jorgezanoni.com.br\/2019\/wp-json\/wp\/v2\/users\/1"}],"replies":[{"embeddable":true,"href":"https:\/\/jorgezanoni.com.br\/2019\/wp-json\/wp\/v2\/comments?post=79878"}],"version-history":[{"count":4,"href":"https:\/\/jorgezanoni.com.br\/2019\/wp-json\/wp\/v2\/posts\/79878\/revisions"}],"predecessor-version":[{"id":79889,"href":"https:\/\/jorgezanoni.com.br\/2019\/wp-json\/wp\/v2\/posts\/79878\/revisions\/79889"}],"wp:featuredmedia":[{"embeddable":true,"href":"https:\/\/jorgezanoni.com.br\/2019\/wp-json\/wp\/v2\/media\/79880"}],"wp:attachment":[{"href":"https:\/\/jorgezanoni.com.br\/2019\/wp-json\/wp\/v2\/media?parent=79878"}],"wp:term":[{"taxonomy":"category","embeddable":true,"href":"https:\/\/jorgezanoni.com.br\/2019\/wp-json\/wp\/v2\/categories?post=79878"},{"taxonomy":"post_tag","embeddable":true,"href":"https:\/\/jorgezanoni.com.br\/2019\/wp-json\/wp\/v2\/tags?post=79878"}],"curies":[{"name":"wp","href":"https:\/\/api.w.org\/{rel}","templated":true}]}}