{"id":79860,"date":"2023-08-24T18:52:38","date_gmt":"2023-08-24T18:52:38","guid":{"rendered":"https:\/\/jorgezanoni.com.br\/2019\/?p=79860"},"modified":"2023-08-24T18:52:38","modified_gmt":"2023-08-24T18:52:38","slug":"demencia-frontotemporal-o-que-e-como-identificar-diagnostico-e-tratamento-por-cidinha-pascoaloto","status":"publish","type":"post","link":"https:\/\/jorgezanoni.com.br\/2019\/demencia-frontotemporal-o-que-e-como-identificar-diagnostico-e-tratamento-por-cidinha-pascoaloto\/","title":{"rendered":"Dem\u00eancia frontotemporal: o que \u00e9, como identificar, diagn\u00f3stico e tratamento  (por Cidinha Pascoaloto)"},"content":{"rendered":"<p style=\"text-align: justify;\">O diagn\u00f3stico de\u00a0dem\u00eancia frontotemporal \u00e9 uma condi\u00e7\u00e3o neurodegenerativa progressiva que afeta o paciente, os parentes, amigos e tamb\u00e9m os profissionais da sa\u00fade.\u00a0Ainda n\u00e3o se sabe a causa espec\u00edfica da origem da doen\u00e7a, mas pode ser causada por muta\u00e7\u00f5es gen\u00e9ticas, tumores, derrame, ou les\u00f5es cerebrais traum\u00e1ticas. Os sintomas se iniciam entre 45 e 65 anos de idade. A doen\u00e7a tem 3 fases: inicial, intermedi\u00e1ria e fase tardia. Acomete tanto homens como mulheres.<\/p>\n<p style=\"text-align: justify;\">\u00a0Pode ser heredit\u00e1ria, passada de pais para filhos. Os sintomas podem ser mudan\u00e7as no comportamento e da personalidade, impulsividade com gastos, n\u00e3o conseguir compreender uma situa\u00e7\u00e3o no ponto de vista de outras pessoas, Sentir-se indiferente e sem emo\u00e7\u00f5es, desrespeitar regras sociais, ter comportamentos agressivos entre outros. Os sintomas podem ser descritos como leves, moderados e severos.<\/p>\n<p style=\"text-align: justify;\">A linguagem tamb\u00e9m fica comprometida e o paciente n\u00e3o consegue encontrar palavras apresentando perda de vocabul\u00e1rio e dificuldade para compreender a linguagem. O paciente apresenta problemas de mem\u00f3ria, dificuldades em realizar tarefas simples como fazer um caf\u00e9 ou preparar uma refei\u00e7\u00e3o.<\/p>\n<p style=\"text-align: justify;\">\u00a0Apresenta tamb\u00e9m altera\u00e7\u00f5es motoras como rigidez muscular, problemas de equil\u00edbrio e coordena\u00e7\u00e3o motora, n\u00e3o consegue tomar decis\u00f5es e solucionar problemas. O diagn\u00f3stico inclui avalia\u00e7\u00e3o cl\u00ednica, testes neurol\u00f3gicos e psicol\u00f3gicos e \u00b4v\u00e1rios outros exames.<\/p>\n<p style=\"text-align: justify;\">\u00a0N\u00e3o existe cura, mas existem formas de tratamentos para melhorar a qualidade de vida do paciente que pode ser feito com uma combina\u00e7\u00e3o de terapias medicamentosa ou n\u00e3o. Mudan\u00e7as no estilo de vida devem ser feitas come\u00e7ando pela dieta saud\u00e1vel, seguir uma rotina di\u00e1rias de tarefas como tomar banho, comer e dormir ajuda a pessoa com dem\u00eancia frontotemporal a lembrarem das coisas.<\/p>\n<p style=\"text-align: justify;\">Atividade f\u00edsica regular, e a redu\u00e7\u00e3o de fatores de risco, como tabagismo e consumo excessivo de \u00e1lcool, tamb\u00e9m podem ajudar a melhorar a sa\u00fade geral e o bem-estar do paciente.<\/p>\n<p style=\"text-align: justify;\"><img loading=\"lazy\" decoding=\"async\" class=\"alignnone size-full wp-image-79861\" src=\"https:\/\/jorgezanoni.com.br\/2019\/wp-content\/uploads\/2023\/08\/Cidinha-Pascoaloto-2.jpg\" alt=\"\" width=\"500\" height=\"755\" srcset=\"https:\/\/jorgezanoni.com.br\/2019\/wp-content\/uploads\/2023\/08\/Cidinha-Pascoaloto-2.jpg 500w, https:\/\/jorgezanoni.com.br\/2019\/wp-content\/uploads\/2023\/08\/Cidinha-Pascoaloto-2-199x300.jpg 199w, https:\/\/jorgezanoni.com.br\/2019\/wp-content\/uploads\/2023\/08\/Cidinha-Pascoaloto-2-278x420.jpg 278w\" sizes=\"auto, (max-width: 500px) 100vw, 500px\" \/>Cidinha Pascoaloto-Psic\u00f3loga-CRP 06\/158174. Presencial e online, contato: (18) 99725-6418<\/p>\n<p style=\"text-align: justify;\">\n<p style=\"text-align: justify;\">\n<p style=\"text-align: justify;\">\n","protected":false},"excerpt":{"rendered":"<p>O diagn\u00f3stico de\u00a0dem\u00eancia frontotemporal \u00e9 uma condi\u00e7\u00e3o neurodegenerativa progressiva que afeta o paciente, os parentes, amigos e tamb\u00e9m os profissionais da sa\u00fade.\u00a0Ainda n\u00e3o se sabe a causa espec\u00edfica da origem da doen\u00e7a, mas pode ser causada por muta\u00e7\u00f5es gen\u00e9ticas, tumores, derrame, ou les\u00f5es cerebrais traum\u00e1ticas. Os sintomas se iniciam entre 45 e 65 anos de [&hellip;]<\/p>\n","protected":false},"author":1,"featured_media":79862,"comment_status":"closed","ping_status":"open","sticky":false,"template":"","format":"standard","meta":{"footnotes":""},"categories":[175],"tags":[],"class_list":["post-79860","post","type-post","status-publish","format-standard","has-post-thumbnail","hentry","category-artigos"],"_links":{"self":[{"href":"https:\/\/jorgezanoni.com.br\/2019\/wp-json\/wp\/v2\/posts\/79860","targetHints":{"allow":["GET"]}}],"collection":[{"href":"https:\/\/jorgezanoni.com.br\/2019\/wp-json\/wp\/v2\/posts"}],"about":[{"href":"https:\/\/jorgezanoni.com.br\/2019\/wp-json\/wp\/v2\/types\/post"}],"author":[{"embeddable":true,"href":"https:\/\/jorgezanoni.com.br\/2019\/wp-json\/wp\/v2\/users\/1"}],"replies":[{"embeddable":true,"href":"https:\/\/jorgezanoni.com.br\/2019\/wp-json\/wp\/v2\/comments?post=79860"}],"version-history":[{"count":1,"href":"https:\/\/jorgezanoni.com.br\/2019\/wp-json\/wp\/v2\/posts\/79860\/revisions"}],"predecessor-version":[{"id":79863,"href":"https:\/\/jorgezanoni.com.br\/2019\/wp-json\/wp\/v2\/posts\/79860\/revisions\/79863"}],"wp:featuredmedia":[{"embeddable":true,"href":"https:\/\/jorgezanoni.com.br\/2019\/wp-json\/wp\/v2\/media\/79862"}],"wp:attachment":[{"href":"https:\/\/jorgezanoni.com.br\/2019\/wp-json\/wp\/v2\/media?parent=79860"}],"wp:term":[{"taxonomy":"category","embeddable":true,"href":"https:\/\/jorgezanoni.com.br\/2019\/wp-json\/wp\/v2\/categories?post=79860"},{"taxonomy":"post_tag","embeddable":true,"href":"https:\/\/jorgezanoni.com.br\/2019\/wp-json\/wp\/v2\/tags?post=79860"}],"curies":[{"name":"wp","href":"https:\/\/api.w.org\/{rel}","templated":true}]}}