{"id":79840,"date":"2023-08-24T01:40:12","date_gmt":"2023-08-24T01:40:12","guid":{"rendered":"https:\/\/jorgezanoni.com.br\/2019\/?p=79840"},"modified":"2023-08-24T01:40:12","modified_gmt":"2023-08-24T01:40:12","slug":"agosto-lilas-delegada-da-ddm-concede-entrevista-ao-programa-top-news-agora-da-top-tv","status":"publish","type":"post","link":"https:\/\/jorgezanoni.com.br\/2019\/agosto-lilas-delegada-da-ddm-concede-entrevista-ao-programa-top-news-agora-da-top-tv\/","title":{"rendered":"AGOSTO LIL\u00c1S: Delegada da DDM concede entrevista ao Programa TOP NEWS AGORA da TOP TV"},"content":{"rendered":"<p style=\"text-align: justify;\">A Pol\u00edcia Civil, por interm\u00e9dio da Delegacia de Defesa da Mulher &#8211; DDM, nesta quarta-feira (23), participou de uma entrevista na Top TV Oeste Paulista de Dracena, durante a exibi\u00e7\u00e3o do programa TOP NEWS AGORA, apresentado por Cido Oliveira.<br \/>\nNa oportunidade, teve a palavra a Dra. Luciana Nunes Falc\u00e3o Mendes, Delegada de Pol\u00edcia titular da DDM de Dracena\/SP que ressaltou a import\u00e2ncia da Campanha Agosto Lil\u00e1s, referente a preven\u00e7\u00e3o \u00e0 viol\u00eancia dom\u00e9stica e familiar contra as mulheres, como tamb\u00e9m as a\u00e7\u00f5es e parcerias desenvolvidas no munic\u00edpio de Dracena.<\/p>\n<p>Fonte: Com. Social Pol\u00edcia Civil<\/p>\n","protected":false},"excerpt":{"rendered":"<p>A Pol\u00edcia Civil, por interm\u00e9dio da Delegacia de Defesa da Mulher &#8211; DDM, nesta quarta-feira (23), participou de uma entrevista na Top TV Oeste Paulista de Dracena, durante a exibi\u00e7\u00e3o do programa TOP NEWS AGORA, apresentado por Cido Oliveira. Na oportunidade, teve a palavra a Dra. Luciana Nunes Falc\u00e3o Mendes, Delegada de Pol\u00edcia titular da [&hellip;]<\/p>\n","protected":false},"author":1,"featured_media":79841,"comment_status":"closed","ping_status":"open","sticky":false,"template":"","format":"standard","meta":{"footnotes":""},"categories":[110,2],"tags":[],"class_list":["post-79840","post","type-post","status-publish","format-standard","has-post-thumbnail","hentry","category-noticiasdestaque","category-policial"],"_links":{"self":[{"href":"https:\/\/jorgezanoni.com.br\/2019\/wp-json\/wp\/v2\/posts\/79840","targetHints":{"allow":["GET"]}}],"collection":[{"href":"https:\/\/jorgezanoni.com.br\/2019\/wp-json\/wp\/v2\/posts"}],"about":[{"href":"https:\/\/jorgezanoni.com.br\/2019\/wp-json\/wp\/v2\/types\/post"}],"author":[{"embeddable":true,"href":"https:\/\/jorgezanoni.com.br\/2019\/wp-json\/wp\/v2\/users\/1"}],"replies":[{"embeddable":true,"href":"https:\/\/jorgezanoni.com.br\/2019\/wp-json\/wp\/v2\/comments?post=79840"}],"version-history":[{"count":1,"href":"https:\/\/jorgezanoni.com.br\/2019\/wp-json\/wp\/v2\/posts\/79840\/revisions"}],"predecessor-version":[{"id":79842,"href":"https:\/\/jorgezanoni.com.br\/2019\/wp-json\/wp\/v2\/posts\/79840\/revisions\/79842"}],"wp:featuredmedia":[{"embeddable":true,"href":"https:\/\/jorgezanoni.com.br\/2019\/wp-json\/wp\/v2\/media\/79841"}],"wp:attachment":[{"href":"https:\/\/jorgezanoni.com.br\/2019\/wp-json\/wp\/v2\/media?parent=79840"}],"wp:term":[{"taxonomy":"category","embeddable":true,"href":"https:\/\/jorgezanoni.com.br\/2019\/wp-json\/wp\/v2\/categories?post=79840"},{"taxonomy":"post_tag","embeddable":true,"href":"https:\/\/jorgezanoni.com.br\/2019\/wp-json\/wp\/v2\/tags?post=79840"}],"curies":[{"name":"wp","href":"https:\/\/api.w.org\/{rel}","templated":true}]}}