{"id":79818,"date":"2023-08-23T10:54:56","date_gmt":"2023-08-23T10:54:56","guid":{"rendered":"https:\/\/jorgezanoni.com.br\/2019\/?p=79818"},"modified":"2023-08-23T10:54:56","modified_gmt":"2023-08-23T10:54:56","slug":"morre-aristides-alonso-portela-ex-prefeito-de-tupi-paulista","status":"publish","type":"post","link":"https:\/\/jorgezanoni.com.br\/2019\/morre-aristides-alonso-portela-ex-prefeito-de-tupi-paulista\/","title":{"rendered":"Morre Aristides Alonso Portela, ex-prefeito de Tupi Paulista"},"content":{"rendered":"<p style=\"text-align: justify;\">Comunicamos com pesar o falecimento do sr. Aristides Alonso Portela de 79 anos. Segundo informa\u00e7\u00f5es ele estava internado em Hospital de Ara\u00e7atuba.<\/p>\n<p style=\"text-align: justify;\">Foi Prefeito de Tupi Paulista por duas gest\u00f5es de 1996 \u00e0 2004.<\/p>\n<p style=\"text-align: justify;\">Deixa a esposa Cida, filhos, netos, demais familiares e amigos.<\/p>\n<p style=\"text-align: justify;\">O seu corpo ser\u00e1 velado das 13 \u00e0s 17 H. no Vel\u00f3rio Municipal de Tupi Paulista com sepultamento no Cemit\u00e9rio Municipal.<\/p>\n<p style=\"text-align: justify;\">O SITE JZ e TOP TV se solidarizam com familiares e amigos neste dif\u00edcil momento.<\/p>\n<p>Jorge Zanoni<\/p>\n<div dir=\"auto\"><\/div>\n","protected":false},"excerpt":{"rendered":"<p>Comunicamos com pesar o falecimento do sr. Aristides Alonso Portela de 79 anos. Segundo informa\u00e7\u00f5es ele estava internado em Hospital de Ara\u00e7atuba. Foi Prefeito de Tupi Paulista por duas gest\u00f5es de 1996 \u00e0 2004. Deixa a esposa Cida, filhos, netos, demais familiares e amigos. O seu corpo ser\u00e1 velado das 13 \u00e0s 17 H. no [&hellip;]<\/p>\n","protected":false},"author":1,"featured_media":79819,"comment_status":"closed","ping_status":"open","sticky":false,"template":"","format":"standard","meta":{"footnotes":""},"categories":[178,110],"tags":[],"class_list":["post-79818","post","type-post","status-publish","format-standard","has-post-thumbnail","hentry","category-notadefalecimento","category-noticiasdestaque"],"_links":{"self":[{"href":"https:\/\/jorgezanoni.com.br\/2019\/wp-json\/wp\/v2\/posts\/79818","targetHints":{"allow":["GET"]}}],"collection":[{"href":"https:\/\/jorgezanoni.com.br\/2019\/wp-json\/wp\/v2\/posts"}],"about":[{"href":"https:\/\/jorgezanoni.com.br\/2019\/wp-json\/wp\/v2\/types\/post"}],"author":[{"embeddable":true,"href":"https:\/\/jorgezanoni.com.br\/2019\/wp-json\/wp\/v2\/users\/1"}],"replies":[{"embeddable":true,"href":"https:\/\/jorgezanoni.com.br\/2019\/wp-json\/wp\/v2\/comments?post=79818"}],"version-history":[{"count":1,"href":"https:\/\/jorgezanoni.com.br\/2019\/wp-json\/wp\/v2\/posts\/79818\/revisions"}],"predecessor-version":[{"id":79820,"href":"https:\/\/jorgezanoni.com.br\/2019\/wp-json\/wp\/v2\/posts\/79818\/revisions\/79820"}],"wp:featuredmedia":[{"embeddable":true,"href":"https:\/\/jorgezanoni.com.br\/2019\/wp-json\/wp\/v2\/media\/79819"}],"wp:attachment":[{"href":"https:\/\/jorgezanoni.com.br\/2019\/wp-json\/wp\/v2\/media?parent=79818"}],"wp:term":[{"taxonomy":"category","embeddable":true,"href":"https:\/\/jorgezanoni.com.br\/2019\/wp-json\/wp\/v2\/categories?post=79818"},{"taxonomy":"post_tag","embeddable":true,"href":"https:\/\/jorgezanoni.com.br\/2019\/wp-json\/wp\/v2\/tags?post=79818"}],"curies":[{"name":"wp","href":"https:\/\/api.w.org\/{rel}","templated":true}]}}