{"id":79813,"date":"2023-08-22T23:35:09","date_gmt":"2023-08-22T23:35:09","guid":{"rendered":"https:\/\/jorgezanoni.com.br\/2019\/?p=79813"},"modified":"2023-08-22T23:35:09","modified_gmt":"2023-08-22T23:35:09","slug":"midia-e-historia-passado-presente-e-futuro-por-sergio-barbosa","status":"publish","type":"post","link":"https:\/\/jorgezanoni.com.br\/2019\/midia-e-historia-passado-presente-e-futuro-por-sergio-barbosa\/","title":{"rendered":"M\u00cdDIA E HIST\u00d3RIA: Passado, presente e futuro! (por S\u00e9rgio Barbosa)"},"content":{"rendered":"<p style=\"text-align: justify;\"><strong>M\u00cdDIA E HIST\u00d3RIA: PASSADO, PRESENTE E FUTURO!<\/strong><em>\u00a0<\/em><\/p>\n<p style=\"text-align: justify;\"><em>\u201cO jornalista \u00e9 o historiador do presente\u201d (FRPJ\/Umesp)<\/em><\/p>\n<p style=\"text-align: justify;\"><strong><em>S\u00e9rgio Barbosa (*)<\/em><\/strong><\/p>\n<p style=\"text-align: justify;\">Durante s\u00e9culos o homem procurou estar em conex\u00e3o com sua hist\u00f3ria de vida por meio das buscas pela denominadas ci\u00eancias humanas, at\u00e9 mesmo, antes de esta existir como tal, assim, a sintonia deste ser humano com o passado sempre esteve em evid\u00eancia com o presente para projetar o futuro&#8230;<\/p>\n<p style=\"text-align: justify;\">A internacionaliza\u00e7\u00e3o das rela\u00e7\u00f5es humanas como fator determinante para este desencontro em tempo de p\u00f3s-globaliza\u00e7\u00e3o est\u00e1 trazendo rupturas entre as diversas \u00e1reas do conhecimento humano&#8230;<\/p>\n<p style=\"text-align: justify;\">De acordo com a nova proposta da Antropologia, o homem deve perguntar \u201cpara onde vamos\u201d e n\u00e3o \u201cde onde viemos\u201d, desta forma, a reflex\u00e3o cr\u00edtica deve ser o in\u00edcio, meio e quase fim das muitas perguntas com poucas respostas em n\u00edvel internacional frente aos conflitos do planeta Terra&#8230;<\/p>\n<p style=\"text-align: justify;\">A globaliza\u00e7\u00e3o continua propondo nova alternativa para o presente, para isto ser poss\u00edvel sem traumas ou choques econ\u00f4micos para os denominados paises do terceiro mundo ou \u201cemergentes\u201d, faz-se necess\u00e1rio estar em conex\u00e3o com a Nova Ordem Mundial (sic)&#8230;<\/p>\n<p style=\"text-align: justify;\">O Futuro \u00e9 uma utopia te\u00f3rica para os burocratas das grandes corpora\u00e7\u00f5es interplanet\u00e1rias, tendo em vista a expans\u00e3o visando \u00e0 conquista do universo como a fronteira final a ser ultrapassada pelo homem das gal\u00e1xias como meio e n\u00e3o fim desta conquista espacial&#8230;<\/p>\n<p style=\"text-align: justify;\">A m\u00eddia continua fazendo o seu trabalho neste universo glocal, do global para o local, como sempre, manipulando as informa\u00e7\u00f5es disfar\u00e7adas pelas mensagens patrocinadas pelo poder institucionalizado como for\u00e7a propulsora desta engrenagem enigm\u00e1tica em n\u00edvel Organizacional&#8230;<\/p>\n<p style=\"text-align: justify;\">N\u00e3o se deve ficar esperando pelo outro lado da reflex\u00e3o sobre o presente com olhos no passado, entretanto, a pauta deste momento est\u00e1 voltada para muitas propostas relacionadas com a manipula\u00e7\u00e3o da mensagem pelo emissor sem conhecimento pelo receptor&#8230;<\/p>\n<p style=\"text-align: justify;\">Os c\u00f3digos est\u00e3o evidenciando a import\u00e2ncia desta mensagem camuflada pelos\/as especialistas Midi\u00e1ticos\/as, dificultando o entendimento entre as partes interessadas, desta forma, a M\u00eddia continua marcando presen\u00e7a efetiva e eficaz neste contexto comunicacional em n\u00edvel internacional&#8230;<\/p>\n<p style=\"text-align: justify;\">A Hist\u00f3ria que pode ser est\u00f3ria, ainda, est\u00e1 al\u00e9m da proposta como ci\u00eancia neste encontro com o presente, por\u00e9m, o passado continua como fonte essencial para buscar o futuro&#8230;<\/p>\n<p style=\"text-align: justify;\">Neste caso, M\u00eddia e Hist\u00f3ria ou Hist\u00f3ria e M\u00eddia, apresentam condi\u00e7\u00f5es e pressupostos te\u00f3ricos para uma pesquisa cient\u00edfica visando \u00e0 praticidade da reflex\u00e3o como fonte e fato do objeto a ser pesquisado, haja vista, as diferen\u00e7as existentes nas respectivas \u00e1reas acad\u00eamicas&#8230;<\/p>\n<p style=\"text-align: justify;\"><em>_______________________________________<\/em><\/p>\n<p style=\"text-align: justify;\"><em>(*) Jornalista profissional diplomado e Pesquisador da C\u00e1tedra Unesco\/Umesp de Comunica\u00e7\u00e3o para o Desenvolvimento Regional.<\/em><\/p>\n<p><em>e-mail: <a href=\"mailto:barbosa.sebar@gmail.com\">barbosa.sebar@gmail.com<\/a><\/em><\/p>\n","protected":false},"excerpt":{"rendered":"<p>M\u00cdDIA E HIST\u00d3RIA: PASSADO, PRESENTE E FUTURO!\u00a0 \u201cO jornalista \u00e9 o historiador do presente\u201d (FRPJ\/Umesp) S\u00e9rgio Barbosa (*) Durante s\u00e9culos o homem procurou estar em conex\u00e3o com sua hist\u00f3ria de vida por meio das buscas pela denominadas ci\u00eancias humanas, at\u00e9 mesmo, antes de esta existir como tal, assim, a sintonia deste ser humano com o [&hellip;]<\/p>\n","protected":false},"author":1,"featured_media":79814,"comment_status":"closed","ping_status":"open","sticky":false,"template":"","format":"standard","meta":{"footnotes":""},"categories":[175],"tags":[],"class_list":["post-79813","post","type-post","status-publish","format-standard","has-post-thumbnail","hentry","category-artigos"],"_links":{"self":[{"href":"https:\/\/jorgezanoni.com.br\/2019\/wp-json\/wp\/v2\/posts\/79813","targetHints":{"allow":["GET"]}}],"collection":[{"href":"https:\/\/jorgezanoni.com.br\/2019\/wp-json\/wp\/v2\/posts"}],"about":[{"href":"https:\/\/jorgezanoni.com.br\/2019\/wp-json\/wp\/v2\/types\/post"}],"author":[{"embeddable":true,"href":"https:\/\/jorgezanoni.com.br\/2019\/wp-json\/wp\/v2\/users\/1"}],"replies":[{"embeddable":true,"href":"https:\/\/jorgezanoni.com.br\/2019\/wp-json\/wp\/v2\/comments?post=79813"}],"version-history":[{"count":1,"href":"https:\/\/jorgezanoni.com.br\/2019\/wp-json\/wp\/v2\/posts\/79813\/revisions"}],"predecessor-version":[{"id":79815,"href":"https:\/\/jorgezanoni.com.br\/2019\/wp-json\/wp\/v2\/posts\/79813\/revisions\/79815"}],"wp:featuredmedia":[{"embeddable":true,"href":"https:\/\/jorgezanoni.com.br\/2019\/wp-json\/wp\/v2\/media\/79814"}],"wp:attachment":[{"href":"https:\/\/jorgezanoni.com.br\/2019\/wp-json\/wp\/v2\/media?parent=79813"}],"wp:term":[{"taxonomy":"category","embeddable":true,"href":"https:\/\/jorgezanoni.com.br\/2019\/wp-json\/wp\/v2\/categories?post=79813"},{"taxonomy":"post_tag","embeddable":true,"href":"https:\/\/jorgezanoni.com.br\/2019\/wp-json\/wp\/v2\/tags?post=79813"}],"curies":[{"name":"wp","href":"https:\/\/api.w.org\/{rel}","templated":true}]}}