{"id":79795,"date":"2023-08-22T19:08:56","date_gmt":"2023-08-22T19:08:56","guid":{"rendered":"https:\/\/jorgezanoni.com.br\/2019\/?p=79795"},"modified":"2023-08-22T19:08:56","modified_gmt":"2023-08-22T19:08:56","slug":"policiais-militares-ministram-palestras-sobre-prevencao-de-acidentes-para-alunos-em-dracena","status":"publish","type":"post","link":"https:\/\/jorgezanoni.com.br\/2019\/policiais-militares-ministram-palestras-sobre-prevencao-de-acidentes-para-alunos-em-dracena\/","title":{"rendered":"Policiais Militares ministram palestras sobre preven\u00e7\u00e3o de acidentes para alunos em Dracena"},"content":{"rendered":"<p style=\"text-align: justify;\">Na data de hoje (21) policiais militares de Dracena; Subtenente PM Peres, Cabo PM Felipe e Cabo PM Miranda palestraram na Escola Jo\u00e3o Milan aos alunos do 1\u00b0 ao 5\u00b0 ano em Dracena, com idades entre 5 a 10 anos.<br \/>\nO tema foi preven\u00e7\u00e3o de acidentes de tr\u00e2nsito.<br \/>\nAs crian\u00e7as bastante interessadas fizeram perguntas e mostraram que desde pequeno a consci\u00eancia no transito \u00e9 importante.<\/p>\n<p><img loading=\"lazy\" decoding=\"async\" class=\"alignnone size-full wp-image-79796\" src=\"https:\/\/jorgezanoni.com.br\/2019\/wp-content\/uploads\/2023\/08\/pm-Pequeno.jpg\" alt=\"\" width=\"394\" height=\"854\" srcset=\"https:\/\/jorgezanoni.com.br\/2019\/wp-content\/uploads\/2023\/08\/pm-Pequeno.jpg 394w, https:\/\/jorgezanoni.com.br\/2019\/wp-content\/uploads\/2023\/08\/pm-Pequeno-138x300.jpg 138w, https:\/\/jorgezanoni.com.br\/2019\/wp-content\/uploads\/2023\/08\/pm-Pequeno-194x420.jpg 194w\" sizes=\"auto, (max-width: 394px) 100vw, 394px\" \/> <img loading=\"lazy\" decoding=\"async\" class=\"alignnone size-full wp-image-79797\" src=\"https:\/\/jorgezanoni.com.br\/2019\/wp-content\/uploads\/2023\/08\/pm1-Pequeno.jpg\" alt=\"\" width=\"854\" height=\"394\" srcset=\"https:\/\/jorgezanoni.com.br\/2019\/wp-content\/uploads\/2023\/08\/pm1-Pequeno.jpg 854w, https:\/\/jorgezanoni.com.br\/2019\/wp-content\/uploads\/2023\/08\/pm1-Pequeno-300x138.jpg 300w, https:\/\/jorgezanoni.com.br\/2019\/wp-content\/uploads\/2023\/08\/pm1-Pequeno-768x354.jpg 768w, https:\/\/jorgezanoni.com.br\/2019\/wp-content\/uploads\/2023\/08\/pm1-Pequeno-696x321.jpg 696w\" sizes=\"auto, (max-width: 854px) 100vw, 854px\" \/> <img loading=\"lazy\" decoding=\"async\" class=\"alignnone size-full wp-image-79798\" src=\"https:\/\/jorgezanoni.com.br\/2019\/wp-content\/uploads\/2023\/08\/pm2-Pequeno.jpg\" alt=\"\" width=\"394\" height=\"854\" srcset=\"https:\/\/jorgezanoni.com.br\/2019\/wp-content\/uploads\/2023\/08\/pm2-Pequeno.jpg 394w, https:\/\/jorgezanoni.com.br\/2019\/wp-content\/uploads\/2023\/08\/pm2-Pequeno-138x300.jpg 138w, https:\/\/jorgezanoni.com.br\/2019\/wp-content\/uploads\/2023\/08\/pm2-Pequeno-194x420.jpg 194w\" sizes=\"auto, (max-width: 394px) 100vw, 394px\" \/> <img loading=\"lazy\" decoding=\"async\" class=\"alignnone size-full wp-image-79799\" src=\"https:\/\/jorgezanoni.com.br\/2019\/wp-content\/uploads\/2023\/08\/pm3-Pequeno.jpg\" alt=\"\" width=\"854\" height=\"394\" srcset=\"https:\/\/jorgezanoni.com.br\/2019\/wp-content\/uploads\/2023\/08\/pm3-Pequeno.jpg 854w, https:\/\/jorgezanoni.com.br\/2019\/wp-content\/uploads\/2023\/08\/pm3-Pequeno-300x138.jpg 300w, https:\/\/jorgezanoni.com.br\/2019\/wp-content\/uploads\/2023\/08\/pm3-Pequeno-768x354.jpg 768w, https:\/\/jorgezanoni.com.br\/2019\/wp-content\/uploads\/2023\/08\/pm3-Pequeno-696x321.jpg 696w\" sizes=\"auto, (max-width: 854px) 100vw, 854px\" \/><\/p>\n<p>#25BPMI<br \/>\n#cpi8<br \/>\n#POLICIAMILITARSP<br \/>\n#AFOR\u00c7APUBLICADES\u00c3OPAULO<\/p>\n","protected":false},"excerpt":{"rendered":"<p>Na data de hoje (21) policiais militares de Dracena; Subtenente PM Peres, Cabo PM Felipe e Cabo PM Miranda palestraram na Escola Jo\u00e3o Milan aos alunos do 1\u00b0 ao 5\u00b0 ano em Dracena, com idades entre 5 a 10 anos. O tema foi preven\u00e7\u00e3o de acidentes de tr\u00e2nsito. As crian\u00e7as bastante interessadas fizeram perguntas e [&hellip;]<\/p>\n","protected":false},"author":1,"featured_media":79800,"comment_status":"closed","ping_status":"open","sticky":false,"template":"","format":"standard","meta":{"footnotes":""},"categories":[110,2],"tags":[],"class_list":["post-79795","post","type-post","status-publish","format-standard","has-post-thumbnail","hentry","category-noticiasdestaque","category-policial"],"_links":{"self":[{"href":"https:\/\/jorgezanoni.com.br\/2019\/wp-json\/wp\/v2\/posts\/79795","targetHints":{"allow":["GET"]}}],"collection":[{"href":"https:\/\/jorgezanoni.com.br\/2019\/wp-json\/wp\/v2\/posts"}],"about":[{"href":"https:\/\/jorgezanoni.com.br\/2019\/wp-json\/wp\/v2\/types\/post"}],"author":[{"embeddable":true,"href":"https:\/\/jorgezanoni.com.br\/2019\/wp-json\/wp\/v2\/users\/1"}],"replies":[{"embeddable":true,"href":"https:\/\/jorgezanoni.com.br\/2019\/wp-json\/wp\/v2\/comments?post=79795"}],"version-history":[{"count":1,"href":"https:\/\/jorgezanoni.com.br\/2019\/wp-json\/wp\/v2\/posts\/79795\/revisions"}],"predecessor-version":[{"id":79801,"href":"https:\/\/jorgezanoni.com.br\/2019\/wp-json\/wp\/v2\/posts\/79795\/revisions\/79801"}],"wp:featuredmedia":[{"embeddable":true,"href":"https:\/\/jorgezanoni.com.br\/2019\/wp-json\/wp\/v2\/media\/79800"}],"wp:attachment":[{"href":"https:\/\/jorgezanoni.com.br\/2019\/wp-json\/wp\/v2\/media?parent=79795"}],"wp:term":[{"taxonomy":"category","embeddable":true,"href":"https:\/\/jorgezanoni.com.br\/2019\/wp-json\/wp\/v2\/categories?post=79795"},{"taxonomy":"post_tag","embeddable":true,"href":"https:\/\/jorgezanoni.com.br\/2019\/wp-json\/wp\/v2\/tags?post=79795"}],"curies":[{"name":"wp","href":"https:\/\/api.w.org\/{rel}","templated":true}]}}