{"id":79790,"date":"2023-08-22T19:00:36","date_gmt":"2023-08-22T19:00:36","guid":{"rendered":"https:\/\/jorgezanoni.com.br\/2019\/?p=79790"},"modified":"2023-08-22T19:00:36","modified_gmt":"2023-08-22T19:00:36","slug":"incendio-interdita-trechos-das-rodovias-assis-chateaubriand-e-raposo-tavares-em-prudente","status":"publish","type":"post","link":"https:\/\/jorgezanoni.com.br\/2019\/incendio-interdita-trechos-das-rodovias-assis-chateaubriand-e-raposo-tavares-em-prudente\/","title":{"rendered":"Inc\u00eandio interdita trechos das rodovias Assis Chateaubriand e Raposo Tavares em Prudente"},"content":{"rendered":"<p style=\"text-align: justify;\">Nesta ter\u00e7a-feira (22) por volta das 12 horas um armaz\u00e9m de reciclagens, situado \u00e0s margens da rodovia Assis Chateaubriand, teve um inc\u00eandio de grandes propor\u00e7\u00f4es, onde a fuma\u00e7a de grande densidade invadiu a rodovia nos dois sentidos. De acordo com informa\u00e7\u00f5es da Pol\u00edcia Militar Rodovi\u00e1ria, houve a necessidade de interdi\u00e7\u00e3o total da rodovia no trecho, devido a seguran\u00e7a vi\u00e1ria ser prejudicada e elevado risco de acidente.<\/p>\n<p>As interdi\u00e7\u00f5es foram, na sa\u00edda da SP-425 (Assis Chateaubriand) para a SP-270 (Raposo Tavares) e as sa\u00eddas da SP-270 Raposo Tavares para a SP-425 Assis Chateaubriand em ambos sentidos.<\/p>\n<p style=\"text-align: justify;\">Equipes do Corpo dos Bombeiros est\u00e3o no local com apoio das equipes da Concession\u00e1ria CART e EIXO, fazem o controle do inc\u00eandio e sinaliza\u00e7\u00e3o da pista.<\/p>\n<p style=\"text-align: justify;\">A presen\u00e7a da Pol\u00edcia Militar Rodovi\u00e1ria se dar\u00e1 durante o per\u00edodo da interdi\u00e7\u00e3o apoiando na sinaliza\u00e7\u00e3o, fiscaliza\u00e7\u00e3o e orienta\u00e7\u00e3o aos usu\u00e1rios da via.<\/p>\n<p style=\"text-align: justify;\">O Helic\u00f3ptero \u00c1guia, da Pol\u00edcia Militar tamb\u00e9m est\u00e1 sobrevoando a \u00e1rea e auxiliando no combate \u00e0s chamas.<\/p>\n<p style=\"text-align: justify;\">Caminh\u00f5es pipa de usinas e empresas privadas nas proximidades do inc\u00eandio tamb\u00e9m est\u00e3o auxiliando no combate as chamas.<\/p>\n<p><img loading=\"lazy\" decoding=\"async\" class=\"alignnone size-full wp-image-79792\" src=\"https:\/\/jorgezanoni.com.br\/2019\/wp-content\/uploads\/2023\/08\/fogo1.jpg\" alt=\"\" width=\"1280\" height=\"960\" srcset=\"https:\/\/jorgezanoni.com.br\/2019\/wp-content\/uploads\/2023\/08\/fogo1.jpg 1280w, https:\/\/jorgezanoni.com.br\/2019\/wp-content\/uploads\/2023\/08\/fogo1-300x225.jpg 300w, https:\/\/jorgezanoni.com.br\/2019\/wp-content\/uploads\/2023\/08\/fogo1-1024x768.jpg 1024w, https:\/\/jorgezanoni.com.br\/2019\/wp-content\/uploads\/2023\/08\/fogo1-768x576.jpg 768w, https:\/\/jorgezanoni.com.br\/2019\/wp-content\/uploads\/2023\/08\/fogo1-80x60.jpg 80w, https:\/\/jorgezanoni.com.br\/2019\/wp-content\/uploads\/2023\/08\/fogo1-265x198.jpg 265w, https:\/\/jorgezanoni.com.br\/2019\/wp-content\/uploads\/2023\/08\/fogo1-696x522.jpg 696w, https:\/\/jorgezanoni.com.br\/2019\/wp-content\/uploads\/2023\/08\/fogo1-1068x801.jpg 1068w, https:\/\/jorgezanoni.com.br\/2019\/wp-content\/uploads\/2023\/08\/fogo1-560x420.jpg 560w\" sizes=\"auto, (max-width: 1280px) 100vw, 1280px\" \/> <img loading=\"lazy\" decoding=\"async\" class=\"alignnone size-full wp-image-79793\" src=\"https:\/\/jorgezanoni.com.br\/2019\/wp-content\/uploads\/2023\/08\/fogo2.jpg\" alt=\"\" width=\"1280\" height=\"960\" srcset=\"https:\/\/jorgezanoni.com.br\/2019\/wp-content\/uploads\/2023\/08\/fogo2.jpg 1280w, https:\/\/jorgezanoni.com.br\/2019\/wp-content\/uploads\/2023\/08\/fogo2-300x225.jpg 300w, https:\/\/jorgezanoni.com.br\/2019\/wp-content\/uploads\/2023\/08\/fogo2-1024x768.jpg 1024w, https:\/\/jorgezanoni.com.br\/2019\/wp-content\/uploads\/2023\/08\/fogo2-768x576.jpg 768w, https:\/\/jorgezanoni.com.br\/2019\/wp-content\/uploads\/2023\/08\/fogo2-80x60.jpg 80w, https:\/\/jorgezanoni.com.br\/2019\/wp-content\/uploads\/2023\/08\/fogo2-265x198.jpg 265w, https:\/\/jorgezanoni.com.br\/2019\/wp-content\/uploads\/2023\/08\/fogo2-696x522.jpg 696w, https:\/\/jorgezanoni.com.br\/2019\/wp-content\/uploads\/2023\/08\/fogo2-1068x801.jpg 1068w, https:\/\/jorgezanoni.com.br\/2019\/wp-content\/uploads\/2023\/08\/fogo2-560x420.jpg 560w\" sizes=\"auto, (max-width: 1280px) 100vw, 1280px\" \/><\/p>\n<p style=\"text-align: justify;\">Fonte: 1\u00b0 Pel da 2\u00aa Cia do 2\u00b0 BPRv.<\/p>\n","protected":false},"excerpt":{"rendered":"<p>Nesta ter\u00e7a-feira (22) por volta das 12 horas um armaz\u00e9m de reciclagens, situado \u00e0s margens da rodovia Assis Chateaubriand, teve um inc\u00eandio de grandes propor\u00e7\u00f4es, onde a fuma\u00e7a de grande densidade invadiu a rodovia nos dois sentidos. De acordo com informa\u00e7\u00f5es da Pol\u00edcia Militar Rodovi\u00e1ria, houve a necessidade de interdi\u00e7\u00e3o total da rodovia no trecho, [&hellip;]<\/p>\n","protected":false},"author":1,"featured_media":79791,"comment_status":"closed","ping_status":"open","sticky":false,"template":"","format":"standard","meta":{"footnotes":""},"categories":[110,2],"tags":[],"class_list":["post-79790","post","type-post","status-publish","format-standard","has-post-thumbnail","hentry","category-noticiasdestaque","category-policial"],"_links":{"self":[{"href":"https:\/\/jorgezanoni.com.br\/2019\/wp-json\/wp\/v2\/posts\/79790","targetHints":{"allow":["GET"]}}],"collection":[{"href":"https:\/\/jorgezanoni.com.br\/2019\/wp-json\/wp\/v2\/posts"}],"about":[{"href":"https:\/\/jorgezanoni.com.br\/2019\/wp-json\/wp\/v2\/types\/post"}],"author":[{"embeddable":true,"href":"https:\/\/jorgezanoni.com.br\/2019\/wp-json\/wp\/v2\/users\/1"}],"replies":[{"embeddable":true,"href":"https:\/\/jorgezanoni.com.br\/2019\/wp-json\/wp\/v2\/comments?post=79790"}],"version-history":[{"count":1,"href":"https:\/\/jorgezanoni.com.br\/2019\/wp-json\/wp\/v2\/posts\/79790\/revisions"}],"predecessor-version":[{"id":79794,"href":"https:\/\/jorgezanoni.com.br\/2019\/wp-json\/wp\/v2\/posts\/79790\/revisions\/79794"}],"wp:featuredmedia":[{"embeddable":true,"href":"https:\/\/jorgezanoni.com.br\/2019\/wp-json\/wp\/v2\/media\/79791"}],"wp:attachment":[{"href":"https:\/\/jorgezanoni.com.br\/2019\/wp-json\/wp\/v2\/media?parent=79790"}],"wp:term":[{"taxonomy":"category","embeddable":true,"href":"https:\/\/jorgezanoni.com.br\/2019\/wp-json\/wp\/v2\/categories?post=79790"},{"taxonomy":"post_tag","embeddable":true,"href":"https:\/\/jorgezanoni.com.br\/2019\/wp-json\/wp\/v2\/tags?post=79790"}],"curies":[{"name":"wp","href":"https:\/\/api.w.org\/{rel}","templated":true}]}}