{"id":7971,"date":"2019-10-05T21:34:26","date_gmt":"2019-10-05T21:34:26","guid":{"rendered":"https:\/\/jorgezanoni.com.br\/2019\/?p=7971"},"modified":"2019-10-05T21:34:26","modified_gmt":"2019-10-05T21:34:26","slug":"morte-de-adolescente-vitima-de-atropelamento-gera-protesto-em-panorama","status":"publish","type":"post","link":"https:\/\/jorgezanoni.com.br\/2019\/morte-de-adolescente-vitima-de-atropelamento-gera-protesto-em-panorama\/","title":{"rendered":"Morte de adolescente v\u00edtima de atropelamento gera protesto em Panorama"},"content":{"rendered":"<h2 class=\"content-head__subtitle\" style=\"text-align: justify;\"><strong>Motorista envolvido no acidente de tr\u00e2nsito n\u00e3o apresentava sinais de embriaguez, segundo a pol\u00edcia.<\/strong><\/h2>\n<p style=\"text-align: justify;\"><img loading=\"lazy\" decoding=\"async\" class=\"alignnone size-full wp-image-7972\" src=\"https:\/\/jorgezanoni.com.br\/2019\/wp-content\/uploads\/2019\/10\/panorama.jpg\" alt=\"\" width=\"1000\" height=\"375\" srcset=\"https:\/\/jorgezanoni.com.br\/2019\/wp-content\/uploads\/2019\/10\/panorama.jpg 1000w, https:\/\/jorgezanoni.com.br\/2019\/wp-content\/uploads\/2019\/10\/panorama-300x113.jpg 300w, https:\/\/jorgezanoni.com.br\/2019\/wp-content\/uploads\/2019\/10\/panorama-768x288.jpg 768w, https:\/\/jorgezanoni.com.br\/2019\/wp-content\/uploads\/2019\/10\/panorama-696x261.jpg 696w\" sizes=\"auto, (max-width: 1000px) 100vw, 1000px\" \/>Imagens de c\u00e2meras de monitoramento est\u00e3o sendo usadas nas investiga\u00e7\u00f5es \u2014 Foto: Pol\u00edcia Civil<\/p>\n<div class=\"mc-column content-text active-extra-styles \" data-block-type=\"unstyled\" data-block-weight=\"32\" data-block-id=\"2\">\n<p class=\"content-text__container \" style=\"text-align: justify;\" data-track-category=\"Link no Texto\" data-track-links=\"\">Um grupo fez um protesto em\u00a0<a href=\"https:\/\/g1.globo.com\/sp\/presidente-prudente-regiao\/cidade\/panorama\/\">Panorama<\/a>, na noite desta sexta-feira (4), por causa da morte de uma adolescente, de 14 anos, que foi atropelada no dia 8 de setembro na cidade.<\/p>\n<\/div>\n<div class=\"wall protected-content\">\n<div class=\"mc-column content-text active-extra-styles \" style=\"text-align: justify;\" data-block-type=\"unstyled\" data-block-weight=\"25\" data-block-id=\"3\">\n<p class=\"content-text__container \" data-track-category=\"Link no Texto\" data-track-links=\"\">Com faixas e fotos da jovem, parentes e amigos sa\u00edram pelas ruas pedindo justi\u00e7a para o caso, que ainda est\u00e1 sendo apurado pela Pol\u00edcia Civil.<\/p>\n<\/div>\n<div class=\"mc-column content-text active-extra-styles \" data-block-type=\"unstyled\" data-block-weight=\"33\" data-block-id=\"4\">\n<p class=\"content-text__container \" style=\"text-align: justify;\" data-track-category=\"Link no Texto\" data-track-links=\"\">Segundo o delegado Alessandro Barone, o atropelamento aconteceu quando o motorista de um carro desviou de outro ve\u00edculo e acabou atingindo a garota, que estava ainda com mais dois jovens e uma crian\u00e7a.<\/p>\n<p style=\"text-align: justify;\" data-track-category=\"Link no Texto\" data-track-links=\"\">O motorista prestou socorro e, apesar de se negar a fazer o teste do baf\u00f4metro, a pol\u00edcia informou que ele n\u00e3o apresentava sinais de embriaguez.<\/p>\n<div class=\"mc-column content-text active-extra-styles \" style=\"text-align: justify;\" data-block-type=\"unstyled\" data-block-weight=\"22\" data-block-id=\"8\">\n<p class=\"content-text__container \" data-track-category=\"Link no Texto\" data-track-links=\"\">A v\u00edtima chegou a ser transferida para o Hospital Regional (HR), em\u00a0<a href=\"https:\/\/g1.globo.com\/sp\/presidente-prudente-regiao\/cidade\/presidente-prudente\/\">Presidente Prudente<\/a>, mas n\u00e3o resistiu aos ferimentos e acabou morrendo.<\/p>\n<\/div>\n<div class=\"mc-column content-text active-extra-styles \" style=\"text-align: justify;\" data-block-type=\"unstyled\" data-block-weight=\"13\" data-block-id=\"9\">\n<p class=\"content-text__container \" data-track-category=\"Link no Texto\" data-track-links=\"\">Imagens de c\u00e2meras de monitoramento est\u00e3o sendo usadas nas investiga\u00e7\u00f5es (<strong><em>veja v\u00eddeo acima<\/em><\/strong>).<\/p>\n<\/div>\n<div class=\"mc-column content-text active-extra-styles \" data-block-type=\"unstyled\" data-block-weight=\"21\" data-block-id=\"10\">\n<p class=\"content-text__container \" style=\"text-align: justify;\" data-track-category=\"Link no Texto\" data-track-links=\"\">O caso foi registrado como homic\u00eddio culposo na dire\u00e7\u00e3o de ve\u00edculo automotor, ou seja, quando n\u00e3o h\u00e1 a inten\u00e7\u00e3o de matar.<\/p>\n<p style=\"text-align: justify;\" data-track-category=\"Link no Texto\" data-track-links=\"\">Fonte: https:\/\/g1.globo.com\/sp\/presidente-prudente-regiao\/noticia\/2019\/10\/05\/morte-de-adolescente-vitima-de-atropelamento-gera-protesto-em-panorama.ghtml<\/p>\n<\/div>\n<\/div>\n<\/div>\n","protected":false},"excerpt":{"rendered":"<p>Motorista envolvido no acidente de tr\u00e2nsito n\u00e3o apresentava sinais de embriaguez, segundo a pol\u00edcia. Imagens de c\u00e2meras de monitoramento est\u00e3o sendo usadas nas investiga\u00e7\u00f5es \u2014 Foto: Pol\u00edcia Civil Um grupo fez um protesto em\u00a0Panorama, na noite desta sexta-feira (4), por causa da morte de uma adolescente, de 14 anos, que foi atropelada no dia 8 [&hellip;]<\/p>\n","protected":false},"author":1,"featured_media":7973,"comment_status":"closed","ping_status":"open","sticky":false,"template":"","format":"standard","meta":{"footnotes":""},"categories":[110,2],"tags":[],"class_list":["post-7971","post","type-post","status-publish","format-standard","has-post-thumbnail","hentry","category-noticiasdestaque","category-policial"],"_links":{"self":[{"href":"https:\/\/jorgezanoni.com.br\/2019\/wp-json\/wp\/v2\/posts\/7971","targetHints":{"allow":["GET"]}}],"collection":[{"href":"https:\/\/jorgezanoni.com.br\/2019\/wp-json\/wp\/v2\/posts"}],"about":[{"href":"https:\/\/jorgezanoni.com.br\/2019\/wp-json\/wp\/v2\/types\/post"}],"author":[{"embeddable":true,"href":"https:\/\/jorgezanoni.com.br\/2019\/wp-json\/wp\/v2\/users\/1"}],"replies":[{"embeddable":true,"href":"https:\/\/jorgezanoni.com.br\/2019\/wp-json\/wp\/v2\/comments?post=7971"}],"version-history":[{"count":0,"href":"https:\/\/jorgezanoni.com.br\/2019\/wp-json\/wp\/v2\/posts\/7971\/revisions"}],"wp:featuredmedia":[{"embeddable":true,"href":"https:\/\/jorgezanoni.com.br\/2019\/wp-json\/wp\/v2\/media\/7973"}],"wp:attachment":[{"href":"https:\/\/jorgezanoni.com.br\/2019\/wp-json\/wp\/v2\/media?parent=7971"}],"wp:term":[{"taxonomy":"category","embeddable":true,"href":"https:\/\/jorgezanoni.com.br\/2019\/wp-json\/wp\/v2\/categories?post=7971"},{"taxonomy":"post_tag","embeddable":true,"href":"https:\/\/jorgezanoni.com.br\/2019\/wp-json\/wp\/v2\/tags?post=7971"}],"curies":[{"name":"wp","href":"https:\/\/api.w.org\/{rel}","templated":true}]}}