{"id":7968,"date":"2019-10-05T20:07:11","date_gmt":"2019-10-05T20:07:11","guid":{"rendered":"https:\/\/jorgezanoni.com.br\/2019\/?p=7968"},"modified":"2019-10-05T20:07:11","modified_gmt":"2019-10-05T20:07:11","slug":"amanha-tem-eleicao-do-conselho-tutelar-candidata-pede-apoio","status":"publish","type":"post","link":"https:\/\/jorgezanoni.com.br\/2019\/amanha-tem-eleicao-do-conselho-tutelar-candidata-pede-apoio\/","title":{"rendered":"Amanh\u00e3 tem elei\u00e7\u00e3o do Conselho Tutelar, candidata pede apoio"},"content":{"rendered":"<p style=\"text-align: justify;\">ANGELA MENANI \u00e9 uma das postulantes ao cargo de Conselheira Tutelar e pede seu apoio em vota\u00e7\u00e3o que ocorre amanh\u00e3 na Escola Jo\u00e3o Vendramini das 8 \u00e0s 15 Hs. (S\u00f3 levar o T\u00edtulo Eleitoral ou um documento com foto). Avise seus amigos da import\u00e2ncia deste Conselho.<\/p>\n<div id=\"fb-root\"><\/div>\n<p><script async=\"1\" defer=\"1\" crossorigin=\"anonymous\" src=\"https:\/\/connect.facebook.net\/en_US\/sdk.js#xfbml=1&amp;version=v4.0\"><\/script><\/p>\n<div class=\"fb-video\" data-href=\"https:\/\/www.facebook.com\/jorgeluizzanoni\/videos\/3194721757268607\/\" data-width=\"696\">\n<blockquote cite=\"https:\/\/www.facebook.com\/jorgeluizzanoni\/videos\/3194721757268607\/\" class=\"fb-xfbml-parse-ignore\"><p><a href=\"https:\/\/www.facebook.com\/jorgeluizzanoni\/videos\/3194721757268607\/\"><\/a><\/p>\n<p>ANGELA MENANI \u00e9 uma das postulantes ao cargo de Conselheira Tutelar e pede seu apoio em vota\u00e7\u00e3o que ocorre amanh\u00e3 na Escola Jo\u00e3o Vendramini das 8 \u00e0s 15 Hs. (S\u00f3 levar o T\u00edtulo Eleitoral ou um documento com foto). Avise seus amigos da import\u00e2ncia deste Conselho.<\/p>\n<p>Posted by <a href=\"https:\/\/www.facebook.com\/jorgeluizzanoni\">Jorge Luiz Zanoni<\/a> on Saturday, October 5, 2019<\/p><\/blockquote>\n<\/div>\n","protected":false},"excerpt":{"rendered":"<p>ANGELA MENANI \u00e9 uma das postulantes ao cargo de Conselheira Tutelar e pede seu apoio em vota\u00e7\u00e3o que ocorre amanh\u00e3 na Escola Jo\u00e3o Vendramini das 8 \u00e0s 15 Hs. (S\u00f3 levar o T\u00edtulo Eleitoral ou um documento com foto). Avise seus amigos da import\u00e2ncia deste Conselho. ANGELA MENANI \u00e9 uma das postulantes ao cargo de [&hellip;]<\/p>\n","protected":false},"author":1,"featured_media":7969,"comment_status":"closed","ping_status":"open","sticky":false,"template":"","format":"video","meta":{"footnotes":""},"categories":[169],"tags":[],"class_list":["post-7968","post","type-post","status-publish","format-video","has-post-thumbnail","hentry","category-videos","post_format-post-format-video"],"_links":{"self":[{"href":"https:\/\/jorgezanoni.com.br\/2019\/wp-json\/wp\/v2\/posts\/7968","targetHints":{"allow":["GET"]}}],"collection":[{"href":"https:\/\/jorgezanoni.com.br\/2019\/wp-json\/wp\/v2\/posts"}],"about":[{"href":"https:\/\/jorgezanoni.com.br\/2019\/wp-json\/wp\/v2\/types\/post"}],"author":[{"embeddable":true,"href":"https:\/\/jorgezanoni.com.br\/2019\/wp-json\/wp\/v2\/users\/1"}],"replies":[{"embeddable":true,"href":"https:\/\/jorgezanoni.com.br\/2019\/wp-json\/wp\/v2\/comments?post=7968"}],"version-history":[{"count":0,"href":"https:\/\/jorgezanoni.com.br\/2019\/wp-json\/wp\/v2\/posts\/7968\/revisions"}],"wp:featuredmedia":[{"embeddable":true,"href":"https:\/\/jorgezanoni.com.br\/2019\/wp-json\/wp\/v2\/media\/7969"}],"wp:attachment":[{"href":"https:\/\/jorgezanoni.com.br\/2019\/wp-json\/wp\/v2\/media?parent=7968"}],"wp:term":[{"taxonomy":"category","embeddable":true,"href":"https:\/\/jorgezanoni.com.br\/2019\/wp-json\/wp\/v2\/categories?post=7968"},{"taxonomy":"post_tag","embeddable":true,"href":"https:\/\/jorgezanoni.com.br\/2019\/wp-json\/wp\/v2\/tags?post=7968"}],"curies":[{"name":"wp","href":"https:\/\/api.w.org\/{rel}","templated":true}]}}