{"id":7960,"date":"2019-10-05T18:18:39","date_gmt":"2019-10-05T18:18:39","guid":{"rendered":"https:\/\/jorgezanoni.com.br\/2019\/?p=7960"},"modified":"2019-10-05T18:24:53","modified_gmt":"2019-10-05T18:24:53","slug":"o-que-faz-um-conselho-tutelar","status":"publish","type":"post","link":"https:\/\/jorgezanoni.com.br\/2019\/o-que-faz-um-conselho-tutelar\/","title":{"rendered":"O que faz um conselho tutelar?"},"content":{"rendered":"<h2 style=\"text-align: justify;\">Amanh\u00e3 acontece em Dracena a Elei\u00e7\u00e3o da escolha de 5 (cinco) pessoas que far\u00e3o parte do Conselho Tutelar.<\/h2>\n<p style=\"text-align: justify;\"><strong>SAIBA ESCOLHER:<\/strong> S\u00e3o pessoas que ter\u00e3o grande responsabilidade social no trato com Crian\u00e7as e Adolescentes.<\/p>\n<p style=\"text-align: justify;\">A VOTA\u00c7\u00c3O ACONTECE NA ESCOLA JO\u00c3O VENDRAMINI DAS 08:00 \u00c0S 15:00 HORAS. PARA TER DIREITO AO VOTO, BASTA SER MAIOR DE 16 ANOS E ESTAR PORTANDO T\u00cdTULO ELEITORAL OU DOCUMENTO COM FOTO.<\/p>\n<p>Jorge Zanoni<\/p>\n<h2 style=\"text-align: justify;\"><span id=\"Caracter\u00edsticas\" class=\"mw-headline\">Caracter\u00edsticas<\/span><\/h2>\n<p style=\"text-align: justify;\">O Conselho Tutelar \u00e9 um \u00f3rg\u00e3o colegiado, aut\u00f4nomo, pertencente \u00e0 administra\u00e7\u00e3o p\u00fablica municipal e sem fun\u00e7\u00e3o jurisdicional. \u00c9 regido pelo\u00a0<a title=\"Estatuto da Crian\u00e7a e do Adolescente\" href=\"https:\/\/pt.wikipedia.org\/wiki\/Estatuto_da_Crian%C3%A7a_e_do_Adolescente\">Estatuto da Crian\u00e7a e do Adolescente<\/a>.<\/p>\n<p style=\"text-align: justify;\">Enquanto \u00f3rg\u00e3o colegiado, \u00e9 caracterizado pela pluralidade de membros. No caso, s\u00e3o 5 membros que comp\u00f5em o Conselho Tutelar.<\/p>\n<p style=\"text-align: justify;\">A autonomia do \u00f3rg\u00e3o \u00e9 denotada pela falta de rela\u00e7\u00e3o de subordina\u00e7\u00e3o com o\u00a0<a class=\"mw-redirect\" title=\"Prefeitura municipal\" href=\"https:\/\/pt.wikipedia.org\/wiki\/Prefeitura_municipal\">Executivo municipal<\/a>. Portanto, n\u00e3o deve obedi\u00eancia ao comando do\u00a0<a title=\"Prefeito\" href=\"https:\/\/pt.wikipedia.org\/wiki\/Prefeito\">Prefeito<\/a>\u00a0ou seus\u00a0<a class=\"new\" title=\"Secret\u00e1rio municipal (p\u00e1gina n\u00e3o existe)\" href=\"https:\/\/pt.wikipedia.org\/w\/index.php?title=Secret%C3%A1rio_municipal&amp;action=edit&amp;redlink=1\">secret\u00e1rios<\/a>, quanto \u00e0s suas fun\u00e7\u00f5es institucionais. A orienta\u00e7\u00e3o t\u00e9cnica do Conselho Tutelar n\u00e3o comporta imposi\u00e7\u00e3o externa, por\u00e9m \u00e9 pass\u00edvel de controle pelo\u00a0<a title=\"Poder Judici\u00e1rio\" href=\"https:\/\/pt.wikipedia.org\/wiki\/Poder_Judici%C3%A1rio\">Judici\u00e1rio<\/a>.<\/p>\n<p style=\"text-align: justify;\">N\u00e3o existe Conselho Tutelar nas esferas\u00a0<a title=\"Ente federativo\" href=\"https:\/\/pt.wikipedia.org\/wiki\/Ente_federativo\">estaduais<\/a>\u00a0e da\u00a0<a class=\"mw-redirect\" title=\"Governo do Brasil\" href=\"https:\/\/pt.wikipedia.org\/wiki\/Governo_do_Brasil\">Uni\u00e3o<\/a>, sendo um \u00f3rg\u00e3o que apenas existe na \u00f3rbita dos munic\u00edpios e do\u00a0<a title=\"Distrito Federal (Brasil)\" href=\"https:\/\/pt.wikipedia.org\/wiki\/Distrito_Federal_(Brasil)\">Distrito Federal<\/a>. Preserva-se uma proximidade do Conselho com as crian\u00e7as e adolescentes que deva tutelar, com uma liga\u00e7\u00e3o mais pr\u00f3xima das realidades sociais, econ\u00f4micas e culturais que vivem estes sujeitos.<\/p>\n<p style=\"text-align: justify;\">A aus\u00eancia de fun\u00e7\u00e3o jurisdicional significa que os conselheiros tutelares n\u00e3o possuem as garantias, atribui\u00e7\u00f5es nem prerrogativas dos magistrados. Suas decis\u00f5es podem ser revistas pelo Judici\u00e1rio, mediante provoca\u00e7\u00e3o do\u00a0<a title=\"Minist\u00e9rio P\u00fablico no Brasil\" href=\"https:\/\/pt.wikipedia.org\/wiki\/Minist%C3%A9rio_P%C3%BAblico_no_Brasil\">Minist\u00e9rio P\u00fablico<\/a>, dos pr\u00f3prios conselheiros, da\u00a0<a title=\"Sociedade civil\" href=\"https:\/\/pt.wikipedia.org\/wiki\/Sociedade_civil\">sociedade civil<\/a>\u00a0ou, mediante\u00a0<a title=\"A\u00e7\u00e3o popular\" href=\"https:\/\/pt.wikipedia.org\/wiki\/A%C3%A7%C3%A3o_popular\">a\u00e7\u00e3o popular<\/a>, de qualquer cidad\u00e3o.<\/p>\n<h2 style=\"text-align: justify;\"><span id=\"Atribui.C3.A7.C3.B5es\"><\/span><span id=\"Atribui\u00e7\u00f5es\" class=\"mw-headline\">Atribui\u00e7\u00f5es<\/span><\/h2>\n<ul style=\"text-align: justify;\">\n<li>Atender crian\u00e7as e adolescentes nas hip\u00f3teses previstas nos arts.98 e 105, aplicando as medidas previstas no art. 101, I a VII;<\/li>\n<li>Atender e aconselhar pais ou respons\u00e1veis, aplicando as medidas previstas no art.129, I a VII;<\/li>\n<li>Promover a execu\u00e7\u00e3o de suas decis\u00f5es, podendo para tanto:\n<ol>\n<li>Requisitar servi\u00e7os p\u00fablicos nas \u00e1reas de sa\u00fade, educa\u00e7\u00e3o, servi\u00e7o social, previd\u00eancia, trabalho e seguran\u00e7a;<\/li>\n<li>Representar junto \u00e0 autoridade judici\u00e1ria nos casos de descumprimento injustificado de suas delibera\u00e7\u00f5es;<\/li>\n<\/ol>\n<\/li>\n<li>Encaminhar ao\u00a0<a title=\"Minist\u00e9rio P\u00fablico\" href=\"https:\/\/pt.wikipedia.org\/wiki\/Minist%C3%A9rio_P%C3%BAblico\">Minist\u00e9rio P\u00fablico<\/a>\u00a0not\u00edcia de fato que constitua infra\u00e7\u00e3o administrativa ou penal contra os direitos da crian\u00e7a e do adolescente;<\/li>\n<li>Encaminhar \u00e0 autoridade judici\u00e1ria os casos de sua compet\u00eancia;<\/li>\n<li>Providenciar a medida estabelecida pela autoridade judici\u00e1ria, dentre as previstas no art. 101, de I a VI, para o adolescente autor do ato infracional;<\/li>\n<li>Expedir notifica\u00e7\u00f5es;<\/li>\n<li>Requisitar certid\u00f5es de nascimento e de \u00f3bito de crian\u00e7a ou adolescente quando necess\u00e1rio;<\/li>\n<li>Assessorar o Poder Executivo local na elabora\u00e7\u00e3o da proposta or\u00e7ament\u00e1ria para planos e programas de atendimento dos direitos da crian\u00e7a e do adolescente;<\/li>\n<li>Representar, em nome da pessoa e da fam\u00edlia, contra a viola\u00e7\u00e3o dos direitos previstos no art. 220, \u00a73\u00ba, inciso II, da Constitui\u00e7\u00e3o Federal.<\/li>\n<\/ul>\n<h2 style=\"text-align: justify;\"><span id=\"Membros\" class=\"mw-headline\">Membros<\/span><\/h2>\n<p style=\"text-align: justify;\">O Conselheiro Tutelar \u00e9 o servidor p\u00fablico municipal que trabalha no\u00a0<b>Conselho Tutelar<\/b>, fazendo cumprir o que determina a Lei Federal 8.069\/90, conhecida como\u00a0<a title=\"Estatuto da Crian\u00e7a e do Adolescente\" href=\"https:\/\/pt.wikipedia.org\/wiki\/Estatuto_da_Crian%C3%A7a_e_do_Adolescente\">Estatuto da Crian\u00e7a e do Adolescente<\/a>\u00a0(ECA). O conselheiro tutelar tem suas compet\u00eancias e atribui\u00e7\u00f5es fixadas no artigo 136 do mesmo estatuto. Se um conselheiro fizer al\u00e9m do que est\u00e1 determinado no ECA, pode responder por abuso, e se ficar aqu\u00e9m do que determina a Lei, pode ser responsabilizado por prevarica\u00e7\u00e3o C\u00f3digo Penal (art. 319).<\/p>\n<p style=\"text-align: justify;\">S\u00e3o cinco em cada munic\u00edpio, escolhidos por processo de escolha unificado, para mandato de 4 anos, com a possibilidade de recondu\u00e7\u00f5es.<\/p>\n<p style=\"text-align: justify;\">Para ser a pessoa deve ter mais de 21 anos, residir no munic\u00edpio e possuir reconhecida idoneidade moral, mas cada munic\u00edpio pode criar outras exig\u00eancias para a candidatura a Conselheiro, como carteira nacional de habilita\u00e7\u00e3o ou n\u00edvel superior. H\u00e1 controv\u00e9rsia sobre isso, havendo entendimento majorit\u00e1rio de que o Munic\u00edpio n\u00e3o pode acrescentar crit\u00e9rios aos j\u00e1 estabelecidos pelo legislador federal.<\/p>\n<p style=\"text-align: justify;\">Conforme o art. 133. do ECA,\u00a0<i>in verbis<\/i>:<\/p>\n<p style=\"text-align: justify;\"><b>Art. 133<\/b>\u00a0&#8211; Para a candidatura a membro do Conselho Tutelar, ser\u00e3o exigidos os seguintes requisitos:<\/p>\n<ol style=\"text-align: justify;\">\n<li>reconhecida idoneidade moral;<\/li>\n<li>idade superior a vinte e um anos;<\/li>\n<li>residir no munic\u00edpio.<\/li>\n<\/ol>\n<p style=\"text-align: justify;\">N\u00e3o h\u00e1 que se exigir forma\u00e7\u00e3o superior, porque Conselheiro Tutelar n\u00e3o \u00e9 t\u00e9cnico e n\u00e3o tem que fazer atendimento t\u00e9cnico, para isto deve requisitar o atendimento necess\u00e1rio. O que o Conselheiro Tutelar precisa \u00e9 ter bom senso para se fazer presente onde h\u00e1 viola\u00e7\u00e3o de direitos ou ind\u00edcios e possibilidades de viola\u00e7\u00e3o, e agir para cess\u00e1-la ou eliminar o risco de que ocorra. Para isto n\u00e3o deve fazer, mas requisitar os meios necess\u00e1rios a que se fa\u00e7a.<sup>[<\/sup><sup><a title=\"Wikip\u00e9dia:Livro de estilo\/Cite as fontes\" href=\"https:\/\/pt.wikipedia.org\/wiki\/Wikip%C3%A9dia:Livro_de_estilo\/Cite_as_fontes\"><span title=\"Esta afirma\u00e7\u00e3o precisa de uma refer\u00eancia para confirm\u00e1-la desde abril de 2017.\"><i>carece\u00a0de fontes<\/i><\/span><\/a>]<\/sup><\/p>\n<p style=\"text-align: justify;\">O exerc\u00edcio efetivo da fun\u00e7\u00e3o de Conselheiro Tutelar constitui servi\u00e7o p\u00fablico relevante e lhe assegurar\u00e1 pris\u00e3o especial, em caso de crime comum, at\u00e9 definitivo julgamento.<\/p>\n<p>Fonte: https:\/\/pt.wikipedia.org\/wiki\/Conselho_Tutelar<\/p>\n","protected":false},"excerpt":{"rendered":"<p>Amanh\u00e3 acontece em Dracena a Elei\u00e7\u00e3o da escolha de 5 (cinco) pessoas que far\u00e3o parte do Conselho Tutelar. SAIBA ESCOLHER: S\u00e3o pessoas que ter\u00e3o grande responsabilidade social no trato com Crian\u00e7as e Adolescentes. A VOTA\u00c7\u00c3O ACONTECE NA ESCOLA JO\u00c3O VENDRAMINI DAS 08:00 \u00c0S 15:00 HORAS. PARA TER DIREITO AO VOTO, BASTA SER MAIOR DE 16 [&hellip;]<\/p>\n","protected":false},"author":1,"featured_media":7961,"comment_status":"closed","ping_status":"open","sticky":false,"template":"","format":"standard","meta":{"footnotes":""},"categories":[114,110],"tags":[],"class_list":["post-7960","post","type-post","status-publish","format-standard","has-post-thumbnail","hentry","category-geralecomercio","category-noticiasdestaque"],"_links":{"self":[{"href":"https:\/\/jorgezanoni.com.br\/2019\/wp-json\/wp\/v2\/posts\/7960","targetHints":{"allow":["GET"]}}],"collection":[{"href":"https:\/\/jorgezanoni.com.br\/2019\/wp-json\/wp\/v2\/posts"}],"about":[{"href":"https:\/\/jorgezanoni.com.br\/2019\/wp-json\/wp\/v2\/types\/post"}],"author":[{"embeddable":true,"href":"https:\/\/jorgezanoni.com.br\/2019\/wp-json\/wp\/v2\/users\/1"}],"replies":[{"embeddable":true,"href":"https:\/\/jorgezanoni.com.br\/2019\/wp-json\/wp\/v2\/comments?post=7960"}],"version-history":[{"count":0,"href":"https:\/\/jorgezanoni.com.br\/2019\/wp-json\/wp\/v2\/posts\/7960\/revisions"}],"wp:featuredmedia":[{"embeddable":true,"href":"https:\/\/jorgezanoni.com.br\/2019\/wp-json\/wp\/v2\/media\/7961"}],"wp:attachment":[{"href":"https:\/\/jorgezanoni.com.br\/2019\/wp-json\/wp\/v2\/media?parent=7960"}],"wp:term":[{"taxonomy":"category","embeddable":true,"href":"https:\/\/jorgezanoni.com.br\/2019\/wp-json\/wp\/v2\/categories?post=7960"},{"taxonomy":"post_tag","embeddable":true,"href":"https:\/\/jorgezanoni.com.br\/2019\/wp-json\/wp\/v2\/tags?post=7960"}],"curies":[{"name":"wp","href":"https:\/\/api.w.org\/{rel}","templated":true}]}}