{"id":79303,"date":"2023-08-19T21:43:18","date_gmt":"2023-08-19T21:43:18","guid":{"rendered":"https:\/\/jorgezanoni.com.br\/2019\/?p=79303"},"modified":"2023-08-19T21:43:18","modified_gmt":"2023-08-19T21:43:18","slug":"psdb-de-dracena-convoca-eleicao-para-diretorio-municipal","status":"publish","type":"post","link":"https:\/\/jorgezanoni.com.br\/2019\/psdb-de-dracena-convoca-eleicao-para-diretorio-municipal\/","title":{"rendered":"PSDB de Dracena convoca elei\u00e7\u00e3o para Diret\u00f3rio Municipal"},"content":{"rendered":"<p style=\"text-align: justify;\"><em>PSDB<\/em><strong><em>\u00a0\u00a0\u00a0\u00a0\u00a0\u00a0 <\/em><\/strong><\/p>\n<p style=\"text-align: justify;\"><strong><em>DIRET\u00d3RIO<\/em><\/strong><strong><em>\u00a0 MUNICIPAL DE DRACENA<\/em><\/strong><\/p>\n<p style=\"text-align: justify;\">\u00c1<\/p>\n<p style=\"text-align: justify;\">C\u00e2mara Municipal de Dracena<\/p>\n<p style=\"text-align: justify;\">Rua Princesa Isabel n\u00ba.1635 &#8211; Centro<\/p>\n<p style=\"text-align: justify;\">17900-000 &#8211; Dracena &#8211; SP<\/p>\n<p style=\"text-align: justify;\">Ao Ilmo. <strong>Sr. Danilo Ledo dos Santos<\/strong><\/p>\n<ol style=\"text-align: justify;\">\n<li>Presidente da C\u00e2mara Municipal de Dracena<\/li>\n<\/ol>\n<p style=\"text-align: justify;\"><strong>MARIO LEITE BUCCIRONI<\/strong>; Presidente do Diret\u00f3rio Municipal do PSDB de Dracena; vem mui respeitosamente a presen\u00e7a de V.Sas., solicitar a sess\u00e3o do Plen\u00e1rio da C\u00e2mara Municipal de Dracena, para a realiza\u00e7\u00e3o da elei\u00e7\u00e3o do seu diret\u00f3rio municipal, do ano 2023\/2024.<\/p>\n<p style=\"text-align: justify;\"><strong>DATA DO EVENTO: DIA 26 DE AGOSTO DE 2023<\/strong><strong>\u00a0<\/strong><\/p>\n<p style=\"text-align: justify;\"><strong>HOR\u00c1RIO: DAS 10:00 \u00c0S 13:00 HORAS<\/strong><\/p>\n<p style=\"text-align: justify;\">Na certeza de sermos merecedores da aten\u00e7\u00e3o de Vossa Senhorias a esta nossa justa solicita\u00e7\u00e3o;<\/p>\n<p style=\"text-align: justify;\">Respeitosamente agradecemos,<\/p>\n<p style=\"text-align: justify;\">\u00a0\u00a0\u00a0\u00a0\u00a0\u00a0\u00a0\u00a0\u00a0\u00a0\u00a0\u00a0\u00a0\u00a0\u00a0\u00a0\u00a0\u00a0\u00a0\u00a0\u00a0\u00a0\u00a0\u00a0\u00a0\u00a0\u00a0\u00a0\u00a0\u00a0\u00a0\u00a0\u00a0\u00a0\u00a0\u00a0\u00a0\u00a0\u00a0\u00a0\u00a0\u00a0\u00a0\u00a0\u00a0\u00a0\u00a0\u00a0\u00a0\u00a0\u00a0\u00a0\u00a0\u00a0\u00a0\u00a0\u00a0\u00a0\u00a0\u00a0\u00a0\u00a0 Dracena 11 de agosto de 2023<\/p>\n<p style=\"text-align: justify;\"><strong>MARIO LEITE BUCCIRONI <\/strong><\/p>\n<p style=\"text-align: justify;\">Presidente do Diret\u00f3rio Municipal do PSDB Dracena<\/p>\n<p style=\"text-align: justify;\">Telefone de Contato (18) 9.9742.1111<\/p>\n<p style=\"text-align: justify;\"><strong>CONVOCA\u00c7\u00c3O:<\/strong><\/p>\n<p style=\"text-align: justify;\"><strong><u>EDITAL\u00a0 DE\u00a0 CONVOCA\u00c7\u00c3O\u00a0 PARA\u00a0 ELEI\u00c7\u00c3O\u00a0 DIRET\u00d3RIO\u00a0 MUNICIPAL<\/u><\/strong><strong><u>\u00a0<\/u><\/strong><\/p>\n<p style=\"text-align: justify;\">Nos termos da legisla\u00e7\u00e3o em vigor, ficam convocado, por este Edital, todos os eleitores filiados ao Partido da Social Democracia Brasileira &#8211; PSDB, neste munic\u00edpio, para a Conven\u00e7\u00e3o Municipal que ser\u00e1 realizada no dia 26 de agosto de 2023 (s\u00e1bado), com inicio \u00e0s 10:00 horas e encerramento \u00e0s 13;00 horas, \u00e0 Rua Princesa Isabel n\u00ba. 1635, nesta cidade de Dracena, com a seguinte:<\/p>\n<p style=\"text-align: justify;\"><u>ORDEM\u00a0 DO\u00a0 DIA<\/u><u>\u00a0<\/u><\/p>\n<ol style=\"text-align: justify;\">\n<li>Elei\u00e7\u00e3o, por voto direto e secreto, do Diret\u00f3rio Municipal de Dracena, que ser\u00e1 constitu\u00eddo de 21 membros titulares e 7 membros suplentes;<\/li>\n<\/ol>\n<ol style=\"text-align: justify;\">\n<li>Elei\u00e7\u00e3o, por voto direto e secreto, de 1 delegado e igual n\u00famero suplentes \u00e0 Conven\u00e7\u00e3o Estadual.<\/li>\n<\/ol>\n<ol style=\"text-align: justify;\">\n<li>Elei\u00e7\u00e3o do Conselho de \u00c9tica e Disciplina, constitu\u00eddo de 5 (cinco) membros efetivos e igual n\u00famero de suplentes.<\/li>\n<\/ol>\n<p style=\"text-align: justify;\">Na mesma data, ser\u00e3o eleitos, por voto direto e secreto, a Comiss\u00e3o Executiva Municipal e seus Suplentes, e os membros efetivos e suplentes do Conselho fiscal, em reuni\u00e3o do Diret\u00f3rio Municipal eleito, convocada por este Edital para \u00e0s 12:00 horas do mesmo dia, sendo o inicio do credenciamento dos suplentes \u00e0s 11;30 horas, no mesmo dia e local.<\/p>\n<p style=\"text-align: justify;\">Informamos que no dia 12 de agosto de 2023 sexta feira, a Comiss\u00e3o Executiva manter\u00e1 Plant\u00e3o, \u00e0 Rua Edson da Silveira Campos n\u00ba. 1130, 2\u00ba andar, apartamento n\u00ba 23, das 10;00 horas at\u00e9 \u00e1s 11;00 horas, para protocolar o requerimento para registro de chapas completas, obedecendo ao art.25 par\u00e1grafo 7\u00ba. do Estatuto PSDB.<\/p>\n<p>Dracena \/ SP.; 11 de agosto de 2023<\/p>\n<p><strong>MARIO LEITE BUCCIRONI<\/strong><\/p>\n<p><strong>PRESIDENTE DO DIRET\u00d3RIO MUNICIPAL DO PSDB DE DRACENA<\/strong><\/p>\n<p>&nbsp;<\/p>\n","protected":false},"excerpt":{"rendered":"<p>PSDB\u00a0\u00a0\u00a0\u00a0\u00a0\u00a0 DIRET\u00d3RIO\u00a0 MUNICIPAL DE DRACENA \u00c1 C\u00e2mara Municipal de Dracena Rua Princesa Isabel n\u00ba.1635 &#8211; Centro 17900-000 &#8211; Dracena &#8211; SP Ao Ilmo. Sr. Danilo Ledo dos Santos Presidente da C\u00e2mara Municipal de Dracena MARIO LEITE BUCCIRONI; Presidente do Diret\u00f3rio Municipal do PSDB de Dracena; vem mui respeitosamente a presen\u00e7a de V.Sas., solicitar a sess\u00e3o [&hellip;]<\/p>\n","protected":false},"author":1,"featured_media":79304,"comment_status":"closed","ping_status":"open","sticky":false,"template":"","format":"standard","meta":{"footnotes":""},"categories":[110,116],"tags":[],"class_list":["post-79303","post","type-post","status-publish","format-standard","has-post-thumbnail","hentry","category-noticiasdestaque","category-politicaeeconomia"],"_links":{"self":[{"href":"https:\/\/jorgezanoni.com.br\/2019\/wp-json\/wp\/v2\/posts\/79303","targetHints":{"allow":["GET"]}}],"collection":[{"href":"https:\/\/jorgezanoni.com.br\/2019\/wp-json\/wp\/v2\/posts"}],"about":[{"href":"https:\/\/jorgezanoni.com.br\/2019\/wp-json\/wp\/v2\/types\/post"}],"author":[{"embeddable":true,"href":"https:\/\/jorgezanoni.com.br\/2019\/wp-json\/wp\/v2\/users\/1"}],"replies":[{"embeddable":true,"href":"https:\/\/jorgezanoni.com.br\/2019\/wp-json\/wp\/v2\/comments?post=79303"}],"version-history":[{"count":1,"href":"https:\/\/jorgezanoni.com.br\/2019\/wp-json\/wp\/v2\/posts\/79303\/revisions"}],"predecessor-version":[{"id":79305,"href":"https:\/\/jorgezanoni.com.br\/2019\/wp-json\/wp\/v2\/posts\/79303\/revisions\/79305"}],"wp:featuredmedia":[{"embeddable":true,"href":"https:\/\/jorgezanoni.com.br\/2019\/wp-json\/wp\/v2\/media\/79304"}],"wp:attachment":[{"href":"https:\/\/jorgezanoni.com.br\/2019\/wp-json\/wp\/v2\/media?parent=79303"}],"wp:term":[{"taxonomy":"category","embeddable":true,"href":"https:\/\/jorgezanoni.com.br\/2019\/wp-json\/wp\/v2\/categories?post=79303"},{"taxonomy":"post_tag","embeddable":true,"href":"https:\/\/jorgezanoni.com.br\/2019\/wp-json\/wp\/v2\/tags?post=79303"}],"curies":[{"name":"wp","href":"https:\/\/api.w.org\/{rel}","templated":true}]}}