{"id":79271,"date":"2023-08-19T12:54:11","date_gmt":"2023-08-19T12:54:11","guid":{"rendered":"https:\/\/jorgezanoni.com.br\/2019\/?p=79271"},"modified":"2023-08-19T12:54:11","modified_gmt":"2023-08-19T12:54:11","slug":"presa-no-medio-norte-ex-advogada-acusada-de-golpes-em-clientes-em-dracena-sp","status":"publish","type":"post","link":"https:\/\/jorgezanoni.com.br\/2019\/presa-no-medio-norte-ex-advogada-acusada-de-golpes-em-clientes-em-dracena-sp\/","title":{"rendered":"Presa no M\u00e9dio Norte ex-advogada acusada de golpes em clientes em Dracena\/SP."},"content":{"rendered":"<p style=\"text-align: justify;\">A Pol\u00edcia Civil informou h\u00e1 pouco, (ontem 18), que prendeu em Nova Ol\u00edmpia (200 km a M\u00e9dio Norte de Cuiab\u00e1) uma <strong>ex-advogada, de 52 anos, foragida da justi\u00e7a de Dracena<\/strong>, S\u00e3o Paulo. Havia duas ordens judiciais para prend\u00ea-la e era procurada h\u00e1 12 anos, por \u201caplicar v\u00e1rios golpes e se apropriar indevidamente de valores dos seus clientes\u201d.<\/p>\n<p style=\"text-align: justify;\">Com base nas investiga\u00e7\u00f5es da Pol\u00edcia Civil de S\u00e3o Paulo, a ent\u00e3o advogada teve a inscri\u00e7\u00e3o na Ordem dos Advogados do Brasil (OAB) cancelada. Durante dilig\u00eancias, a equipe da Delegacia Regional de Tangar\u00e1 da Serra conseguiu identificar o endere\u00e7o onde a suspeita estava trabalhando como cuidadora de idoso, em Nova Ol\u00edmpia e a prenderam.<\/p>\n<p style=\"text-align: justify;\">Ela est\u00e1 \u00e0 disposi\u00e7\u00e3o da justi\u00e7a. N\u00e3o foi informado o montante financeiro dos valores que se apropriou dos clientes.<\/p>\n<p><i>Fonte: www.sonoticias.com.br<\/i><\/p>\n","protected":false},"excerpt":{"rendered":"<p>A Pol\u00edcia Civil informou h\u00e1 pouco, (ontem 18), que prendeu em Nova Ol\u00edmpia (200 km a M\u00e9dio Norte de Cuiab\u00e1) uma ex-advogada, de 52 anos, foragida da justi\u00e7a de Dracena, S\u00e3o Paulo. Havia duas ordens judiciais para prend\u00ea-la e era procurada h\u00e1 12 anos, por \u201caplicar v\u00e1rios golpes e se apropriar indevidamente de valores dos [&hellip;]<\/p>\n","protected":false},"author":1,"featured_media":79272,"comment_status":"closed","ping_status":"open","sticky":false,"template":"","format":"standard","meta":{"footnotes":""},"categories":[110,2],"tags":[],"class_list":["post-79271","post","type-post","status-publish","format-standard","has-post-thumbnail","hentry","category-noticiasdestaque","category-policial"],"_links":{"self":[{"href":"https:\/\/jorgezanoni.com.br\/2019\/wp-json\/wp\/v2\/posts\/79271","targetHints":{"allow":["GET"]}}],"collection":[{"href":"https:\/\/jorgezanoni.com.br\/2019\/wp-json\/wp\/v2\/posts"}],"about":[{"href":"https:\/\/jorgezanoni.com.br\/2019\/wp-json\/wp\/v2\/types\/post"}],"author":[{"embeddable":true,"href":"https:\/\/jorgezanoni.com.br\/2019\/wp-json\/wp\/v2\/users\/1"}],"replies":[{"embeddable":true,"href":"https:\/\/jorgezanoni.com.br\/2019\/wp-json\/wp\/v2\/comments?post=79271"}],"version-history":[{"count":1,"href":"https:\/\/jorgezanoni.com.br\/2019\/wp-json\/wp\/v2\/posts\/79271\/revisions"}],"predecessor-version":[{"id":79273,"href":"https:\/\/jorgezanoni.com.br\/2019\/wp-json\/wp\/v2\/posts\/79271\/revisions\/79273"}],"wp:featuredmedia":[{"embeddable":true,"href":"https:\/\/jorgezanoni.com.br\/2019\/wp-json\/wp\/v2\/media\/79272"}],"wp:attachment":[{"href":"https:\/\/jorgezanoni.com.br\/2019\/wp-json\/wp\/v2\/media?parent=79271"}],"wp:term":[{"taxonomy":"category","embeddable":true,"href":"https:\/\/jorgezanoni.com.br\/2019\/wp-json\/wp\/v2\/categories?post=79271"},{"taxonomy":"post_tag","embeddable":true,"href":"https:\/\/jorgezanoni.com.br\/2019\/wp-json\/wp\/v2\/tags?post=79271"}],"curies":[{"name":"wp","href":"https:\/\/api.w.org\/{rel}","templated":true}]}}