{"id":79254,"date":"2023-08-19T01:58:04","date_gmt":"2023-08-19T01:58:04","guid":{"rendered":"https:\/\/jorgezanoni.com.br\/2019\/?p=79254"},"modified":"2023-08-19T01:58:04","modified_gmt":"2023-08-19T01:58:04","slug":"unifadra-promove-roda-de-conversa-sobre-violencia-contra-mulher","status":"publish","type":"post","link":"https:\/\/jorgezanoni.com.br\/2019\/unifadra-promove-roda-de-conversa-sobre-violencia-contra-mulher\/","title":{"rendered":"Unifadra promove roda de conversa sobre viol\u00eancia contra mulher"},"content":{"rendered":"<p style=\"text-align: justify;\"><i><strong><span style=\"font-size: large;\">A a\u00e7\u00e3o faz parte das atividades articuladas pelo Programa OAB por Elas e a Delegacia de Defesa da Mulher durante a Campanha Agosto Lil\u00e1s.<\/span><\/strong><br \/>\n<\/i><br \/>\n<span style=\"font-size: large;\">Na pr\u00f3xima quarta-feira, dia 23 de agosto, ser\u00e1 realizada uma roda de conversa com profissionais do Direito e da Psicologia, no Audit\u00f3rio da Fundec, com in\u00edcio \u00e0s 19h. O objetivo \u00e9 promover o di\u00e1logo sobre a situa\u00e7\u00e3o da viol\u00eancia dom\u00e9stica e familiar contra a mulher, tema em pauta durante a Campanha Agosto Lil\u00e1s, bem como refletir sobre as a\u00e7\u00f5es que possam colaborar com a promo\u00e7\u00e3o do cuidado e da efetiva\u00e7\u00e3o dos Direitos da Mulher.<\/span><\/p>\n<p><span style=\"font-size: large;\">A Profa. Esp. F\u00e1tima Simone Silva Pereira Consoni, docente do curso de Psicologia, representa a Unifadra no Conselho Municipal de Direitos da Mulher e est\u00e1 coordenando a Roda de Conversa na faculdade. O evento \u00e9 realizado em parceria com a OAB Dracena, o Programa OAB por Elas e a Delegacia de Defesa da Mulher (DDM), com participa\u00e7\u00e3o do Conselho Municipal de Direitos da Mulher. Segundo os organizadores, refletir e discutir diariamente sobre a viol\u00eancia dom\u00e9stica e familiar contra a mulher se faz necess\u00e1rio.<\/span><\/p>\n<p><span style=\"font-size: large;\">O diretor acad\u00eamico Enio Garbelini ressalta que a faculdade foi convidada a participar e sabe da import\u00e2ncia de apoiar a causa, em especial no universo acad\u00eamico. Estas campanhas nacionais possibilitam que temas como a viol\u00eancia contra a mulher sejam relacionados a assuntos espec\u00edficos dos cursos, proporcionando aos alunos a oportunidade de desenvolver diversas atividades e compartilhar conhecimento com a comunidade.<\/span><\/p>\n<p><span style=\"font-size: large;\"><b>Campanha Agosto Lil\u00e1s<\/b><\/span><\/p>\n<p><span style=\"font-size: large;\">Desde o in\u00edcio de agosto, a Unifadra mudou a cor de sua ilumina\u00e7\u00e3o de entrada para participar da a\u00e7\u00e3o que vem sendo articulada pela OAB Dracena. Diversas institui\u00e7\u00f5es da cidade, incluindo a faculdade, est\u00e3o iluminando seus pr\u00e9dios com a cor lil\u00e1s em refer\u00eancia \u00e0 campanha institu\u00edda nacionalmente, que visa ao enfrentamento da viol\u00eancia contra a mulher, denominada &#8220;Agosto Lil\u00e1s&#8221;.<\/span><\/p>\n<p><span style=\"font-size: large;\">Al\u00e9m de chamar aten\u00e7\u00e3o para o tema, a a\u00e7\u00e3o divulga o Programa OAB por Elas, que foi iniciado na cidade em 2022 e promove atendimentos e a\u00e7\u00f5es educativas em prol do enfrentamento da viol\u00eancia dom\u00e9stica e familiar contra a mulher, e sensibiliza toda a popula\u00e7\u00e3o dracenense sobre a import\u00e2ncia da mobiliza\u00e7\u00e3o para coibir todas as formas de viol\u00eancia contra a mulher (psicol\u00f3gica, sexual, virtual, moral, f\u00edsica e patrimonial).<\/span><\/p>\n<p><span style=\"font-size: large;\">O Agosto Lil\u00e1s \u00e9 uma campanha de enfrentamento da viol\u00eancia dom\u00e9stica e familiar, institu\u00edda por meio da Lei Estadual n\u00ba 4.969\/2016, com objetivo de auxiliar e intensificar a divulga\u00e7\u00e3o da Lei Maria da Penha, conscientizar a sociedade sobre o necess\u00e1rio fim da viol\u00eancia contra a mulher, divulgar os servi\u00e7os especializados da rede de atendimento \u00e0 mulher em situa\u00e7\u00e3o de viol\u00eancia e os mecanismos de den\u00fancia existentes.<\/span><\/p>\n<p><span style=\"font-size: large;\">Desde 2016, a campanha envolve parceiros governamentais e n\u00e3o governamentais com objetivo de fortalecer a\u00e7\u00f5es de mobiliza\u00e7\u00e3o, rodas de conversa e palestras buscando sensibilizar a sociedade no enfrentamento da viol\u00eancia dom\u00e9stica e familiar contra a mulher.<\/span><\/p>\n<p>Fonte: Depto. Comunica\u00e7\u00e3o da Fundec<\/p>\n","protected":false},"excerpt":{"rendered":"<p>A a\u00e7\u00e3o faz parte das atividades articuladas pelo Programa OAB por Elas e a Delegacia de Defesa da Mulher durante a Campanha Agosto Lil\u00e1s. Na pr\u00f3xima quarta-feira, dia 23 de agosto, ser\u00e1 realizada uma roda de conversa com profissionais do Direito e da Psicologia, no Audit\u00f3rio da Fundec, com in\u00edcio \u00e0s 19h. O objetivo \u00e9 [&hellip;]<\/p>\n","protected":false},"author":1,"featured_media":79255,"comment_status":"closed","ping_status":"open","sticky":false,"template":"","format":"standard","meta":{"footnotes":""},"categories":[110,122],"tags":[],"class_list":["post-79254","post","type-post","status-publish","format-standard","has-post-thumbnail","hentry","category-noticiasdestaque","category-saudeeducacaoeconcurso"],"_links":{"self":[{"href":"https:\/\/jorgezanoni.com.br\/2019\/wp-json\/wp\/v2\/posts\/79254","targetHints":{"allow":["GET"]}}],"collection":[{"href":"https:\/\/jorgezanoni.com.br\/2019\/wp-json\/wp\/v2\/posts"}],"about":[{"href":"https:\/\/jorgezanoni.com.br\/2019\/wp-json\/wp\/v2\/types\/post"}],"author":[{"embeddable":true,"href":"https:\/\/jorgezanoni.com.br\/2019\/wp-json\/wp\/v2\/users\/1"}],"replies":[{"embeddable":true,"href":"https:\/\/jorgezanoni.com.br\/2019\/wp-json\/wp\/v2\/comments?post=79254"}],"version-history":[{"count":1,"href":"https:\/\/jorgezanoni.com.br\/2019\/wp-json\/wp\/v2\/posts\/79254\/revisions"}],"predecessor-version":[{"id":79256,"href":"https:\/\/jorgezanoni.com.br\/2019\/wp-json\/wp\/v2\/posts\/79254\/revisions\/79256"}],"wp:featuredmedia":[{"embeddable":true,"href":"https:\/\/jorgezanoni.com.br\/2019\/wp-json\/wp\/v2\/media\/79255"}],"wp:attachment":[{"href":"https:\/\/jorgezanoni.com.br\/2019\/wp-json\/wp\/v2\/media?parent=79254"}],"wp:term":[{"taxonomy":"category","embeddable":true,"href":"https:\/\/jorgezanoni.com.br\/2019\/wp-json\/wp\/v2\/categories?post=79254"},{"taxonomy":"post_tag","embeddable":true,"href":"https:\/\/jorgezanoni.com.br\/2019\/wp-json\/wp\/v2\/tags?post=79254"}],"curies":[{"name":"wp","href":"https:\/\/api.w.org\/{rel}","templated":true}]}}