{"id":79226,"date":"2023-08-17T15:47:36","date_gmt":"2023-08-17T15:47:36","guid":{"rendered":"https:\/\/jorgezanoni.com.br\/2019\/?p=79226"},"modified":"2023-08-17T15:48:40","modified_gmt":"2023-08-17T15:48:40","slug":"camara-de-dracena-entrega-diplomas-de-honra-ao-merito-as-bailarinas-do-grupo-movimento","status":"publish","type":"post","link":"https:\/\/jorgezanoni.com.br\/2019\/camara-de-dracena-entrega-diplomas-de-honra-ao-merito-as-bailarinas-do-grupo-movimento\/","title":{"rendered":"C\u00e2mara de Dracena entrega Diplomas de Honra ao M\u00e9rito \u00e0s bailarinas do Grupo Movimento"},"content":{"rendered":"<p style=\"text-align: justify;\"><strong><em>Elas conquistaram o primeiro lugar no \u201cFestival Dan\u00e7ar a Vida\u201d e se apresentar\u00e3o na Argentina.<\/em><\/strong><\/p>\n<p style=\"text-align: justify;\">Na noite de segunda-feira, (14), a C\u00e2mara Municipal de Dracena concedeu Diplomas de Honra ao M\u00e9rito \u00e0s bailarinas do &#8220;Grupo Movimento&#8221; pela sua vit\u00f3ria no &#8220;Festival Dan\u00e7ar a Vida&#8221;, sediado em Caraguatatuba\/SP. As bailarinas agora se preparam para representar o Brasil em um festival internacional na cidade de Misiones, Argentina, no pr\u00f3ximo m\u00eas.<\/p>\n<p style=\"text-align: justify;\">A homenagem foi entregue \u00e0 professora e core\u00f3grafa Nayara Fonseca Ferreira Rizzo e \u00e0s integrantes do grupo de dan\u00e7a. A iniciativa tramitou na Casa de Leis por meio do projeto de decreto legislativo n.\u00ba 02, proposto pelo vereador Rodrigo Parra e aprovado por unanimidade.<\/p>\n<p style=\"text-align: justify;\">Na sess\u00e3o, o vereador Rodrigo Parra destacou as conquistas recentes do grupo. &#8220;\u00c9 a nossa cidade, o nosso nome que est\u00e1 sendo levado nacional e internacionalmente. A import\u00e2ncia de reconhecer e apoiar essas realiza\u00e7\u00f5es \u00e9 ineg\u00e1vel.&#8221;<\/p>\n<p style=\"text-align: justify;\">A professora Nayara expressou sua gratid\u00e3o pelo reconhecimento. &#8220;Estou imensamente feliz por meio da dan\u00e7a e da arte poder contribuir para o desenvolvimento e amadurecimento dessas jovens. Em 30 anos de conex\u00e3o com a dan\u00e7a, jamais tive a oportunidade de receber uma homenagem t\u00e3o tocante como aluna. Hoje, como professora, sou agraciada junto com minhas alunas. A alegria que isso proporciona \u00e9 indescrit\u00edvel!&#8221; Suas palavras foram recebidas com aplausos de todos os presentes.<\/p>\n<p style=\"text-align: justify;\">A homenagem destaca as realiza\u00e7\u00f5es do &#8220;Grupo Movimento&#8221; e a sua contribui\u00e7\u00e3o para a promo\u00e7\u00e3o da cultura e das artes em Dracena.<\/p>\n<p style=\"text-align: justify;\"><strong>Ordem do Dia<\/strong><\/p>\n<p style=\"text-align: justify;\">Ap\u00f3s a solenidade, os vereadores deram sequ\u00eancia \u00e0 23\u00aa sess\u00e3o ordin\u00e1ria com discuss\u00e3o dos projetos que j\u00e1 constavam na pauta e dos que foram inclu\u00eddos em regime de urg\u00eancia. Foram aprovados:<\/p>\n<p style=\"text-align: justify;\">&#8211; Projeto de Resolu\u00e7\u00e3o n.\u00ba 9, da Mesa Diretora, que autoriza ao Poder Legislativo a efetuar remanejamento de verba;<\/p>\n<p style=\"text-align: justify;\">&#8211; Projeto de Lei n.\u00ba 71, do Executivo, que ratifica as altera\u00e7\u00f5es realizadas no Protocolo de Inten\u00e7\u00f5es convertido no Contrato de Cons\u00f3rcio P\u00fablico do Cons\u00f3rcio Intermunicipal Multifinalit\u00e1rio dos Munic\u00edpios da AMNAP (CIM-AMNAP), a fim de adequar \u00e0s exig\u00eancias da Lei Federal n.\u00ba 11.107\/05, do Decreto Federal n.\u00ba 6.017\/07;<\/p>\n<p style=\"text-align: justify;\">&#8211; PL n.\u00ba 72, do Executivo, que autoriza o Poder Executivo a contratar opera\u00e7\u00f5es de cr\u00e9dito com a Caixa Econ\u00f4mica Federal, no valor de R$ 6 milh\u00f5es destinados a recapeamento e ilumina\u00e7\u00e3o p\u00fablica com l\u00e2mpadas de LED;<\/p>\n<p style=\"text-align: justify;\">&#8211; PL n.\u00ba 73, do Executivo, que disp\u00f5e sobre altera\u00e7\u00f5es da Lei Municipal n\u00ba. 4.897, de 08 de novembro de 2021, que regulamenta o Programa IPTU Premiado, a fim de reestruturar o programa;<\/p>\n<p style=\"text-align: justify;\">&#8211; PL n.\u00ba 75, do Executivo, que artigo 19, inciso IV, da Lei 3187 de 2003;<\/p>\n<p style=\"text-align: justify;\">&#8211; Projeto de Lei Complementar n.\u00ba 16, em segunda vota\u00e7\u00e3o, que revoga das Leis Complementares n\u00ba 293, de 1\u00ba\/08\/2008 e 294, de 1\u00ba\/08\/2008.<\/p>\n<p style=\"text-align: justify;\">No entanto, o PLC n.\u00ba 14, que disp\u00f5e sobre altera\u00e7\u00e3o na Lei Complementar n.\u00ba 540\/22, especificamente sobre a refer\u00eancia salarial CC1, foi rejeitado por unanimidade.<\/p>\n<p style=\"text-align: justify;\">Para consultar na \u00edntegra os projetos aprovados nesta sess\u00e3o, acesse o site oficial da C\u00e2mara Municipal de Dracena em\u00a0<a href=\"http:\/\/www.camaradracena.sp.gov.br\/\" target=\"_blank\" rel=\"noopener noreferrer\">www.camaradracena.sp.gov.br<\/a>.<\/p>\n<p><img loading=\"lazy\" decoding=\"async\" class=\"alignnone size-full wp-image-79228\" src=\"https:\/\/jorgezanoni.com.br\/2019\/wp-content\/uploads\/2023\/08\/zz-grupo-1-Pequeno.jpg\" alt=\"\" width=\"720\" height=\"480\" srcset=\"https:\/\/jorgezanoni.com.br\/2019\/wp-content\/uploads\/2023\/08\/zz-grupo-1-Pequeno.jpg 720w, https:\/\/jorgezanoni.com.br\/2019\/wp-content\/uploads\/2023\/08\/zz-grupo-1-Pequeno-300x200.jpg 300w, https:\/\/jorgezanoni.com.br\/2019\/wp-content\/uploads\/2023\/08\/zz-grupo-1-Pequeno-696x464.jpg 696w, https:\/\/jorgezanoni.com.br\/2019\/wp-content\/uploads\/2023\/08\/zz-grupo-1-Pequeno-630x420.jpg 630w\" sizes=\"auto, (max-width: 720px) 100vw, 720px\" \/> <img loading=\"lazy\" decoding=\"async\" class=\"alignnone size-full wp-image-79229\" src=\"https:\/\/jorgezanoni.com.br\/2019\/wp-content\/uploads\/2023\/08\/zz-grupo-2-Pequeno.jpg\" alt=\"\" width=\"720\" height=\"480\" srcset=\"https:\/\/jorgezanoni.com.br\/2019\/wp-content\/uploads\/2023\/08\/zz-grupo-2-Pequeno.jpg 720w, https:\/\/jorgezanoni.com.br\/2019\/wp-content\/uploads\/2023\/08\/zz-grupo-2-Pequeno-300x200.jpg 300w, https:\/\/jorgezanoni.com.br\/2019\/wp-content\/uploads\/2023\/08\/zz-grupo-2-Pequeno-696x464.jpg 696w, https:\/\/jorgezanoni.com.br\/2019\/wp-content\/uploads\/2023\/08\/zz-grupo-2-Pequeno-630x420.jpg 630w\" sizes=\"auto, (max-width: 720px) 100vw, 720px\" \/><\/p>\n<p>Fonte: Assessoria de Imprensa<\/p>\n","protected":false},"excerpt":{"rendered":"<p>Elas conquistaram o primeiro lugar no \u201cFestival Dan\u00e7ar a Vida\u201d e se apresentar\u00e3o na Argentina. Na noite de segunda-feira, (14), a C\u00e2mara Municipal de Dracena concedeu Diplomas de Honra ao M\u00e9rito \u00e0s bailarinas do &#8220;Grupo Movimento&#8221; pela sua vit\u00f3ria no &#8220;Festival Dan\u00e7ar a Vida&#8221;, sediado em Caraguatatuba\/SP. As bailarinas agora se preparam para representar o [&hellip;]<\/p>\n","protected":false},"author":1,"featured_media":79227,"comment_status":"closed","ping_status":"open","sticky":false,"template":"","format":"standard","meta":{"footnotes":""},"categories":[183,110],"tags":[],"class_list":["post-79226","post","type-post","status-publish","format-standard","has-post-thumbnail","hentry","category-musicaeturismo","category-noticiasdestaque"],"_links":{"self":[{"href":"https:\/\/jorgezanoni.com.br\/2019\/wp-json\/wp\/v2\/posts\/79226","targetHints":{"allow":["GET"]}}],"collection":[{"href":"https:\/\/jorgezanoni.com.br\/2019\/wp-json\/wp\/v2\/posts"}],"about":[{"href":"https:\/\/jorgezanoni.com.br\/2019\/wp-json\/wp\/v2\/types\/post"}],"author":[{"embeddable":true,"href":"https:\/\/jorgezanoni.com.br\/2019\/wp-json\/wp\/v2\/users\/1"}],"replies":[{"embeddable":true,"href":"https:\/\/jorgezanoni.com.br\/2019\/wp-json\/wp\/v2\/comments?post=79226"}],"version-history":[{"count":1,"href":"https:\/\/jorgezanoni.com.br\/2019\/wp-json\/wp\/v2\/posts\/79226\/revisions"}],"predecessor-version":[{"id":79230,"href":"https:\/\/jorgezanoni.com.br\/2019\/wp-json\/wp\/v2\/posts\/79226\/revisions\/79230"}],"wp:featuredmedia":[{"embeddable":true,"href":"https:\/\/jorgezanoni.com.br\/2019\/wp-json\/wp\/v2\/media\/79227"}],"wp:attachment":[{"href":"https:\/\/jorgezanoni.com.br\/2019\/wp-json\/wp\/v2\/media?parent=79226"}],"wp:term":[{"taxonomy":"category","embeddable":true,"href":"https:\/\/jorgezanoni.com.br\/2019\/wp-json\/wp\/v2\/categories?post=79226"},{"taxonomy":"post_tag","embeddable":true,"href":"https:\/\/jorgezanoni.com.br\/2019\/wp-json\/wp\/v2\/tags?post=79226"}],"curies":[{"name":"wp","href":"https:\/\/api.w.org\/{rel}","templated":true}]}}