{"id":79223,"date":"2023-08-17T13:21:50","date_gmt":"2023-08-17T13:21:50","guid":{"rendered":"https:\/\/jorgezanoni.com.br\/2019\/?p=79223"},"modified":"2023-08-17T13:21:50","modified_gmt":"2023-08-17T13:21:50","slug":"em-rapida-acao-policia-militar-prende-homem-por-roubo-em-dracena","status":"publish","type":"post","link":"https:\/\/jorgezanoni.com.br\/2019\/em-rapida-acao-policia-militar-prende-homem-por-roubo-em-dracena\/","title":{"rendered":"Em r\u00e1pida a\u00e7\u00e3o Pol\u00edcia Militar prende homem por roubo em Dracena"},"content":{"rendered":"<p style=\"text-align: justify;\">Na data de hoje (16) por volta das 00h05min, a equipe da Pol\u00edcia Militar, de servi\u00e7o pelo munic\u00edpio de Dracena, durante patrulhamento ostensivo preventivo e manuten\u00e7\u00e3o da ordem p\u00fablica, foram solicitados para atendimento de ocorr\u00eancia de roubo a transeunte, sendo informado as caracter\u00edsticas do autor, foi feito contato com a v\u00edtima a qual declarou que o autor agiu com agressividade, lesionando-a no pesco\u00e7o e no bra\u00e7o esquerdo, vindo a enforc\u00e1-la, no entrevero a autor subtraiu o celular, por\u00e9m a v\u00edtima conseguiu reaver, ainda o autor levou a bolsa da v\u00edtima que posteriormente foi localizada pela equipe, dentro de uma casa desabitada, em ato cont\u00ednuo com vista a esclarecer a autoria, realizaram patrulhamento nas imedia\u00e7\u00f5es dos fatos, conseguimos avistar um indiv\u00edduo com as caracter\u00edsticas passadas dentro de um quintal, numa resid\u00eancia desabitada, sendo que a v\u00edtima de imediato e apavorada reconheceu o autor. Diante dos fatos foi dada voz de pris\u00e3o em flagrante pelo crime de roubo, permanecendo o autor \u00e0 disposi\u00e7\u00e3o da Justi\u00e7a.<\/p>\n<p>Fonte: Com. Social Pol\u00edcia Militar<\/p>\n","protected":false},"excerpt":{"rendered":"<p>Na data de hoje (16) por volta das 00h05min, a equipe da Pol\u00edcia Militar, de servi\u00e7o pelo munic\u00edpio de Dracena, durante patrulhamento ostensivo preventivo e manuten\u00e7\u00e3o da ordem p\u00fablica, foram solicitados para atendimento de ocorr\u00eancia de roubo a transeunte, sendo informado as caracter\u00edsticas do autor, foi feito contato com a v\u00edtima a qual declarou que [&hellip;]<\/p>\n","protected":false},"author":1,"featured_media":79224,"comment_status":"closed","ping_status":"open","sticky":false,"template":"","format":"standard","meta":{"footnotes":""},"categories":[110,2],"tags":[],"class_list":["post-79223","post","type-post","status-publish","format-standard","has-post-thumbnail","hentry","category-noticiasdestaque","category-policial"],"_links":{"self":[{"href":"https:\/\/jorgezanoni.com.br\/2019\/wp-json\/wp\/v2\/posts\/79223","targetHints":{"allow":["GET"]}}],"collection":[{"href":"https:\/\/jorgezanoni.com.br\/2019\/wp-json\/wp\/v2\/posts"}],"about":[{"href":"https:\/\/jorgezanoni.com.br\/2019\/wp-json\/wp\/v2\/types\/post"}],"author":[{"embeddable":true,"href":"https:\/\/jorgezanoni.com.br\/2019\/wp-json\/wp\/v2\/users\/1"}],"replies":[{"embeddable":true,"href":"https:\/\/jorgezanoni.com.br\/2019\/wp-json\/wp\/v2\/comments?post=79223"}],"version-history":[{"count":1,"href":"https:\/\/jorgezanoni.com.br\/2019\/wp-json\/wp\/v2\/posts\/79223\/revisions"}],"predecessor-version":[{"id":79225,"href":"https:\/\/jorgezanoni.com.br\/2019\/wp-json\/wp\/v2\/posts\/79223\/revisions\/79225"}],"wp:featuredmedia":[{"embeddable":true,"href":"https:\/\/jorgezanoni.com.br\/2019\/wp-json\/wp\/v2\/media\/79224"}],"wp:attachment":[{"href":"https:\/\/jorgezanoni.com.br\/2019\/wp-json\/wp\/v2\/media?parent=79223"}],"wp:term":[{"taxonomy":"category","embeddable":true,"href":"https:\/\/jorgezanoni.com.br\/2019\/wp-json\/wp\/v2\/categories?post=79223"},{"taxonomy":"post_tag","embeddable":true,"href":"https:\/\/jorgezanoni.com.br\/2019\/wp-json\/wp\/v2\/tags?post=79223"}],"curies":[{"name":"wp","href":"https:\/\/api.w.org\/{rel}","templated":true}]}}