{"id":7919,"date":"2019-10-05T00:26:21","date_gmt":"2019-10-05T00:26:21","guid":{"rendered":"https:\/\/jorgezanoni.com.br\/2019\/?p=7919"},"modified":"2019-10-05T00:26:21","modified_gmt":"2019-10-05T00:26:21","slug":"mes-espirita-comeca-neste-sabado-no-grupo-da-fraternidade-espirita-severino-chagas","status":"publish","type":"post","link":"https:\/\/jorgezanoni.com.br\/2019\/mes-espirita-comeca-neste-sabado-no-grupo-da-fraternidade-espirita-severino-chagas\/","title":{"rendered":"M\u00eas Esp\u00edrita come\u00e7a neste s\u00e1bado no Grupo da Fraternidade Esp\u00edrita Severino Chagas"},"content":{"rendered":"<p style=\"text-align: justify;\">O tradicional M\u00eas Esp\u00edrita com palestras abertas ao p\u00fablico sobre diferentes temas todos os s\u00e1bados, \u00e0s 20h, no Grupo da Fraternidade Severino Chagas tem in\u00edcio neste s\u00e1bado, 5.<\/p>\n<p style=\"text-align: justify;\">O palestrante Jos\u00e9 Samorano Subires, de Santo Anast\u00e1cio, abordar\u00e1 o tema \u201cLivre-arb\u00edtrio e o Direito de Escolha\u201d, abrindo a programa\u00e7\u00e3o hoje, 5, \u00e0s 20h.\u00a0 A abertura do evento ser\u00e1 feita pelo Grupo Vocal Emmanuel.<\/p>\n<p style=\"text-align: justify;\">No s\u00e1bado, 12, Adelvair David, de Jales, ir\u00e1 tratar sobre o tem \u201cA quem servimos\u201d. No dia 19, o p\u00fablico poder\u00e1 conferir o tema \u201cMais Deus em nossas vidas\u201d com Izaias Claro, de Osvaldo Cruz.<\/p>\n<p style=\"text-align: justify;\">Encerrando a programa\u00e7\u00e3o, Sim\u00e3o Neto, de Presidente Prudente, ir abordar o tema \u201cPerd\u00e3o e auto perd\u00e3o\u201d, no s\u00e1bado, 26.<\/p>\n<p style=\"text-align: justify;\">O Grupo Fraternidade Esp\u00edrita Severino Chagas tem mais de 50 anos de atividades, trabalho doutrin\u00e1rio e atendimento em Dracena e regi\u00e3o. A entidade \u00e9 mantenedora da Casa do Caminho, que est\u00e1 situada no Jardim Brasil\u00e2ndia. No local, palestras s\u00e3o realizadas e refei\u00e7\u00f5es s\u00e3o servidas. No s\u00e1bado de manh\u00e3 h\u00e1 atividades para crian\u00e7as e jovens.<\/p>\n<p style=\"text-align: justify;\">Os volunt\u00e1rios tamb\u00e9m realizam a Campanha do Quilo, uma vez por m\u00eas, e a entrega das cestas b\u00e1sicas para fam\u00edlias cadastradas. Al\u00e9m disso, aos domingos, na Santa Casa, ocorre o Ch\u00e1 da Fraternidade.<\/p>\n<p style=\"text-align: justify;\">Interessados podem participar das palestras \u00e0s quintas-feiras, \u00e0s 20h. A atividade de passe \u00e9 promovida todos os dias, das 18h30 \u00e0s 19h. A reuni\u00e3o do grupo de jovens ocorre aos domingos, \u00e0s 19h30.<\/p>\n<p style=\"text-align: justify;\"><strong>SERVI\u00c7O \u2013<\/strong>\u00a0O G.F.E. Severino Chagas est\u00e1 localizado \u00e0 rua Euclides da Cunha, n\u00ba 272.<\/p>\n<p style=\"text-align: justify;\">Fonte: Portal Regional<\/p>\n","protected":false},"excerpt":{"rendered":"<p>O tradicional M\u00eas Esp\u00edrita com palestras abertas ao p\u00fablico sobre diferentes temas todos os s\u00e1bados, \u00e0s 20h, no Grupo da Fraternidade Severino Chagas tem in\u00edcio neste s\u00e1bado, 5. O palestrante Jos\u00e9 Samorano Subires, de Santo Anast\u00e1cio, abordar\u00e1 o tema \u201cLivre-arb\u00edtrio e o Direito de Escolha\u201d, abrindo a programa\u00e7\u00e3o hoje, 5, \u00e0s 20h.\u00a0 A abertura do [&hellip;]<\/p>\n","protected":false},"author":1,"featured_media":7920,"comment_status":"closed","ping_status":"open","sticky":false,"template":"","format":"standard","meta":{"footnotes":""},"categories":[118],"tags":[],"class_list":["post-7919","post","type-post","status-publish","format-standard","has-post-thumbnail","hentry","category-religiaoesolidariedade"],"_links":{"self":[{"href":"https:\/\/jorgezanoni.com.br\/2019\/wp-json\/wp\/v2\/posts\/7919","targetHints":{"allow":["GET"]}}],"collection":[{"href":"https:\/\/jorgezanoni.com.br\/2019\/wp-json\/wp\/v2\/posts"}],"about":[{"href":"https:\/\/jorgezanoni.com.br\/2019\/wp-json\/wp\/v2\/types\/post"}],"author":[{"embeddable":true,"href":"https:\/\/jorgezanoni.com.br\/2019\/wp-json\/wp\/v2\/users\/1"}],"replies":[{"embeddable":true,"href":"https:\/\/jorgezanoni.com.br\/2019\/wp-json\/wp\/v2\/comments?post=7919"}],"version-history":[{"count":0,"href":"https:\/\/jorgezanoni.com.br\/2019\/wp-json\/wp\/v2\/posts\/7919\/revisions"}],"wp:featuredmedia":[{"embeddable":true,"href":"https:\/\/jorgezanoni.com.br\/2019\/wp-json\/wp\/v2\/media\/7920"}],"wp:attachment":[{"href":"https:\/\/jorgezanoni.com.br\/2019\/wp-json\/wp\/v2\/media?parent=7919"}],"wp:term":[{"taxonomy":"category","embeddable":true,"href":"https:\/\/jorgezanoni.com.br\/2019\/wp-json\/wp\/v2\/categories?post=7919"},{"taxonomy":"post_tag","embeddable":true,"href":"https:\/\/jorgezanoni.com.br\/2019\/wp-json\/wp\/v2\/tags?post=7919"}],"curies":[{"name":"wp","href":"https:\/\/api.w.org\/{rel}","templated":true}]}}