{"id":79149,"date":"2023-08-17T01:28:27","date_gmt":"2023-08-17T01:28:27","guid":{"rendered":"https:\/\/jorgezanoni.com.br\/2019\/?p=79149"},"modified":"2023-08-17T01:28:27","modified_gmt":"2023-08-17T01:28:27","slug":"policia-militar-prende-tres-individuos-por-roubo-em-monte-castelo","status":"publish","type":"post","link":"https:\/\/jorgezanoni.com.br\/2019\/policia-militar-prende-tres-individuos-por-roubo-em-monte-castelo\/","title":{"rendered":"Policia Militar prende tr\u00eas indiv\u00edduos por roubo em Monte Castelo"},"content":{"rendered":"<p style=\"text-align: justify;\">Ter\u00e7a-feira, 15 de agosto, por volta das 18:10hrs, a equipe da Pol\u00edcia Militar recebeu liga\u00e7\u00e3o telef\u00f4nica informando sobre um roubo que havia acabado de ocorrer. No local dos fatos, Rua Professor Stellio Machado Loureiro, em contato com a v\u00edtima, homem 59 anos, informou que 03 indiv\u00edduos, de posse de uma faca, anunciaram o roubo e subtra\u00edram mediante for\u00e7a f\u00edsica e amea\u00e7a sua carteira contendo a quantia de R$190,00, tomando rumo ignorado. A v\u00edtima informou ainda que conhecia os autores, informando todas as caracter\u00edsticas. De posse das informa\u00e7\u00f5es equipes da Pol\u00edcia Militar durante patrulhamento obteve \u00eaxito em localizar os autores pela Rua Vice Prefeito Ant\u00f4nio Fukumar, realizando a abordagem. Durante busca pessoal, foi localizado com autor 01 (homem, 21 anos) a quantia de R$ 50,00, com o autor 02 (homem, 29 anos) a quantia de r$ 50,00 e com sindicado (adolescente, 13 anos) a quantia de R$ 42,00.<br \/>\nA equipe, localizou ainda c\u00e2meras de monitoramento que gravou o momento do roubo, onde foi poss\u00edvel constatar de maneira n\u00edtida os 03 indiv\u00edduos realizando o roubo, subtraindo a carteira da v\u00edtima e tomando rumo ignorado. Diante dos fatos, imagens e produtos localizados, foi dada voz de pris\u00e3o aos indiv\u00edduos pela pr\u00e1tica do crime de roubo e conduzidos ao plant\u00e3o de pol\u00edcia judici\u00e1ria, onde foi ratificada a voz de pris\u00e3o em flagrante delito, permanecendo os indiv\u00edduos, presos e a disposi\u00e7\u00e3o da Justi\u00e7a.<\/p>\n<p><img loading=\"lazy\" decoding=\"async\" class=\"alignnone size-full wp-image-79150\" src=\"https:\/\/jorgezanoni.com.br\/2019\/wp-content\/uploads\/2023\/08\/z-monte-1-Pequeno.jpg\" alt=\"\" width=\"853\" height=\"480\" srcset=\"https:\/\/jorgezanoni.com.br\/2019\/wp-content\/uploads\/2023\/08\/z-monte-1-Pequeno.jpg 853w, https:\/\/jorgezanoni.com.br\/2019\/wp-content\/uploads\/2023\/08\/z-monte-1-Pequeno-300x169.jpg 300w, https:\/\/jorgezanoni.com.br\/2019\/wp-content\/uploads\/2023\/08\/z-monte-1-Pequeno-768x432.jpg 768w, https:\/\/jorgezanoni.com.br\/2019\/wp-content\/uploads\/2023\/08\/z-monte-1-Pequeno-696x392.jpg 696w, https:\/\/jorgezanoni.com.br\/2019\/wp-content\/uploads\/2023\/08\/z-monte-1-Pequeno-746x420.jpg 746w\" sizes=\"auto, (max-width: 853px) 100vw, 853px\" \/> <img loading=\"lazy\" decoding=\"async\" class=\"alignnone size-full wp-image-79151\" src=\"https:\/\/jorgezanoni.com.br\/2019\/wp-content\/uploads\/2023\/08\/z-monte-2-Pequeno.jpg\" alt=\"\" width=\"480\" height=\"489\" srcset=\"https:\/\/jorgezanoni.com.br\/2019\/wp-content\/uploads\/2023\/08\/z-monte-2-Pequeno.jpg 480w, https:\/\/jorgezanoni.com.br\/2019\/wp-content\/uploads\/2023\/08\/z-monte-2-Pequeno-294x300.jpg 294w, https:\/\/jorgezanoni.com.br\/2019\/wp-content\/uploads\/2023\/08\/z-monte-2-Pequeno-356x364.jpg 356w, https:\/\/jorgezanoni.com.br\/2019\/wp-content\/uploads\/2023\/08\/z-monte-2-Pequeno-412x420.jpg 412w\" sizes=\"auto, (max-width: 480px) 100vw, 480px\" \/><\/p>\n<p>Fonte: Com. Social Pol\u00edcia Militar<\/p>\n","protected":false},"excerpt":{"rendered":"<p>Ter\u00e7a-feira, 15 de agosto, por volta das 18:10hrs, a equipe da Pol\u00edcia Militar recebeu liga\u00e7\u00e3o telef\u00f4nica informando sobre um roubo que havia acabado de ocorrer. No local dos fatos, Rua Professor Stellio Machado Loureiro, em contato com a v\u00edtima, homem 59 anos, informou que 03 indiv\u00edduos, de posse de uma faca, anunciaram o roubo e [&hellip;]<\/p>\n","protected":false},"author":1,"featured_media":79152,"comment_status":"closed","ping_status":"open","sticky":false,"template":"","format":"standard","meta":{"footnotes":""},"categories":[110,2],"tags":[],"class_list":["post-79149","post","type-post","status-publish","format-standard","has-post-thumbnail","hentry","category-noticiasdestaque","category-policial"],"_links":{"self":[{"href":"https:\/\/jorgezanoni.com.br\/2019\/wp-json\/wp\/v2\/posts\/79149","targetHints":{"allow":["GET"]}}],"collection":[{"href":"https:\/\/jorgezanoni.com.br\/2019\/wp-json\/wp\/v2\/posts"}],"about":[{"href":"https:\/\/jorgezanoni.com.br\/2019\/wp-json\/wp\/v2\/types\/post"}],"author":[{"embeddable":true,"href":"https:\/\/jorgezanoni.com.br\/2019\/wp-json\/wp\/v2\/users\/1"}],"replies":[{"embeddable":true,"href":"https:\/\/jorgezanoni.com.br\/2019\/wp-json\/wp\/v2\/comments?post=79149"}],"version-history":[{"count":1,"href":"https:\/\/jorgezanoni.com.br\/2019\/wp-json\/wp\/v2\/posts\/79149\/revisions"}],"predecessor-version":[{"id":79153,"href":"https:\/\/jorgezanoni.com.br\/2019\/wp-json\/wp\/v2\/posts\/79149\/revisions\/79153"}],"wp:featuredmedia":[{"embeddable":true,"href":"https:\/\/jorgezanoni.com.br\/2019\/wp-json\/wp\/v2\/media\/79152"}],"wp:attachment":[{"href":"https:\/\/jorgezanoni.com.br\/2019\/wp-json\/wp\/v2\/media?parent=79149"}],"wp:term":[{"taxonomy":"category","embeddable":true,"href":"https:\/\/jorgezanoni.com.br\/2019\/wp-json\/wp\/v2\/categories?post=79149"},{"taxonomy":"post_tag","embeddable":true,"href":"https:\/\/jorgezanoni.com.br\/2019\/wp-json\/wp\/v2\/tags?post=79149"}],"curies":[{"name":"wp","href":"https:\/\/api.w.org\/{rel}","templated":true}]}}