{"id":79090,"date":"2023-08-15T01:18:18","date_gmt":"2023-08-15T01:18:18","guid":{"rendered":"https:\/\/jorgezanoni.com.br\/2019\/?p=79090"},"modified":"2023-08-15T01:18:18","modified_gmt":"2023-08-15T01:18:18","slug":"policia-civil-realiza-palestra-sobre-violencia-domestica-para-participantes-do-centro-de-convivencia-do-idoso-em-dracena","status":"publish","type":"post","link":"https:\/\/jorgezanoni.com.br\/2019\/policia-civil-realiza-palestra-sobre-violencia-domestica-para-participantes-do-centro-de-convivencia-do-idoso-em-dracena\/","title":{"rendered":"Pol\u00edcia Civil realiza Palestra sobre Viol\u00eancia Dom\u00e9stica para participantes do Centro de Conviv\u00eancia do Idoso em Dracena"},"content":{"rendered":"<p style=\"text-align: justify;\">A Pol\u00edcia Civil, por interm\u00e9dio da Delegacia de Defesa da Mulher &#8211; DDM, com o apoio da Delegacia Seccional de Pol\u00edcia de Dracena, nesta segunda-feira (14), promoveu palestra sobre a Lei Maria da Penha, referente a preven\u00e7\u00e3o \u00e0 viol\u00eancia dom\u00e9stica e familiar contra as mulheres, no contexto das a\u00e7\u00f5es desenvolvidas na Campanha Agosto \u201cLil\u00e1s\u201d.<br \/>\nA palestra foi proferida pela Dr\u00aa Luciana Nunes Falc\u00e3o Mendes, delegada de pol\u00edcia titular da DDM, no audit\u00f3rio do Centro de Conviv\u00eancia do Idoso &#8211; CCI \u201cPedro Pietrucci\u201d, em Dracena (SP). Na oportunidade, 40 idosos compareceram prestigiando o evento, como tamb\u00e9m a equipe composta pela Diretora da Prote\u00e7\u00e3o B\u00e1sica &#8211; Natalina Chitero, Coordenadora do CCI &#8211; Rosana Falc\u00e3o, Assistente Social- Jane Pigozi Ramos de Almeida e a Educadora Social &#8211; Andr\u00e9ia Vello.<\/p>\n<p><img loading=\"lazy\" decoding=\"async\" class=\"alignnone size-full wp-image-79091\" src=\"https:\/\/jorgezanoni.com.br\/2019\/wp-content\/uploads\/2023\/08\/Idoso-Pequeno.jpg\" alt=\"\" width=\"480\" height=\"485\" srcset=\"https:\/\/jorgezanoni.com.br\/2019\/wp-content\/uploads\/2023\/08\/Idoso-Pequeno.jpg 480w, https:\/\/jorgezanoni.com.br\/2019\/wp-content\/uploads\/2023\/08\/Idoso-Pequeno-297x300.jpg 297w, https:\/\/jorgezanoni.com.br\/2019\/wp-content\/uploads\/2023\/08\/Idoso-Pequeno-416x420.jpg 416w\" sizes=\"auto, (max-width: 480px) 100vw, 480px\" \/><\/p>\n<p>Fonte: Com. Social Pol\u00edcia Civil<\/p>\n","protected":false},"excerpt":{"rendered":"<p>A Pol\u00edcia Civil, por interm\u00e9dio da Delegacia de Defesa da Mulher &#8211; DDM, com o apoio da Delegacia Seccional de Pol\u00edcia de Dracena, nesta segunda-feira (14), promoveu palestra sobre a Lei Maria da Penha, referente a preven\u00e7\u00e3o \u00e0 viol\u00eancia dom\u00e9stica e familiar contra as mulheres, no contexto das a\u00e7\u00f5es desenvolvidas na Campanha Agosto \u201cLil\u00e1s\u201d. A [&hellip;]<\/p>\n","protected":false},"author":1,"featured_media":79092,"comment_status":"closed","ping_status":"open","sticky":false,"template":"","format":"standard","meta":{"footnotes":""},"categories":[110,2],"tags":[],"class_list":["post-79090","post","type-post","status-publish","format-standard","has-post-thumbnail","hentry","category-noticiasdestaque","category-policial"],"_links":{"self":[{"href":"https:\/\/jorgezanoni.com.br\/2019\/wp-json\/wp\/v2\/posts\/79090","targetHints":{"allow":["GET"]}}],"collection":[{"href":"https:\/\/jorgezanoni.com.br\/2019\/wp-json\/wp\/v2\/posts"}],"about":[{"href":"https:\/\/jorgezanoni.com.br\/2019\/wp-json\/wp\/v2\/types\/post"}],"author":[{"embeddable":true,"href":"https:\/\/jorgezanoni.com.br\/2019\/wp-json\/wp\/v2\/users\/1"}],"replies":[{"embeddable":true,"href":"https:\/\/jorgezanoni.com.br\/2019\/wp-json\/wp\/v2\/comments?post=79090"}],"version-history":[{"count":1,"href":"https:\/\/jorgezanoni.com.br\/2019\/wp-json\/wp\/v2\/posts\/79090\/revisions"}],"predecessor-version":[{"id":79093,"href":"https:\/\/jorgezanoni.com.br\/2019\/wp-json\/wp\/v2\/posts\/79090\/revisions\/79093"}],"wp:featuredmedia":[{"embeddable":true,"href":"https:\/\/jorgezanoni.com.br\/2019\/wp-json\/wp\/v2\/media\/79092"}],"wp:attachment":[{"href":"https:\/\/jorgezanoni.com.br\/2019\/wp-json\/wp\/v2\/media?parent=79090"}],"wp:term":[{"taxonomy":"category","embeddable":true,"href":"https:\/\/jorgezanoni.com.br\/2019\/wp-json\/wp\/v2\/categories?post=79090"},{"taxonomy":"post_tag","embeddable":true,"href":"https:\/\/jorgezanoni.com.br\/2019\/wp-json\/wp\/v2\/tags?post=79090"}],"curies":[{"name":"wp","href":"https:\/\/api.w.org\/{rel}","templated":true}]}}