{"id":79087,"date":"2023-08-15T01:04:51","date_gmt":"2023-08-15T01:04:51","guid":{"rendered":"https:\/\/jorgezanoni.com.br\/2019\/?p=79087"},"modified":"2023-08-15T01:04:51","modified_gmt":"2023-08-15T01:04:51","slug":"policia-militar-apreende-objetos-em-dracena","status":"publish","type":"post","link":"https:\/\/jorgezanoni.com.br\/2019\/policia-militar-apreende-objetos-em-dracena\/","title":{"rendered":"Pol\u00edcia Militar apreende objetos em Dracena"},"content":{"rendered":"<p style=\"text-align: justify;\">Na data de ontem (13) por voltas das 17h10min a equipe da Pol\u00edcia Militar, de servi\u00e7o pelo munic\u00edpio de Dracena, foi acionada para atendimento de ocorr\u00eancia com dois indiv\u00edduos que estavam pr\u00f3ximos \u00e0 esta\u00e7\u00e3o ferrovi\u00e1ria em atitude suspeita, carregando um televisor enrolado em um cobertor. A equipe ao realizar dilig\u00eancias pela linha f\u00e9rrea, visualizou os dois indiv\u00edduos e em abordagem, um dos indiv\u00edduo que estava trajando camiseta cinza estava em posse da TV nos ombros enrolada em um cobertor marrom, j\u00e1 o outro indiv\u00edduo que estava trajando camiseta preta, estava em posse de duas mochilas, e em uma delas com seis garrafas pequenas de cerveja e em outra mochila havia 01 r\u00e1dio port\u00e1til JBL, 01 antena de TV, 01 fone de ouvido, 01 controle remoto da TV e 01 sacola de roupas, um dos indiv\u00edduo conhecido nos meios policiais, e que em data anterior aparece na filmagens de um furto \u00e0 resid\u00eancia ocorrido h\u00e1 poucos dias, estava com as mesmas roupas dentro de sua mochila. Diante dos fatos foi dada voz de pris\u00e3o aos indiv\u00edduos, e encaminhados ao Plant\u00e3o de Pol\u00edcia Judici\u00e1ria, onde os objetos permaneceram apreendidos e os autores ouvidos e liberados.<\/p>\n<p style=\"text-align: justify;\">#25BPMI<br \/>\n#CPI8<br \/>\n#POLICIAMILITARSP<br \/>\n#AFOR\u00c7APUBLICADES\u00c3OPAULO<\/p>\n","protected":false},"excerpt":{"rendered":"<p>Na data de ontem (13) por voltas das 17h10min a equipe da Pol\u00edcia Militar, de servi\u00e7o pelo munic\u00edpio de Dracena, foi acionada para atendimento de ocorr\u00eancia com dois indiv\u00edduos que estavam pr\u00f3ximos \u00e0 esta\u00e7\u00e3o ferrovi\u00e1ria em atitude suspeita, carregando um televisor enrolado em um cobertor. A equipe ao realizar dilig\u00eancias pela linha f\u00e9rrea, visualizou os [&hellip;]<\/p>\n","protected":false},"author":1,"featured_media":79088,"comment_status":"closed","ping_status":"open","sticky":false,"template":"","format":"standard","meta":{"footnotes":""},"categories":[110,2],"tags":[],"class_list":["post-79087","post","type-post","status-publish","format-standard","has-post-thumbnail","hentry","category-noticiasdestaque","category-policial"],"_links":{"self":[{"href":"https:\/\/jorgezanoni.com.br\/2019\/wp-json\/wp\/v2\/posts\/79087","targetHints":{"allow":["GET"]}}],"collection":[{"href":"https:\/\/jorgezanoni.com.br\/2019\/wp-json\/wp\/v2\/posts"}],"about":[{"href":"https:\/\/jorgezanoni.com.br\/2019\/wp-json\/wp\/v2\/types\/post"}],"author":[{"embeddable":true,"href":"https:\/\/jorgezanoni.com.br\/2019\/wp-json\/wp\/v2\/users\/1"}],"replies":[{"embeddable":true,"href":"https:\/\/jorgezanoni.com.br\/2019\/wp-json\/wp\/v2\/comments?post=79087"}],"version-history":[{"count":1,"href":"https:\/\/jorgezanoni.com.br\/2019\/wp-json\/wp\/v2\/posts\/79087\/revisions"}],"predecessor-version":[{"id":79089,"href":"https:\/\/jorgezanoni.com.br\/2019\/wp-json\/wp\/v2\/posts\/79087\/revisions\/79089"}],"wp:featuredmedia":[{"embeddable":true,"href":"https:\/\/jorgezanoni.com.br\/2019\/wp-json\/wp\/v2\/media\/79088"}],"wp:attachment":[{"href":"https:\/\/jorgezanoni.com.br\/2019\/wp-json\/wp\/v2\/media?parent=79087"}],"wp:term":[{"taxonomy":"category","embeddable":true,"href":"https:\/\/jorgezanoni.com.br\/2019\/wp-json\/wp\/v2\/categories?post=79087"},{"taxonomy":"post_tag","embeddable":true,"href":"https:\/\/jorgezanoni.com.br\/2019\/wp-json\/wp\/v2\/tags?post=79087"}],"curies":[{"name":"wp","href":"https:\/\/api.w.org\/{rel}","templated":true}]}}