{"id":79068,"date":"2023-08-14T14:26:49","date_gmt":"2023-08-14T14:26:49","guid":{"rendered":"https:\/\/jorgezanoni.com.br\/2019\/?p=79068"},"modified":"2023-08-14T14:26:49","modified_gmt":"2023-08-14T14:26:49","slug":"camara-municipal-discute-projetos-e-faz-homenagens-em-sessao-ordinaria","status":"publish","type":"post","link":"https:\/\/jorgezanoni.com.br\/2019\/camara-municipal-discute-projetos-e-faz-homenagens-em-sessao-ordinaria\/","title":{"rendered":"C\u00e2mara Municipal discute projetos e faz homenagens em sess\u00e3o ordin\u00e1ria"},"content":{"rendered":"<p style=\"text-align: justify;\"><strong><em>Ser\u00e3o entregues Diplomas de Honra ao M\u00e9rito \u00e0s bailarinas do \u201cGrupo Movimento\u201d.<\/em><\/strong><\/p>\n<p style=\"text-align: justify;\">A C\u00e2mara Municipal de Dracena realizar\u00e1 a 23\u00aa sess\u00e3o ordin\u00e1ria no dia 14 de agosto, a partir das 20h, no Plen\u00e1rio da C\u00e2mara. Na pauta, constam a discuss\u00e3o de dois projetos e homenagens \u00e0 comunidade local.<\/p>\n<p style=\"text-align: justify;\">Em segunda vota\u00e7\u00e3o, ser\u00e1 apreciado o Projeto de Lei Complementar n\u00ba 016, de 26\/06\/2023, de revoga\u00e7\u00e3o das Leis Complementares n\u00ba 293, de 1\u00ba\/08\/2008, e 294, de 1\u00ba\/08\/2008, que autorizavam o munic\u00edpio a doar um im\u00f3vel p\u00fablico \u00e0 Companhia de Desenvolvimento Habitacional e Urbano do Estado de S\u00e3o Paulo &#8211; CDHU.<\/p>\n<p style=\"text-align: justify;\">A decis\u00e3o se d\u00e1 em raz\u00e3o de n\u00e3o ter sido cumprido o prop\u00f3sito inicial dessas leis, que visavam a constru\u00e7\u00e3o de unidades habitacionais, conforme estabelecido na lei estadual n.\u00ba 905, de 18 de dezembro de 1975.<\/p>\n<p style=\"text-align: justify;\">J\u00e1 em primeira discuss\u00e3o e vota\u00e7\u00e3o, ser\u00e1 analisado o Projeto de Lei Complementar n\u00ba 014, de 26\/06\/2023, que disp\u00f5e sobre a altera\u00e7\u00e3o na Lei Complementar n\u00ba 540\/2022, especificamente sobre a refer\u00eancia salarial CC1.<\/p>\n<p style=\"text-align: justify;\">A altera\u00e7\u00e3o visa impactar positivamente a remunera\u00e7\u00e3o dos subprefeitos e dos secret\u00e1rios municipais adjuntos, com o objetivo de ajustar os vencimentos desses cargos \u00e0 alta demanda de trabalho a que est\u00e3o sujeitos, buscando garantir uma gest\u00e3o eficiente e qualificada.<\/p>\n<p style=\"text-align: justify;\"><strong>Entrega de Diplomas de Honra ao M\u00e9rito<\/strong><\/p>\n<p style=\"text-align: justify;\">Al\u00e9m da discuss\u00e3o dos projetos, a sess\u00e3o contar\u00e1 com a entrega de Diplomas de Honra ao M\u00e9rito \u00e0 professora e core\u00f3grafa Nayara Fonseca Ferreira Rizzo, bem como \u00e0s bailarinas integrantes do grupo de dan\u00e7a \u201cGrupo Movimento\u201d.<\/p>\n<p style=\"text-align: justify;\">Esta homenagem, aprovada por unanimidade na sess\u00e3o anterior, \u00e9 resultado da conquista do primeiro lugar no \u2018Festival Dan\u00e7ar a Vida\u2019 na cidade de Caraguatatuba\/SP, e tramitou na C\u00e2mara atrav\u00e9s do projeto de decreto legislativo n.\u00ba 2\/23, de autoria do vereador Rodrigo Parra.<\/p>\n<p style=\"text-align: justify;\"><strong>Acompanhe<\/strong><\/p>\n<p style=\"text-align: justify;\">Para consultar na \u00edntegra os projetos aprovados nesta sess\u00e3o, acesse o site oficial da C\u00e2mara Municipal de Dracena em\u00a0<a href=\"http:\/\/www.camaradracena.sp.gov.br\/\" target=\"_blank\" rel=\"noopener noreferrer\">www.camaradracena.sp.gov.br<\/a>.<\/p>\n<p style=\"text-align: justify;\">A 23\u00aa sess\u00e3o ordin\u00e1ria ser\u00e1 realizada na segunda-feira, 14 de agosto, a partir das 20h, na Casa de Leis, localizada na Rua Princesa Isabel n.\u00ba 1635. Os mun\u00edcipes podem acompanhar presencialmente ou on-line atrav\u00e9s dos meios de comunica\u00e7\u00e3o do legislativo no Facebook e YouTube.<\/p>\n<p>Fonte: Assessoria de Imprensa<\/p>\n","protected":false},"excerpt":{"rendered":"<p>Ser\u00e3o entregues Diplomas de Honra ao M\u00e9rito \u00e0s bailarinas do \u201cGrupo Movimento\u201d. A C\u00e2mara Municipal de Dracena realizar\u00e1 a 23\u00aa sess\u00e3o ordin\u00e1ria no dia 14 de agosto, a partir das 20h, no Plen\u00e1rio da C\u00e2mara. Na pauta, constam a discuss\u00e3o de dois projetos e homenagens \u00e0 comunidade local. Em segunda vota\u00e7\u00e3o, ser\u00e1 apreciado o Projeto [&hellip;]<\/p>\n","protected":false},"author":1,"featured_media":79069,"comment_status":"closed","ping_status":"open","sticky":false,"template":"","format":"standard","meta":{"footnotes":""},"categories":[110,116],"tags":[],"class_list":["post-79068","post","type-post","status-publish","format-standard","has-post-thumbnail","hentry","category-noticiasdestaque","category-politicaeeconomia"],"_links":{"self":[{"href":"https:\/\/jorgezanoni.com.br\/2019\/wp-json\/wp\/v2\/posts\/79068","targetHints":{"allow":["GET"]}}],"collection":[{"href":"https:\/\/jorgezanoni.com.br\/2019\/wp-json\/wp\/v2\/posts"}],"about":[{"href":"https:\/\/jorgezanoni.com.br\/2019\/wp-json\/wp\/v2\/types\/post"}],"author":[{"embeddable":true,"href":"https:\/\/jorgezanoni.com.br\/2019\/wp-json\/wp\/v2\/users\/1"}],"replies":[{"embeddable":true,"href":"https:\/\/jorgezanoni.com.br\/2019\/wp-json\/wp\/v2\/comments?post=79068"}],"version-history":[{"count":1,"href":"https:\/\/jorgezanoni.com.br\/2019\/wp-json\/wp\/v2\/posts\/79068\/revisions"}],"predecessor-version":[{"id":79070,"href":"https:\/\/jorgezanoni.com.br\/2019\/wp-json\/wp\/v2\/posts\/79068\/revisions\/79070"}],"wp:featuredmedia":[{"embeddable":true,"href":"https:\/\/jorgezanoni.com.br\/2019\/wp-json\/wp\/v2\/media\/79069"}],"wp:attachment":[{"href":"https:\/\/jorgezanoni.com.br\/2019\/wp-json\/wp\/v2\/media?parent=79068"}],"wp:term":[{"taxonomy":"category","embeddable":true,"href":"https:\/\/jorgezanoni.com.br\/2019\/wp-json\/wp\/v2\/categories?post=79068"},{"taxonomy":"post_tag","embeddable":true,"href":"https:\/\/jorgezanoni.com.br\/2019\/wp-json\/wp\/v2\/tags?post=79068"}],"curies":[{"name":"wp","href":"https:\/\/api.w.org\/{rel}","templated":true}]}}