{"id":79021,"date":"2023-08-11T16:43:39","date_gmt":"2023-08-11T16:43:39","guid":{"rendered":"https:\/\/jorgezanoni.com.br\/2019\/?p=79021"},"modified":"2023-08-11T16:44:32","modified_gmt":"2023-08-11T16:44:32","slug":"a-partir-de-setembro-dracena-passa-a-contar-com-zona-azul","status":"publish","type":"post","link":"https:\/\/jorgezanoni.com.br\/2019\/a-partir-de-setembro-dracena-passa-a-contar-com-zona-azul\/","title":{"rendered":"A partir de setembro Dracena passa a contar com Zona Azul"},"content":{"rendered":"<div style=\"text-align: justify;\"><strong>Vagas de trabalho (de 35 a 50), ser\u00e3o oferecidas com a implanta\u00e7\u00e3o do D Park que vai oferecer maior organiza\u00e7\u00e3o no tr\u00e2nsito e principalmente vagas.<\/strong><\/div>\n<div style=\"text-align: justify;\"><\/div>\n<div class=\"ntc_resumo_noticia sw_lato_bold\" style=\"text-align: justify;\">A empresa ASG Engenharia, de Ara\u00e7atuba foi a vencedora do processo licitat\u00f3rio da Prefeitura de Dracena e ganhou o direito de concess\u00e3o para administrar a Zona Azul. \u00a0O projeto na cidade ser\u00e1 denominado D Park.<\/div>\n<div style=\"text-align: justify;\"><\/div>\n<div class=\"ntc_descricao_noticia\" style=\"text-align: justify;\">\n<div class=\"ntc_cont_descricao_noticia sw_txteditor\">\n<div>O prefeito Andr\u00e9 Lemos recebeu na quarta-feira, 09\/08, no gabinete municipal, o propriet\u00e1rio da ASG Val\u00e9rio Henrique Fran\u00e7a, que apresentou alguns detalhes sobre a implanta\u00e7\u00e3o do servi\u00e7o.<\/div>\n<div>O processo de sele\u00e7\u00e3o para os cargos da Zona Azul j\u00e1 est\u00e1 sendo iniciado e os curr\u00edculos ser\u00e3o captados atrav\u00e9s do e-mail &#8211; zonaazul@perfilempregos.com.br (colocar no assunto o cargo). Site: www.perfilempregos.com.br (o candidato que tiver cadastro na ag\u00eancia pode fazer o login e encaminhar o curr\u00edculo). Curr\u00edculos impressos poder\u00e3o ser deixados diretamente na ag\u00eancia &#8211; Rua Brasil, 1.420 &#8211; Sala 02 Centro. Os telefones para contato s\u00e3o: (18) 99622-3655 \u2013 3822-5256.<\/div>\n<div>O prefeito Andr\u00e9 Lemos pontuou a import\u00e2ncia de tal projeto para a cidade. \u201c\u00c9 mais um avan\u00e7o da nossa administra\u00e7\u00e3o, estamos gerando renda local fazendo a economia ficar ativa, com o oferecimento de novas vagas de trabalho para o mercado, e sem falar na organiza\u00e7\u00e3o do tr\u00e2nsito, principalmente na \u00e1rea central da cidade, onde est\u00e3o a maioria dos com\u00e9rcios, facilitando o estacionamento para quem necessita, para os visitantes no nosso com\u00e9rcio\u201d.<\/div>\n<div><\/div>\n<\/div>\n<\/div>\n<div style=\"text-align: justify;\"><strong>REUNI\u00c3O COM A INFRAESTRUTURA<\/strong><br \/>\nO secret\u00e1rio Lu\u00eds Antonio Cavalcante (Farinha), da pasta de Infraestrutura, Habita\u00e7\u00e3o, Assuntos Vi\u00e1rios se reuniu com a dire\u00e7\u00e3o da empresa ASG, representada pelo propriet\u00e1rio Val\u00e9rio Henrique Fran\u00e7a, nesta quinta-feira, 10\/08, para tratar sobre a instala\u00e7\u00e3o da Zona Azul.<\/div>\n<div style=\"text-align: justify;\">Durante a reuni\u00e3o foi apresentado pela empresa o projeto atual dos estacionamentos, iniciando assim o processo de come\u00e7ar a implantar o sistema. Foram passadas as diretrizes do funcionamento de todo o sistema, \u00a0ao secret\u00e1rio Farinha e \u00e0 diretora de Habita\u00e7\u00e3o do munic\u00edpio Bruna Barbosa e ao diretor de Tr\u00e2nsito e fiscal de toda implanta\u00e7\u00e3o do projeto, An\u00edsio de Almeida.<\/div>\n<div><\/div>\n<div><img loading=\"lazy\" decoding=\"async\" class=\"alignnone size-full wp-image-79022\" src=\"https:\/\/jorgezanoni.com.br\/2019\/wp-content\/uploads\/2023\/08\/zona-1.jpg\" alt=\"\" width=\"800\" height=\"555\" srcset=\"https:\/\/jorgezanoni.com.br\/2019\/wp-content\/uploads\/2023\/08\/zona-1.jpg 800w, https:\/\/jorgezanoni.com.br\/2019\/wp-content\/uploads\/2023\/08\/zona-1-300x208.jpg 300w, https:\/\/jorgezanoni.com.br\/2019\/wp-content\/uploads\/2023\/08\/zona-1-768x533.jpg 768w, https:\/\/jorgezanoni.com.br\/2019\/wp-content\/uploads\/2023\/08\/zona-1-100x70.jpg 100w, https:\/\/jorgezanoni.com.br\/2019\/wp-content\/uploads\/2023\/08\/zona-1-218x150.jpg 218w, https:\/\/jorgezanoni.com.br\/2019\/wp-content\/uploads\/2023\/08\/zona-1-696x483.jpg 696w, https:\/\/jorgezanoni.com.br\/2019\/wp-content\/uploads\/2023\/08\/zona-1-605x420.jpg 605w\" sizes=\"auto, (max-width: 800px) 100vw, 800px\" \/><\/div>\n<div><\/div>\n<div>Fonte: Diretoria de Comunica\u00e7\u00e3o<\/div>\n","protected":false},"excerpt":{"rendered":"<p>Vagas de trabalho (de 35 a 50), ser\u00e3o oferecidas com a implanta\u00e7\u00e3o do D Park que vai oferecer maior organiza\u00e7\u00e3o no tr\u00e2nsito e principalmente vagas. A empresa ASG Engenharia, de Ara\u00e7atuba foi a vencedora do processo licitat\u00f3rio da Prefeitura de Dracena e ganhou o direito de concess\u00e3o para administrar a Zona Azul. \u00a0O projeto na [&hellip;]<\/p>\n","protected":false},"author":1,"featured_media":79023,"comment_status":"closed","ping_status":"open","sticky":false,"template":"","format":"standard","meta":{"footnotes":""},"categories":[179,184,110],"tags":[],"class_list":["post-79021","post","type-post","status-publish","format-standard","has-post-thumbnail","hentry","category-cidadeseregiao","category-dracena","category-noticiasdestaque"],"_links":{"self":[{"href":"https:\/\/jorgezanoni.com.br\/2019\/wp-json\/wp\/v2\/posts\/79021","targetHints":{"allow":["GET"]}}],"collection":[{"href":"https:\/\/jorgezanoni.com.br\/2019\/wp-json\/wp\/v2\/posts"}],"about":[{"href":"https:\/\/jorgezanoni.com.br\/2019\/wp-json\/wp\/v2\/types\/post"}],"author":[{"embeddable":true,"href":"https:\/\/jorgezanoni.com.br\/2019\/wp-json\/wp\/v2\/users\/1"}],"replies":[{"embeddable":true,"href":"https:\/\/jorgezanoni.com.br\/2019\/wp-json\/wp\/v2\/comments?post=79021"}],"version-history":[{"count":2,"href":"https:\/\/jorgezanoni.com.br\/2019\/wp-json\/wp\/v2\/posts\/79021\/revisions"}],"predecessor-version":[{"id":79025,"href":"https:\/\/jorgezanoni.com.br\/2019\/wp-json\/wp\/v2\/posts\/79021\/revisions\/79025"}],"wp:featuredmedia":[{"embeddable":true,"href":"https:\/\/jorgezanoni.com.br\/2019\/wp-json\/wp\/v2\/media\/79023"}],"wp:attachment":[{"href":"https:\/\/jorgezanoni.com.br\/2019\/wp-json\/wp\/v2\/media?parent=79021"}],"wp:term":[{"taxonomy":"category","embeddable":true,"href":"https:\/\/jorgezanoni.com.br\/2019\/wp-json\/wp\/v2\/categories?post=79021"},{"taxonomy":"post_tag","embeddable":true,"href":"https:\/\/jorgezanoni.com.br\/2019\/wp-json\/wp\/v2\/tags?post=79021"}],"curies":[{"name":"wp","href":"https:\/\/api.w.org\/{rel}","templated":true}]}}