{"id":7896,"date":"2019-10-04T16:50:39","date_gmt":"2019-10-04T16:50:39","guid":{"rendered":"https:\/\/jorgezanoni.com.br\/2019\/?p=7896"},"modified":"2019-10-04T16:50:39","modified_gmt":"2019-10-04T16:50:39","slug":"policia-civil-conclui-inquerito-sobre-cartas-de-faccao-criminosa-com-planos-para-matar-promotor-de-justica-e-indicia-tres-presos","status":"publish","type":"post","link":"https:\/\/jorgezanoni.com.br\/2019\/policia-civil-conclui-inquerito-sobre-cartas-de-faccao-criminosa-com-planos-para-matar-promotor-de-justica-e-indicia-tres-presos\/","title":{"rendered":"Pol\u00edcia Civil conclui inqu\u00e9rito sobre cartas de fac\u00e7\u00e3o criminosa com planos para matar promotor de Justi\u00e7a e indicia tr\u00eas presos"},"content":{"rendered":"<h2 class=\"content-head__subtitle\" style=\"text-align: justify;\"><strong>Investiga\u00e7\u00e3o foi finalizada com o indiciamento de tr\u00eas homens que cumpriam pena na Penitenci\u00e1ria de Junqueir\u00f3polis, onde as correspond\u00eancias foram encontradas.<\/strong><\/h2>\n<p style=\"text-align: justify;\"><img loading=\"lazy\" decoding=\"async\" class=\"alignnone size-full wp-image-7897\" src=\"https:\/\/jorgezanoni.com.br\/2019\/wp-content\/uploads\/2019\/10\/cartas.jpg\" alt=\"\" width=\"1000\" height=\"567\" srcset=\"https:\/\/jorgezanoni.com.br\/2019\/wp-content\/uploads\/2019\/10\/cartas.jpg 1000w, https:\/\/jorgezanoni.com.br\/2019\/wp-content\/uploads\/2019\/10\/cartas-300x170.jpg 300w, https:\/\/jorgezanoni.com.br\/2019\/wp-content\/uploads\/2019\/10\/cartas-768x435.jpg 768w, https:\/\/jorgezanoni.com.br\/2019\/wp-content\/uploads\/2019\/10\/cartas-696x395.jpg 696w, https:\/\/jorgezanoni.com.br\/2019\/wp-content\/uploads\/2019\/10\/cartas-741x420.jpg 741w\" sizes=\"auto, (max-width: 1000px) 100vw, 1000px\" \/>Cartas foram apreendidas na Penitenci\u00e1ria de Junqueir\u00f3polis (SP) \u2014 Foto: Reprodu\u00e7\u00e3o\/TV Fronteira<\/p>\n<div class=\"mc-column content-text active-extra-styles \" style=\"text-align: justify;\" data-block-type=\"unstyled\" data-block-weight=\"77\" data-block-id=\"2\">\n<p class=\"content-text__container \" data-track-category=\"Link no Texto\" data-track-links=\"\">A Pol\u00edcia Civil concluiu nesta quinta-feira (3) o inqu\u00e9rito policial que investigou cartas da fac\u00e7\u00e3o criminosa Primeiro Comando da Capital (PCC) apreendidas na Penitenci\u00e1ria de\u00a0<a href=\"https:\/\/g1.globo.com\/sp\/presidente-prudente-regiao\/cidade\/junqueiropolis\/\">Junqueir\u00f3polis (SP)<\/a>\u00a0e que possu\u00edam amea\u00e7as de morte contra o promotor de Justi\u00e7a do Grupo de Atua\u00e7\u00e3o Especial de Combate ao Crime Organizado (Gaeco) do Minist\u00e9rio P\u00fablico Estadual (MPE), Lincoln Gakiya, o coordenador de pres\u00eddios Roberto Medina e outros profissionais ligados \u00e0 Secretaria da Administra\u00e7\u00e3o Penitenci\u00e1ria do Estado de S\u00e3o Paulo (SAP).<\/p>\n<\/div>\n<div class=\"wall protected-content\" style=\"text-align: justify;\">\n<div class=\"mc-column content-text active-extra-styles \" data-block-type=\"unstyled\" data-block-weight=\"13\" data-block-id=\"3\">\n<p class=\"content-text__container \" data-track-category=\"Link no Texto\" data-track-links=\"\">Tr\u00eas homens, todos presos, foram indiciados pelos crimes de organiza\u00e7\u00e3o criminosa e amea\u00e7a.<\/p>\n<\/div>\n<div class=\"mc-column content-text active-extra-styles \" data-block-type=\"unstyled\" data-block-weight=\"29\" data-block-id=\"4\">\n<p class=\"content-text__container \" data-track-category=\"Link no Texto\" data-track-links=\"\">O delegado respons\u00e1vel pela investiga\u00e7\u00e3o, Eliandro Renato dos Santos, informou ao\u00a0<strong>G1\u00a0<\/strong>que foram apreendidas em janeiro deste ano tr\u00eas cartas relacionadas \u00e0 fac\u00e7\u00e3o criminosa na Penitenci\u00e1ria de Junqueir\u00f3polis.<\/p>\n<\/div>\n<div class=\"mc-column content-text active-extra-styles \" data-block-type=\"unstyled\" data-block-weight=\"24\" data-block-id=\"5\">\n<p class=\"content-text__container \" data-track-category=\"Link no Texto\" data-track-links=\"\">\u201cTodas elas [cartas] continham amea\u00e7as, inclusive, com mapas e procedimentos a serem adotados para tirar a vida dos agentes p\u00fablicos\u201d, afirmou Santos ao\u00a0<strong>G1<\/strong>.<\/p>\n<\/div>\n<div class=\"mc-column content-text active-extra-styles \" data-block-type=\"unstyled\" data-block-weight=\"27\" data-block-id=\"6\">\n<p class=\"content-text__container \" data-track-category=\"Link no Texto\" data-track-links=\"\">Com a conclus\u00e3o, o inqu\u00e9rito foi encaminhado para o F\u00f3rum da Comarca de Junqueir\u00f3polis para manifesta\u00e7\u00e3o do Minist\u00e9rio P\u00fablico e an\u00e1lise do Poder Judici\u00e1rio sobre o caso.<\/p>\n<\/div>\n<div class=\"mc-column content-text active-extra-styles \" data-block-type=\"unstyled\" data-block-weight=\"37\" data-block-id=\"7\">\n<p class=\"content-text__container \" data-track-category=\"Link no Texto\" data-track-links=\"\">Atualmente, dois dos indiciados encontram-se presos no Centro de Readapta\u00e7\u00e3o Penitenci\u00e1ria (CRP), em Presidente Bernardes (SP), onde funciona o Regime Disciplinar Diferenciado (RDD). J\u00e1 o terceiro envolvido, est\u00e1 na Penitenci\u00e1ria 2 de Mirand\u00f3polis (SP), segundo a SAP.<\/p>\n<\/div>\n<div class=\"mc-column content-text active-extra-styles\" data-block-type=\"raw\" data-block-weight=\"59\" data-block-id=\"9\">\n<ul class=\"content-unordered-list\">\n<li><a href=\"https:\/\/g1.globo.com\/sp\/sao-paulo\/noticia\/2018\/12\/10\/cartas-de-faccao-revelam-plano-para-matar-promotor-e-coordenador-de-presidios-de-sp.ghtml\">Cartas de fac\u00e7\u00e3o revelam plano para matar promotor e coordenador de pres\u00eddios de SP<\/a><\/li>\n<li><a href=\"https:\/\/g1.globo.com\/sp\/sao-paulo\/noticia\/2019\/01\/25\/nova-carta-de-faccao-criminosa-com-ordens-para-matar-promotor-e-coordenador-de-presidios-de-sp-e-apreendida.ghtml\">Nova carta de fac\u00e7\u00e3o criminosa com ordens para matar promotor e coordenador de pres\u00eddios de SP \u00e9 apreendida<\/a><\/li>\n<li><a href=\"https:\/\/g1.globo.com\/sp\/sao-paulo\/noticia\/2019\/02\/13\/22-integrantes-de-faccao-criminosa-de-sp-sao-transferidos-para-presidios-federais.ghtml\">Marcola, chefe de fac\u00e7\u00e3o criminosa de SP, e mais 21 presos s\u00e3o transferidos para penitenci\u00e1rias federais<\/a><\/li>\n<li><a href=\"https:\/\/g1.globo.com\/fantastico\/noticia\/2019\/09\/15\/cartas-mostram-plano-de-faccao-criminosa-para-matar-promotor-de-justica.ghtml\">Cartas mostram plano de fac\u00e7\u00e3o criminosa para matar promotor de Justi\u00e7a<\/a><\/li>\n<\/ul>\n<p style=\"text-align: justify;\"><img loading=\"lazy\" decoding=\"async\" class=\"alignnone size-full wp-image-7898\" src=\"https:\/\/jorgezanoni.com.br\/2019\/wp-content\/uploads\/2019\/10\/cartas1.jpg\" alt=\"\" width=\"1000\" height=\"685\" srcset=\"https:\/\/jorgezanoni.com.br\/2019\/wp-content\/uploads\/2019\/10\/cartas1.jpg 1000w, https:\/\/jorgezanoni.com.br\/2019\/wp-content\/uploads\/2019\/10\/cartas1-300x206.jpg 300w, https:\/\/jorgezanoni.com.br\/2019\/wp-content\/uploads\/2019\/10\/cartas1-768x526.jpg 768w, https:\/\/jorgezanoni.com.br\/2019\/wp-content\/uploads\/2019\/10\/cartas1-100x70.jpg 100w, https:\/\/jorgezanoni.com.br\/2019\/wp-content\/uploads\/2019\/10\/cartas1-218x150.jpg 218w, https:\/\/jorgezanoni.com.br\/2019\/wp-content\/uploads\/2019\/10\/cartas1-696x477.jpg 696w, https:\/\/jorgezanoni.com.br\/2019\/wp-content\/uploads\/2019\/10\/cartas1-613x420.jpg 613w\" sizes=\"auto, (max-width: 1000px) 100vw, 1000px\" \/>Carta apreendida com integrantes de fac\u00e7\u00e3o tem amea\u00e7as a promotor \u2014 Foto: Reprodu\u00e7\u00e3o<\/p>\n<div class=\"mc-column content-text active-extra-styles\" style=\"text-align: justify;\" data-block-type=\"raw\" data-block-weight=\"2\" data-block-id=\"11\">\n<div class=\"content-intertitle\">\n<h2>Outras cartas<\/h2>\n<\/div>\n<\/div>\n<div class=\"mc-column content-text active-extra-styles \" style=\"text-align: justify;\" data-block-type=\"unstyled\" data-block-weight=\"47\" data-block-id=\"12\">\n<p class=\"content-text__container \" data-track-category=\"Link no Texto\" data-track-links=\"\">O promotor Lincoln Gakiya foi o autor do pedido que levou \u00e0 transfer\u00eancia,\u00a0<a href=\"https:\/\/g1.globo.com\/sp\/sao-paulo\/noticia\/2019\/02\/13\/22-integrantes-de-faccao-criminosa-de-sp-sao-transferidos-para-presidios-federais.ghtml\">em fevereiro deste ano, de 22 l\u00edderes da maior fac\u00e7\u00e3o criminosa paulista,\u00a0<\/a>entre eles Marcos Willians Herbas Camacho, o Marcola, de unidades prisionais do Estado de S\u00e3o Paulo para pres\u00eddios federais de seguran\u00e7a m\u00e1xima.<\/p>\n<\/div>\n<div class=\"mc-column content-text active-extra-styles \" style=\"text-align: justify;\" data-block-type=\"unstyled\" data-block-weight=\"30\" data-block-id=\"13\">\n<p class=\"content-text__container \" data-track-category=\"Link no Texto\" data-track-links=\"\">A opera\u00e7\u00e3o in\u00e9dita foi realizada depois que o Minist\u00e9rio P\u00fablico descobriu um plano da fac\u00e7\u00e3o para resgatar os principais l\u00edderes que estavam presos na Penitenci\u00e1ria 2 de\u00a0<a href=\"https:\/\/g1.globo.com\/sp\/presidente-prudente-regiao\/cidade\/presidente-venceslau\/\">Presidente Venceslau (SP)<\/a>.<\/p>\n<\/div>\n<div class=\"mc-column content-text active-extra-styles \" style=\"text-align: justify;\" data-block-type=\"unstyled\" data-block-weight=\"40\" data-block-id=\"14\">\n<p class=\"content-text__container \" data-track-category=\"Link no Texto\" data-track-links=\"\">Em dezembro do ano passado,\u00a0<a href=\"https:\/\/g1.globo.com\/sp\/sao-paulo\/noticia\/2018\/12\/10\/cartas-de-faccao-revelam-plano-para-matar-promotor-e-coordenador-de-presidios-de-sp.ghtml\">a Pol\u00edcia Militar tamb\u00e9m apreendeu cartas do PCC<\/a>\u00a0que revelavam um plano para matar o promotor que combate a fac\u00e7\u00e3o no interior de S\u00e3o Paulo e o coordenador dos pres\u00eddios da regi\u00e3o oeste do Estado.<\/p>\n<\/div>\n<div class=\"mc-column content-text active-extra-styles \" style=\"text-align: justify;\" data-block-type=\"unstyled\" data-block-weight=\"22\" data-block-id=\"15\">\n<p class=\"content-text__container \" data-track-category=\"Link no Texto\" data-track-links=\"\">As cartas escritas de forma codificada foram interceptadas com duas mulheres de presos no dia 8 de dezembro em Presidente Venceslau.<\/p>\n<p class=\"content-text__container \" data-track-category=\"Link no Texto\" data-track-links=\"\">Ap\u00f3s tais amea\u00e7as, <a href=\"https:\/\/g1.globo.com\/fantastico\/noticia\/2019\/09\/15\/cartas-mostram-plano-de-faccao-criminosa-para-matar-promotor-de-justica.ghtml\">a seguran\u00e7a pessoal do promotor Lincoln Gakiya foi refor\u00e7ada<\/a>.<\/p>\n<\/div>\n<div class=\"mc-column content-text active-extra-styles \" data-block-type=\"unstyled\" data-block-weight=\"28\" data-block-id=\"18\">\n<p class=\"content-text__container \" data-track-category=\"Link no Texto\" data-track-links=\"\"><a href=\"https:\/\/g1.globo.com\/sp\/sao-paulo\/noticia\/2019\/01\/25\/nova-carta-de-faccao-criminosa-com-ordens-para-matar-promotor-e-coordenador-de-presidios-de-sp-e-apreendida.ghtml\">Em uma das cartas apreendidas em Junqueir\u00f3polis<\/a>, os criminosos explicam como deve ser o planejamento para atacar o coordenador de pres\u00eddios Roberto Medina e o diretor Luiz Bizzoto.<\/p>\n<\/div>\n<div class=\"mc-column content-text active-extra-styles \" data-block-type=\"unstyled\" data-block-weight=\"40\" data-block-id=\"19\">\n<p class=\"content-text__container \" data-track-category=\"Link no Texto\" data-track-links=\"\">&#8220;Eu entendi tudo sobre o mapa, mas voces t\u00eam que montar por ordem: placam cor do carro, hor\u00e1rios, rua, n\u00famero da casa. \u00c9 a mesma fita, monta o maoa e manda pros respons\u00e1vel [sic]&#8221;, diz trecho de um dos manuscritos.<\/p>\n<\/div>\n<div class=\"mc-column content-text active-extra-styles \" data-block-type=\"unstyled\" data-block-weight=\"36\" data-block-id=\"20\">\n<p class=\"content-text__container \" data-track-category=\"Link no Texto\" data-track-links=\"\">Sobre o diretor Maur\u00edcio Souza, a carta diz: &#8220;j\u00e1 t\u00e1 tudo no pente, \u00e9 s\u00f3 executar. Esse cara t\u00e1 tirando, t\u00e1 duvidando das nossas for\u00e7as, pode p\u00e1 matando ele. Os outros n\u00e3o v\u00e3o pagar pra ver&#8221;.<\/p>\n<p data-track-category=\"Link no Texto\" data-track-links=\"\">Fonte: G1<\/p>\n<\/div>\n<\/div>\n<\/div>\n<p style=\"text-align: justify;\">\n","protected":false},"excerpt":{"rendered":"<p>Investiga\u00e7\u00e3o foi finalizada com o indiciamento de tr\u00eas homens que cumpriam pena na Penitenci\u00e1ria de Junqueir\u00f3polis, onde as correspond\u00eancias foram encontradas. Cartas foram apreendidas na Penitenci\u00e1ria de Junqueir\u00f3polis (SP) \u2014 Foto: Reprodu\u00e7\u00e3o\/TV Fronteira A Pol\u00edcia Civil concluiu nesta quinta-feira (3) o inqu\u00e9rito policial que investigou cartas da fac\u00e7\u00e3o criminosa Primeiro Comando da Capital (PCC) apreendidas [&hellip;]<\/p>\n","protected":false},"author":1,"featured_media":7899,"comment_status":"closed","ping_status":"open","sticky":false,"template":"","format":"standard","meta":{"footnotes":""},"categories":[110,2],"tags":[],"class_list":["post-7896","post","type-post","status-publish","format-standard","has-post-thumbnail","hentry","category-noticiasdestaque","category-policial"],"_links":{"self":[{"href":"https:\/\/jorgezanoni.com.br\/2019\/wp-json\/wp\/v2\/posts\/7896","targetHints":{"allow":["GET"]}}],"collection":[{"href":"https:\/\/jorgezanoni.com.br\/2019\/wp-json\/wp\/v2\/posts"}],"about":[{"href":"https:\/\/jorgezanoni.com.br\/2019\/wp-json\/wp\/v2\/types\/post"}],"author":[{"embeddable":true,"href":"https:\/\/jorgezanoni.com.br\/2019\/wp-json\/wp\/v2\/users\/1"}],"replies":[{"embeddable":true,"href":"https:\/\/jorgezanoni.com.br\/2019\/wp-json\/wp\/v2\/comments?post=7896"}],"version-history":[{"count":0,"href":"https:\/\/jorgezanoni.com.br\/2019\/wp-json\/wp\/v2\/posts\/7896\/revisions"}],"wp:featuredmedia":[{"embeddable":true,"href":"https:\/\/jorgezanoni.com.br\/2019\/wp-json\/wp\/v2\/media\/7899"}],"wp:attachment":[{"href":"https:\/\/jorgezanoni.com.br\/2019\/wp-json\/wp\/v2\/media?parent=7896"}],"wp:term":[{"taxonomy":"category","embeddable":true,"href":"https:\/\/jorgezanoni.com.br\/2019\/wp-json\/wp\/v2\/categories?post=7896"},{"taxonomy":"post_tag","embeddable":true,"href":"https:\/\/jorgezanoni.com.br\/2019\/wp-json\/wp\/v2\/tags?post=7896"}],"curies":[{"name":"wp","href":"https:\/\/api.w.org\/{rel}","templated":true}]}}