{"id":78911,"date":"2023-08-05T19:00:45","date_gmt":"2023-08-05T19:00:45","guid":{"rendered":"https:\/\/jorgezanoni.com.br\/2019\/?p=78911"},"modified":"2023-08-05T19:01:52","modified_gmt":"2023-08-05T19:01:52","slug":"coz-jeans-da-fabrica-para-o-consumidor","status":"publish","type":"post","link":"https:\/\/jorgezanoni.com.br\/2019\/coz-jeans-da-fabrica-para-o-consumidor\/","title":{"rendered":"C\u00d3Z JEANS: Da F\u00e1brica para o Consumidor&#8230;"},"content":{"rendered":"<p style=\"text-align: justify;\"><strong><em>\u201cEu quero morrer de jeans.\u201d (<\/em><\/strong><a href=\"https:\/\/www.pensador.com\/autor\/andy_warhol\/\"><strong><em>Andy Warhol<\/em><\/strong><\/a><strong><em>)<\/em><\/strong><strong><em>\u00a0<\/em><\/strong><\/p>\n<p style=\"text-align: justify;\"><strong><em>\u201cCoisas que nunca saem de moda: Jeans, Vestido Preto e Sorrisos.\u201d (<\/em><\/strong><a href=\"https:\/\/www.pensador.com\/autor\/camila_kayane_medeiros\/\"><strong><em>Camila Kayane Medeiros<\/em><\/strong><\/a><strong><em>)<\/em><\/strong><strong><em>\u00a0<\/em><\/strong><\/p>\n<p style=\"text-align: justify;\"><strong>S\u00e9rgio Barbosa \/ ACEA<\/strong><strong><em>\u00a0<\/em><\/strong><\/p>\n<p style=\"text-align: justify;\">A maioria das ORGANIZA\u00c7\u00d5ES possuem em suas trajet\u00f3rias muitas HIST\u00d3RIAS sobre o in\u00edcio das atividades, bem como, aquelas PERSONAGENS que fizeram e ainda, fazem parte do DESENVOLVIMENTO organizacional&#8230;<\/p>\n<p style=\"text-align: justify;\">Na realidade, todas as iniciativas s\u00e3o pautadas pelos DESAFIOS daquele momento, por\u00e9m, existem sempre aqueles DETALHES que os CLIENTES, FORNECEDORES e COLABORADORES\/AS desconhecem sobre aqueles\/as que foram os\/as PIONEIROS\/AS no MERCADO&#8230;<\/p>\n<p style=\"text-align: justify;\">Tais observa\u00e7\u00f5es s\u00e3o mais do que necess\u00e1rias para que o P\u00daBLICO EM GERAL possa estar em sintonia com os fatos que ocorreram sobre a ORGANIZA\u00c7\u00c3O, ainda, procurar ficar mais pr\u00f3ximo do PRODUTO que est\u00e1 sendo comercializado, tendo em vista que sempre existe uma BOA HIST\u00d3RIA por tr\u00e1s daquela compra e assim por diante&#8230;<\/p>\n<p style=\"text-align: justify;\">Neste cen\u00e1rio que envolve aspectos hist\u00f3ricos e vontade de vencer os DESAFIOS, surgiu a C\u00d3Z JEANS no ano de 2.017 em Adamantina, depois, Tup\u00e3 e Dracena&#8230;<\/p>\n<p style=\"text-align: justify;\">O Projeto C\u00d3Z foi idealizado pelo Empres\u00e1rio JOS\u00c9 ROM\u00c3O DA SILVA com apoio da esposa, LUCILENE PALONI na \u00e1rea COMERCIAL, bem como, tendo como OBJETIVO PRINCIPAL a produ\u00e7\u00e3o\/confec\u00e7\u00e3o de um PRODUTO (Jeans) que fosse DIRETO para o P\u00daBLICO CONSUMIDOR, ainda, por meio de PRE\u00c7OS ACESS\u00cdVEIS para o MERCADO&#8230;<\/p>\n<p style=\"text-align: justify;\">Neste contexto que envolve diversos aspectos COMERCIAIS para a C\u00d3Z JEANS, deve-se considerar que os DESAFIOS est\u00e3o sendo vencidos, tendo em vista a INAUGURA\u00c7\u00c3O da primeira LOJA fora do estado de S\u00e3o Paulo na cidade catarinense de CAMBORI\u00da em 2.022&#8230;<\/p>\n<p style=\"text-align: justify;\">A proposta comercial da C\u00d3Z est\u00e1 de acordo com o in\u00edcio do PROJETO, ou seja, TER E OFERECER um produto que atenda \u00e0s necessidades dos CLIENTES naquele exato momento da COMPRA&#8230;<\/p>\n<p style=\"text-align: justify;\">De acordo com LUCILENE, \u201co Projeto C\u00d3Z est\u00e1 avan\u00e7ando e sendo iluminado por Deus em primeiro lugar e n\u00f3s estamos aqui fazendo o melhor para que a MARCA fique cada vez mais conhecida no mercado\u201d, portanto, deve-se considerar que a C\u00d3Z JEANS continua fazendo a diferen\u00e7a para o P\u00daBLICO ALVO neste tempo novo tempo que se chama hoje&#8230;<\/p>\n<p style=\"text-align: justify;\">O Empres\u00e1rio ROM\u00c3O \u00e9 o respons\u00e1vel pela PRODU\u00c7\u00c3O das atividades desenvolvidas pela C\u00d3Z, ainda, na \u00e1rea de VENDAS, tem a presen\u00e7a da LUCILENE, bem como, com uma EQUIPE de colaboradoras\/es como VENDEDORAS\/ES e ATENDENTES em todas as LOJAS que fazem parte da REDE C\u00d3Z JEANS&#8230;<\/p>\n<p style=\"text-align: justify;\">S\u00e3o diversos PRODUTOS oferecidos para os CLIENTES de acordo com a produ\u00e7\u00e3o de JEANS, tais como: cal\u00e7as, bermudas e camisas, ainda, para consumidores\/as masculino ou feminino (adultos, jovens adolescentes e infantil)&#8230;<\/p>\n<p style=\"text-align: justify;\">N\u00e3o se pode deixar de lado que a FAM\u00cdLIA est\u00e1 mais do que presente em todas as atividades desenvolvidas pela C\u00d3Z JEANS, pois, al\u00e9m da presen\u00e7a dos pais no comando, ROM\u00c3O e LUCILENE, tem a presen\u00e7a do LUIZ HENRIQUE e da MARIA CLARA, tamb\u00e9m, dos netos, JO\u00c3O VICTOR; BEATRIZ e ARTHUR&#8230;<\/p>\n<p style=\"text-align: justify;\">A expans\u00e3o da C\u00d3Z JEANS vem ocorrendo por meio das diversas LOJAS FRANQUEADAS em n\u00edvel estadual, assim, a MARCA deve continuar se consolidando cada vez mais no MERCADO em tempo de p\u00f3s-globaliza\u00e7\u00e3o ORGANIZACIONAL&#8230;<\/p>\n<p><strong><em>Ao FERNANDO (in memoriam), dedico<\/em><\/strong><\/p>\n<p><img loading=\"lazy\" decoding=\"async\" class=\"alignnone size-full wp-image-78912\" src=\"https:\/\/jorgezanoni.com.br\/2019\/wp-content\/uploads\/2023\/08\/coz1-Pequeno.jpg\" alt=\"\" width=\"720\" height=\"480\" srcset=\"https:\/\/jorgezanoni.com.br\/2019\/wp-content\/uploads\/2023\/08\/coz1-Pequeno.jpg 720w, https:\/\/jorgezanoni.com.br\/2019\/wp-content\/uploads\/2023\/08\/coz1-Pequeno-300x200.jpg 300w, https:\/\/jorgezanoni.com.br\/2019\/wp-content\/uploads\/2023\/08\/coz1-Pequeno-696x464.jpg 696w, https:\/\/jorgezanoni.com.br\/2019\/wp-content\/uploads\/2023\/08\/coz1-Pequeno-630x420.jpg 630w\" sizes=\"auto, (max-width: 720px) 100vw, 720px\" \/> <img loading=\"lazy\" decoding=\"async\" class=\"alignnone size-full wp-image-78914\" src=\"https:\/\/jorgezanoni.com.br\/2019\/wp-content\/uploads\/2023\/08\/coz4-Pequeno.jpg\" alt=\"\" width=\"480\" height=\"849\" srcset=\"https:\/\/jorgezanoni.com.br\/2019\/wp-content\/uploads\/2023\/08\/coz4-Pequeno.jpg 480w, https:\/\/jorgezanoni.com.br\/2019\/wp-content\/uploads\/2023\/08\/coz4-Pequeno-170x300.jpg 170w, https:\/\/jorgezanoni.com.br\/2019\/wp-content\/uploads\/2023\/08\/coz4-Pequeno-237x420.jpg 237w\" sizes=\"auto, (max-width: 480px) 100vw, 480px\" \/> <img loading=\"lazy\" decoding=\"async\" class=\"alignnone size-full wp-image-78915\" src=\"https:\/\/jorgezanoni.com.br\/2019\/wp-content\/uploads\/2023\/08\/coz5-Pequeno.jpg\" alt=\"\" width=\"710\" height=\"480\" srcset=\"https:\/\/jorgezanoni.com.br\/2019\/wp-content\/uploads\/2023\/08\/coz5-Pequeno.jpg 710w, https:\/\/jorgezanoni.com.br\/2019\/wp-content\/uploads\/2023\/08\/coz5-Pequeno-300x203.jpg 300w, https:\/\/jorgezanoni.com.br\/2019\/wp-content\/uploads\/2023\/08\/coz5-Pequeno-696x471.jpg 696w, https:\/\/jorgezanoni.com.br\/2019\/wp-content\/uploads\/2023\/08\/coz5-Pequeno-621x420.jpg 621w\" sizes=\"auto, (max-width: 710px) 100vw, 710px\" \/><\/p>\n<p>&nbsp;<\/p>\n","protected":false},"excerpt":{"rendered":"<p>\u201cEu quero morrer de jeans.\u201d (Andy Warhol)\u00a0 \u201cCoisas que nunca saem de moda: Jeans, Vestido Preto e Sorrisos.\u201d (Camila Kayane Medeiros)\u00a0 S\u00e9rgio Barbosa \/ ACEA\u00a0 A maioria das ORGANIZA\u00c7\u00d5ES possuem em suas trajet\u00f3rias muitas HIST\u00d3RIAS sobre o in\u00edcio das atividades, bem como, aquelas PERSONAGENS que fizeram e ainda, fazem parte do DESENVOLVIMENTO organizacional&#8230; Na realidade, [&hellip;]<\/p>\n","protected":false},"author":1,"featured_media":78913,"comment_status":"closed","ping_status":"open","sticky":false,"template":"","format":"standard","meta":{"footnotes":""},"categories":[195,179,110],"tags":[],"class_list":["post-78911","post","type-post","status-publish","format-standard","has-post-thumbnail","hentry","category-adamantina","category-cidadeseregiao","category-noticiasdestaque"],"_links":{"self":[{"href":"https:\/\/jorgezanoni.com.br\/2019\/wp-json\/wp\/v2\/posts\/78911","targetHints":{"allow":["GET"]}}],"collection":[{"href":"https:\/\/jorgezanoni.com.br\/2019\/wp-json\/wp\/v2\/posts"}],"about":[{"href":"https:\/\/jorgezanoni.com.br\/2019\/wp-json\/wp\/v2\/types\/post"}],"author":[{"embeddable":true,"href":"https:\/\/jorgezanoni.com.br\/2019\/wp-json\/wp\/v2\/users\/1"}],"replies":[{"embeddable":true,"href":"https:\/\/jorgezanoni.com.br\/2019\/wp-json\/wp\/v2\/comments?post=78911"}],"version-history":[{"count":1,"href":"https:\/\/jorgezanoni.com.br\/2019\/wp-json\/wp\/v2\/posts\/78911\/revisions"}],"predecessor-version":[{"id":78916,"href":"https:\/\/jorgezanoni.com.br\/2019\/wp-json\/wp\/v2\/posts\/78911\/revisions\/78916"}],"wp:featuredmedia":[{"embeddable":true,"href":"https:\/\/jorgezanoni.com.br\/2019\/wp-json\/wp\/v2\/media\/78913"}],"wp:attachment":[{"href":"https:\/\/jorgezanoni.com.br\/2019\/wp-json\/wp\/v2\/media?parent=78911"}],"wp:term":[{"taxonomy":"category","embeddable":true,"href":"https:\/\/jorgezanoni.com.br\/2019\/wp-json\/wp\/v2\/categories?post=78911"},{"taxonomy":"post_tag","embeddable":true,"href":"https:\/\/jorgezanoni.com.br\/2019\/wp-json\/wp\/v2\/tags?post=78911"}],"curies":[{"name":"wp","href":"https:\/\/api.w.org\/{rel}","templated":true}]}}